{"id":98399,"date":"2016-11-30T21:17:22","date_gmt":"2016-12-01T00:17:22","guid":{"rendered":"http:\/\/senoticias.com.br\/se\/?p=98399"},"modified":"2016-11-30T21:30:17","modified_gmt":"2016-12-01T00:30:17","slug":"confira-o-calendario-de-pagamento-de-novembro-do-servidores-do-estado","status":"publish","type":"post","link":"https:\/\/senoticias.com.br\/se\/confira-o-calendario-de-pagamento-de-novembro-do-servidores-do-estado\/","title":{"rendered":"Confira o calend\u00e1rio de pagamento dos Servidores do Estado"},"content":{"rendered":"<p style=\"text-align: justify;\">O Governo do Estado inicia o pagamento integral da folha de servidores nesta quinta-feira, dia 1\u00b0, quando paga aos servidores da Educa\u00e7\u00e3o.<\/p>\n<div id=\"attachment_81277\" style=\"width: 608px\" class=\"wp-caption aligncenter\"><img loading=\"lazy\" decoding=\"async\" aria-describedby=\"caption-attachment-81277\" class=\"size-full wp-image-81277\" src=\"http:\/\/senoticias.com.br\/se\/wp-content\/uploads\/2015\/06\/cms-image-000348333-e1440424419638.jpg\" alt=\" Governo do Estado anuncia calend\u00e1rio de pagamento (Foto: Reprodu\u00e7\u00e3o) \" width=\"598\" height=\"351\" \/><p id=\"caption-attachment-81277\" class=\"wp-caption-text\"><br \/>Governo do Estado anuncia calend\u00e1rio de pagamento de novembro. (Foto: Reprodu\u00e7\u00e3o)<\/p><\/div>\n<p style=\"text-align: justify;\">O calend\u00e1rio referente ao m\u00eas de novembro ocorrer\u00e1 da seguinte forma:<\/p>\n<p style=\"text-align: justify;\">Dia 01\/12- recebem integralmente os servidores da Educa\u00e7\u00e3o, funcion\u00e1rios da Segrase, Ipesa\u00fade, aposentados e pensionistas do Funprev e aposentados do magist\u00e9rio ligados ao Finanprev;<\/p>\n<p style=\"text-align: justify;\">Dia 07\/12- recebem os funcion\u00e1rios da Emdagro, Cohidro, Emgetis, Emsetur, Codise, Cehop, Pronese, Samu e celetistas das Funda\u00e7\u00f5es de Sa\u00fade;<\/p>\n<p style=\"text-align: justify;\">Dia 10\/12- recebem os funcion\u00e1rios estatut\u00e1rios da Sa\u00fade e Funda\u00e7\u00f5es de Sa\u00fade, DER, Adema, Jusece, Detran, Fapitec, Funda\u00e7\u00e3o Renascer e demais secretarias de Estado;<\/p>\n<p style=\"text-align: justify;\">Dia 14\/12- recebem os aposentados e pensionistas do Finanprev, exceto aposentados do magist\u00e9rio, cujos vencimentos foram pagos dia 1\u00b0.<\/p>\n<p style=\"text-align: justify;\"><strong>Acompanhe tamb\u00e9m o SE Not\u00edcias no<\/strong><strong>\u00a0<\/strong><strong><a href=\"https:\/\/twitter.com\/Senoticias\">Twitter<\/a>,<\/strong><strong>\u00a0<\/strong><strong><a href=\"https:\/\/www.facebook.com\/senoticias1\">Facebook<\/a><\/strong><strong>\u00a0<\/strong><strong>e no<\/strong><a href=\"https:\/\/www.instagram.com\/senoticias\/\"><strong>\u00a0<\/strong><strong>Instagram<\/strong><\/a><\/p>\n<p style=\"text-align: justify;\"><em>Informa\u00e7\u00f5es da Ag\u00eancia Sergipe de Not\u00edcias<\/em><\/p>\n","protected":false},"excerpt":{"rendered":"<p>O Governo do Estado inicia o pagamento integral da folha de servidores nesta quinta-feira, dia 1\u00b0, quando paga aos servidores da Educa\u00e7\u00e3o. O calend\u00e1rio referente ao m\u00eas de novembro ocorrer\u00e1 da seguinte forma: Dia 01\/12- recebem integralmente os servidores da Educa\u00e7\u00e3o, funcion\u00e1rios da Segrase, Ipesa\u00fade, aposentados e pensionistas do Funprev e aposentados do magist\u00e9rio ligados [&hellip;]<\/p>\n","protected":false},"author":2,"featured_media":81277,"comment_status":"closed","ping_status":"closed","sticky":false,"template":"","format":"standard","meta":{"footnotes":""},"categories":[15],"tags":[],"class_list":{"0":"post-98399","1":"post","2":"type-post","3":"status-publish","4":"format-standard","5":"has-post-thumbnail","7":"category-destaques"},"_links":{"self":[{"href":"https:\/\/senoticias.com.br\/se\/wp-json\/wp\/v2\/posts\/98399"}],"collection":[{"href":"https:\/\/senoticias.com.br\/se\/wp-json\/wp\/v2\/posts"}],"about":[{"href":"https:\/\/senoticias.com.br\/se\/wp-json\/wp\/v2\/types\/post"}],"author":[{"embeddable":true,"href":"https:\/\/senoticias.com.br\/se\/wp-json\/wp\/v2\/users\/2"}],"replies":[{"embeddable":true,"href":"https:\/\/senoticias.com.br\/se\/wp-json\/wp\/v2\/comments?post=98399"}],"version-history":[{"count":0,"href":"https:\/\/senoticias.com.br\/se\/wp-json\/wp\/v2\/posts\/98399\/revisions"}],"wp:featuredmedia":[{"embeddable":true,"href":"https:\/\/senoticias.com.br\/se\/wp-json\/wp\/v2\/media\/81277"}],"wp:attachment":[{"href":"https:\/\/senoticias.com.br\/se\/wp-json\/wp\/v2\/media?parent=98399"}],"wp:term":[{"taxonomy":"category","embeddable":true,"href":"https:\/\/senoticias.com.br\/se\/wp-json\/wp\/v2\/categories?post=98399"},{"taxonomy":"post_tag","embeddable":true,"href":"https:\/\/senoticias.com.br\/se\/wp-json\/wp\/v2\/tags?post=98399"}],"curies":[{"name":"wp","href":"https:\/\/api.w.org\/{rel}","templated":true}]}}