{"id":98396,"date":"2016-11-30T17:40:14","date_gmt":"2016-11-30T20:40:14","guid":{"rendered":"http:\/\/senoticias.com.br\/se\/?p=98396"},"modified":"2016-11-30T17:40:14","modified_gmt":"2016-11-30T20:40:14","slug":"delegados-de-policia-entregam-delegacias-suspendem-plantoes-e-visitas-a-presos","status":"publish","type":"post","link":"https:\/\/senoticias.com.br\/se\/delegados-de-policia-entregam-delegacias-suspendem-plantoes-e-visitas-a-presos\/","title":{"rendered":"Delegados de pol\u00edcia entregam delegacias, suspendem plant\u00f5es e visitas a presos"},"content":{"rendered":"<p style=\"text-align: justify;\">A Associa\u00e7\u00e3o dos Delegados de Pol\u00edcia Civil do Estado &#8211; Adepol comunica que, em assembleia geral extraordin\u00e1ria realizada na manh\u00e3 de hoje, 30\/11, os Delegados de Pol\u00edcia, insatisfeitos com o descaso do Governo em rela\u00e7\u00e3o ao atendimento das propostas apresentadas pela categoria, inconformados com o tratamento\u00a0 discriminat\u00f3rio entre as Carreiras de Estado do Poder Executivo e temerosos quanto ao crescente n\u00famero de presos nas delegacias de pol\u00edcia, em raz\u00e3o da fal\u00eancia do sistema prisional e da inexist\u00eancia de uma pol\u00edtica\u00a0 penitenci\u00e1ria eficiente, decidiram, por unanimidade, adotar as seguintes medidas:<\/p>\n<div id=\"attachment_74522\" style=\"width: 604px\" class=\"wp-caption aligncenter\"><img loading=\"lazy\" decoding=\"async\" aria-describedby=\"caption-attachment-74522\" class=\"size-full wp-image-74522\" src=\"http:\/\/senoticias.com.br\/se\/wp-content\/uploads\/2015\/01\/DSC_1695.jpg\" alt=\"Delegados suspendem plant\u00f5es em delegacias, informa  Paulo M\u00e1rcio. (Foto: arquivo\/SE Not\u00edcias)\" width=\"594\" height=\"892\" srcset=\"https:\/\/senoticias.com.br\/se\/wp-content\/uploads\/2015\/01\/DSC_1695.jpg 594w, https:\/\/senoticias.com.br\/se\/wp-content\/uploads\/2015\/01\/DSC_1695-199x300.jpg 199w, https:\/\/senoticias.com.br\/se\/wp-content\/uploads\/2015\/01\/DSC_1695-342x513.jpg 342w, https:\/\/senoticias.com.br\/se\/wp-content\/uploads\/2015\/01\/DSC_1695-300x450.jpg 300w\" sizes=\"(max-width: 594px) 100vw, 594px\" \/><p id=\"caption-attachment-74522\" class=\"wp-caption-text\">Delegados suspendem plant\u00f5es em delegacias, informa presidente da Adepol,Paulo M\u00e1rcio. (Foto: arquivo\/SE Not\u00edcias)<\/p><\/div>\n<p style=\"text-align: justify;\">\n<p><strong>1.<\/strong> Suspens\u00e3o dos plant\u00f5es extraordin\u00e1rios na capital e interior do Estado a partir das 18h do dia 30\/11;<\/p>\n<p><strong>2.<\/strong> Entrega das delegacias acumuladas ilegalmente no interior do Estado, a partir das 8h do dia 01\/12;<\/p>\n<p><strong>3.<\/strong> Atendimento restrito \u00e0 lavratura de autos de pris\u00e3o em flagrante, termos de ocorr\u00eancia circunstanciado e expedi\u00e7\u00e3o de guias de exame pericial a partir das 8h do dia 01\/12; e<\/p>\n<p><strong>4.<\/strong> Suspens\u00e3o das visitas aos presos custodiados nas delegacias da capital e interior a partir das 8h do dia 01\/12.<\/p>\n<p>No ensejo, a Adepol convoca todos os Delegados de Pol\u00edcia para uma concentra\u00e7\u00e3o amanh\u00e3, 01\/12, a partir das 8h, em frente ao Pal\u00e1cio de Despachos.\u00a0<img loading=\"lazy\" decoding=\"async\" class=\"aligncenter size-full wp-image-98386\" src=\"http:\/\/senoticias.com.br\/se\/wp-content\/uploads\/2016\/11\/Logo-fone-1-2-1-5.jpg\" alt=\"logo-fone-1-2-1\" width=\"599\" height=\"78\" srcset=\"https:\/\/senoticias.com.br\/se\/wp-content\/uploads\/2016\/11\/Logo-fone-1-2-1-5.jpg 599w, https:\/\/senoticias.com.br\/se\/wp-content\/uploads\/2016\/11\/Logo-fone-1-2-1-5-300x39.jpg 300w\" sizes=\"(max-width: 599px) 100vw, 599px\" \/><br \/>\n<em><strong>Acompanhe tamb\u00e9m o SE Not\u00edcias no<\/strong><strong>\u00a0<\/strong><strong><a href=\"https:\/\/twitter.com\/Senoticias\">Twitter<\/a>,<\/strong><strong>\u00a0<\/strong><strong><a href=\"https:\/\/www.facebook.com\/senoticias1\">Facebook<\/a><\/strong><strong>\u00a0<\/strong><strong>e no<\/strong><a href=\"https:\/\/www.instagram.com\/senoticias\/\"><strong>\u00a0<\/strong><strong>Instagram<\/strong><\/a><\/em><\/p>\n<p>Paulo M\u00e1rcio Ramos Cruz<br \/>\nPresidente da ADEPOL<\/p>\n","protected":false},"excerpt":{"rendered":"<p>A Associa\u00e7\u00e3o dos Delegados de Pol\u00edcia Civil do Estado &#8211; Adepol comunica que, em assembleia geral extraordin\u00e1ria realizada na manh\u00e3 de hoje, 30\/11, os Delegados de Pol\u00edcia, insatisfeitos com o descaso do Governo em rela\u00e7\u00e3o ao atendimento das propostas apresentadas pela categoria, inconformados com o tratamento\u00a0 discriminat\u00f3rio entre as Carreiras de Estado do Poder Executivo [&hellip;]<\/p>\n","protected":false},"author":2,"featured_media":74522,"comment_status":"closed","ping_status":"closed","sticky":false,"template":"","format":"standard","meta":{"footnotes":""},"categories":[15,7],"tags":[],"class_list":{"0":"post-98396","1":"post","2":"type-post","3":"status-publish","4":"format-standard","5":"has-post-thumbnail","7":"category-destaques","8":"category-policia"},"_links":{"self":[{"href":"https:\/\/senoticias.com.br\/se\/wp-json\/wp\/v2\/posts\/98396"}],"collection":[{"href":"https:\/\/senoticias.com.br\/se\/wp-json\/wp\/v2\/posts"}],"about":[{"href":"https:\/\/senoticias.com.br\/se\/wp-json\/wp\/v2\/types\/post"}],"author":[{"embeddable":true,"href":"https:\/\/senoticias.com.br\/se\/wp-json\/wp\/v2\/users\/2"}],"replies":[{"embeddable":true,"href":"https:\/\/senoticias.com.br\/se\/wp-json\/wp\/v2\/comments?post=98396"}],"version-history":[{"count":0,"href":"https:\/\/senoticias.com.br\/se\/wp-json\/wp\/v2\/posts\/98396\/revisions"}],"wp:featuredmedia":[{"embeddable":true,"href":"https:\/\/senoticias.com.br\/se\/wp-json\/wp\/v2\/media\/74522"}],"wp:attachment":[{"href":"https:\/\/senoticias.com.br\/se\/wp-json\/wp\/v2\/media?parent=98396"}],"wp:term":[{"taxonomy":"category","embeddable":true,"href":"https:\/\/senoticias.com.br\/se\/wp-json\/wp\/v2\/categories?post=98396"},{"taxonomy":"post_tag","embeddable":true,"href":"https:\/\/senoticias.com.br\/se\/wp-json\/wp\/v2\/tags?post=98396"}],"curies":[{"name":"wp","href":"https:\/\/api.w.org\/{rel}","templated":true}]}}