{"id":98391,"date":"2016-11-30T14:05:42","date_gmt":"2016-11-30T17:05:42","guid":{"rendered":"http:\/\/senoticias.com.br\/se\/?p=98391"},"modified":"2016-12-04T10:40:20","modified_gmt":"2016-12-04T13:40:20","slug":"prefeitos-eleitos-participam-de-seminario-estadual-sobre-saude","status":"publish","type":"post","link":"https:\/\/senoticias.com.br\/se\/prefeitos-eleitos-participam-de-seminario-estadual-sobre-saude\/","title":{"rendered":"Prefeitos eleitos participam de Semin\u00e1rio\u00a0 Estadual sobre Sa\u00fade"},"content":{"rendered":"<p style=\"text-align: justify;\">Entender o mecanismo de capta\u00e7\u00e3o de recursos e sua aplica\u00e7\u00e3o correta, conhecer os diversos programas do Minist\u00e9rio da Sa\u00fade, a quest\u00e3o dos repasses e o planejamento do SUS s\u00e3o apenas algumas das quest\u00f5es tratadas durante o I Semin\u00e1rio Estadual de Sa\u00fade para os Prefeitos Eleitos. O evento, realizado nesta quarta-feira, 30, na Universidade Tiradentes, \u00e9 uma iniciativa do Governo do Estado, atrav\u00e9s da Secretaria de Estado da Sa\u00fade (SES), e reuniu prefeitos dos 75 munic\u00edpios e gestores de Sa\u00fade.<\/p>\n<div id=\"attachment_98392\" style=\"width: 609px\" class=\"wp-caption aligncenter\"><img loading=\"lazy\" decoding=\"async\" aria-describedby=\"caption-attachment-98392\" class=\"size-full wp-image-98392\" src=\"http:\/\/senoticias.com.br\/se\/wp-content\/uploads\/2016\/11\/Marcos-Santana-e1480525296973.jpg\" alt=\"Evento teve como objetivo discutir o planejamento do SUS e reuniu prefeito e vices-prefeitos de todo o estado. (Foto: Marcelle Cristinne\/ASN)\" width=\"599\" height=\"410\" \/><p id=\"caption-attachment-98392\" class=\"wp-caption-text\">Evento teve como objetivo discutir o planejamento do SUS e reuniu prefeito e vices-prefeitos de todo o estado. (Foto: Marcelle Cristinne\/ASN)<\/p><\/div>\n<p style=\"text-align: justify;\">O governador Jackson Barreto participou da abertura do Semin\u00e1rio e defendeu a necessidade de parceria entre Governo e Munic\u00edpios para a gest\u00e3o eficiente da sa\u00fade no Estado. \u201cN\u00f3s precisamos trabalhar em parceria e discutir o que \u00e9 papel do SUS, dos munic\u00edpios, do Estado e da Uni\u00e3o. N\u00f3s sabemos que hoje, com a crise que estamos enfrentando, os recursos da sa\u00fade est\u00e3o menores. Por isso, a Secretaria da Sa\u00fade faz um chamamento aos prefeitos para mostrar a responsabilidade de cada munic\u00edpio, como o SUS atua e de que forma se pode estabelecer parcerias entre a gest\u00e3o estadual e as prefeituras municipais. Sa\u00fade n\u00e3o tem partido e estamos aqui para esclarecer as compet\u00eancias de cada um e firmarmos parcerias para melhor atender a popula\u00e7\u00e3o. A sa\u00fade se faz com recursos e com capacidade de acolhimento e cora\u00e7\u00e3o. Isso faz parte da nossa consci\u00eancia\u201d, declarou.<\/p>\n<div id=\"attachment_98393\" style=\"width: 609px\" class=\"wp-caption aligncenter\"><img loading=\"lazy\" decoding=\"async\" aria-describedby=\"caption-attachment-98393\" class=\"size-full wp-image-98393\" src=\"http:\/\/senoticias.com.br\/se\/wp-content\/uploads\/2016\/11\/4f96ef8a56a94528492b77c356bbbdd7-e1480525449640.jpg\" alt=\"O governador Jackson Barreto participou da abertura do Semin\u00e1rio e defendeu a necessidade de parceria entre Governo e Munic\u00edpios para a gest\u00e3o eficiente da sa\u00fade no Estado \/Foto: Marcelle Cristinne\/ASN\" width=\"599\" height=\"407\" \/><p id=\"caption-attachment-98393\" class=\"wp-caption-text\">O governador Jackson Barreto participou da abertura do Semin\u00e1rio e defendeu a necessidade de parceria entre Governo e Munic\u00edpios para a gest\u00e3o eficiente da sa\u00fade no Estado \/Foto: Marcelle Cristinne\/ASN<\/p><\/div>\n<p style=\"text-align: justify;\">\u201cN\u00f3s precisamos dos 75 munic\u00edpios, dos 75 gestores municipais, para que a gente possa instituir essas pol\u00edticas p\u00fablicas e qualificar essa assist\u00eancia. A sa\u00fade do Estado n\u00e3o pode ir bem se munic\u00edpio A ou B n\u00e3o est\u00e1 integrado e n\u00e3o faz sua parte\u201d, explicou a secret\u00e1ria de Estado da Sa\u00fade, Concei\u00e7\u00e3o Mendon\u00e7a, que ressaltou ainda que a SES passar\u00e1 para cada gestor o quadro da Sa\u00fade em seu munic\u00edpio, para que medidas possam ser tomadas para refor\u00e7ar a qualidade da aten\u00e7\u00e3o prim\u00e1ria. \u201cA aten\u00e7\u00e3o prim\u00e1ria \u00e9 muito importante, \u00e9 a porta de entrada para a sa\u00fade p\u00fablica. Queremos construir essa rede integrada\u201d.<\/p>\n<p><strong>Prefeitos Eleitos<\/strong><\/p>\n<p style=\"text-align: justify;\">Para o prefeito eleito de Aracaju, Edvaldo Nogueira, al\u00e9m de se repensar o SUS, \u00e9 necess\u00e1rio operar mudan\u00e7as na gest\u00e3o da sa\u00fade nos munic\u00edpios. \u201cSei que a sa\u00fade est\u00e1 vivendo um momento de muita dificuldade e, neste momento, precisamos repensar o SUS. \u00c9 fundamental que os munic\u00edpios fortale\u00e7am a aten\u00e7\u00e3o prim\u00e1ria para desafogar a m\u00e9dia e alta complexidade e melhorar o atendimento da m\u00e9dia e alta complexidade\u201d, disse.<\/p>\n<p style=\"text-align: justify;\">\u201c\u00c9 uma preocupa\u00e7\u00e3o do nosso governador e da Secretaria de Sa\u00fade a promo\u00e7\u00e3o de maior integra\u00e7\u00e3o entre Estado e Munic\u00edpio. Este evento \u00e9 de uma import\u00e2ncia fundamental. N\u00e3o deve existir segrega\u00e7\u00e3o na Sa\u00fade. Temos que promover a melhor qualidade no atendimento ao cidad\u00e3o e verdadeiramente salvar vidas\u201d, apontou a prefeita reeleita de Malhador, Elayne de Ded\u00e9.<\/p>\n<p style=\"text-align: justify;\">Reeleito na Barra dos Coqueiros, Airton Martins elogiou a iniciativa do Governo em preparar os gestores para a administra\u00e7\u00e3o correta dos recursos da Sa\u00fade. \u00a0\u201c\u00c9 muito importante essa iniciativa para os prefeitos que v\u00e3o chegando e os que foram reeleitos. A sa\u00fade \u00e9 prioridade \u00a0de nossa gest\u00e3o e estamos aqui para encontramos solu\u00e7\u00f5es e melhorias conjuntas\u201d.<\/p>\n<p style=\"text-align: justify;\">Tal opini\u00e3o tamb\u00e9m \u00e9 partilhada pelo prefeito eleito de S\u00e3o Crist\u00f3v\u00e3o, Marcos Santana. \u201cA realiza\u00e7\u00e3o deste evento \u00e9 muito importante. Estamos chegando e precisamos saber dessas pol\u00edticas, da gest\u00e3o de recursos para que possamos atender a popula\u00e7\u00e3o da melhor forma poss\u00edvel a partir de janeiro\u201d.<\/p>\n<p><strong>Investimentos em Sa\u00fade<\/strong><\/p>\n<p style=\"text-align: justify;\">Nos \u00faltimos nove anos, o Governo do Estado empreendeu um vasto n\u00famero de a\u00e7\u00f5es na \u00e1rea da sa\u00fade. \u00a0Seis hospitais regionais foram inaugurados (Lagarto, Propri\u00e1, Est\u00e2ncia, Nossa Senhora do Socorro, Itabaiana e Nossa Senhora da Gl\u00f3ria) , al\u00e9m de quatro UPA&#8217;s (Boquim, Sim\u00e3o Dias, Po\u00e7o Redondo e Porto da Folha). Houve ainda a entrega de parte da obra de S\u00e3o Crist\u00f3v\u00e3o e entrega do novo setor de urg\u00eancia do Hospital de Tobias Barreto. Foram inauguradas tamb\u00e9m 88 Cl\u00ednicas de Sa\u00fade da Fam\u00edlia, distribu\u00eddas estrategicamente em 75 munic\u00edpios do estado.<\/p>\n<p>Apenas no Hospital de Urg\u00eancia de Sergipe, foram investidos mais de R$40 milh\u00f5es em reformas e adequa\u00e7\u00f5es, com interven\u00e7\u00f5es no Pronto Socorro, Centro Cir\u00fargico, unidade pedi\u00e1trica, UTI e centro de oncologia e radiologia. Em julho, A rede estadual de urg\u00eancia e emerg\u00eancia hospitalar de Sergipe recebeu mais de 700 novos equipamentos m\u00e9dico-hospitalares de alta complexidade, adquiridos com recursos na faixa de R$ 4,2 milh\u00f5es, frutos do Proinveste.<\/p>\n<p><strong>Presen\u00e7as<\/strong><\/p>\n<p style=\"text-align: justify;\">Participaram do evento o vice-governador Belivaldo Chagas; o secret\u00e1rio de Estado da Comunica\u00e7\u00e3o Social, Sales Neto; \u00a0o secret\u00e1rio Executivo do Conselho Nacional dos Secret\u00e1rios de Sa\u00fade ( Conass), Jurandir Frutuoso e o diretor da Segrase e ex-secret\u00e1rio de Sa\u00fade, Jos\u00e9 Sobral.<\/p>\n<p style=\"text-align: justify;\"><img loading=\"lazy\" decoding=\"async\" class=\"aligncenter size-full wp-image-98386\" src=\"http:\/\/senoticias.com.br\/se\/wp-content\/uploads\/2016\/11\/Logo-fone-1-2-1-5.jpg\" alt=\"logo-fone-1-2-1\" width=\"599\" height=\"78\" srcset=\"https:\/\/senoticias.com.br\/se\/wp-content\/uploads\/2016\/11\/Logo-fone-1-2-1-5.jpg 599w, https:\/\/senoticias.com.br\/se\/wp-content\/uploads\/2016\/11\/Logo-fone-1-2-1-5-300x39.jpg 300w\" sizes=\"(max-width: 599px) 100vw, 599px\" \/><\/p>\n<p style=\"text-align: justify;\"><strong>Acompanhe tamb\u00e9m o SE Not\u00edcias no<\/strong><strong>\u00a0<\/strong><strong><a href=\"https:\/\/twitter.com\/Senoticias\">Twitter<\/a>,<\/strong><strong>\u00a0<\/strong><strong><a href=\"https:\/\/www.facebook.com\/senoticias1\">Facebook<\/a><\/strong><strong>\u00a0<\/strong><strong>e no<\/strong><a href=\"https:\/\/www.instagram.com\/senoticias\/\"><strong>\u00a0<\/strong><strong>Instagram<\/strong><\/a><\/p>\n<p style=\"text-align: justify;\"><em>Ag\u00eancia Sergipe de Not\u00edcias<\/em><\/p>\n","protected":false},"excerpt":{"rendered":"<p>Entender o mecanismo de capta\u00e7\u00e3o de recursos e sua aplica\u00e7\u00e3o correta, conhecer os diversos programas do Minist\u00e9rio da Sa\u00fade, a quest\u00e3o dos repasses e o planejamento do SUS s\u00e3o apenas algumas das quest\u00f5es tratadas durante o I Semin\u00e1rio Estadual de Sa\u00fade para os Prefeitos Eleitos. O evento, realizado nesta quarta-feira, 30, na Universidade Tiradentes, \u00e9 [&hellip;]<\/p>\n","protected":false},"author":2,"featured_media":98392,"comment_status":"closed","ping_status":"closed","sticky":false,"template":"","format":"standard","meta":{"footnotes":""},"categories":[1461,38],"tags":[],"class_list":{"0":"post-98391","1":"post","2":"type-post","3":"status-publish","4":"format-standard","5":"has-post-thumbnail","7":"category-eleicoes-2016","8":"category-municipios"},"_links":{"self":[{"href":"https:\/\/senoticias.com.br\/se\/wp-json\/wp\/v2\/posts\/98391"}],"collection":[{"href":"https:\/\/senoticias.com.br\/se\/wp-json\/wp\/v2\/posts"}],"about":[{"href":"https:\/\/senoticias.com.br\/se\/wp-json\/wp\/v2\/types\/post"}],"author":[{"embeddable":true,"href":"https:\/\/senoticias.com.br\/se\/wp-json\/wp\/v2\/users\/2"}],"replies":[{"embeddable":true,"href":"https:\/\/senoticias.com.br\/se\/wp-json\/wp\/v2\/comments?post=98391"}],"version-history":[{"count":0,"href":"https:\/\/senoticias.com.br\/se\/wp-json\/wp\/v2\/posts\/98391\/revisions"}],"wp:featuredmedia":[{"embeddable":true,"href":"https:\/\/senoticias.com.br\/se\/wp-json\/wp\/v2\/media\/98392"}],"wp:attachment":[{"href":"https:\/\/senoticias.com.br\/se\/wp-json\/wp\/v2\/media?parent=98391"}],"wp:term":[{"taxonomy":"category","embeddable":true,"href":"https:\/\/senoticias.com.br\/se\/wp-json\/wp\/v2\/categories?post=98391"},{"taxonomy":"post_tag","embeddable":true,"href":"https:\/\/senoticias.com.br\/se\/wp-json\/wp\/v2\/tags?post=98391"}],"curies":[{"name":"wp","href":"https:\/\/api.w.org\/{rel}","templated":true}]}}