{"id":98320,"date":"2016-11-28T10:36:29","date_gmt":"2016-11-28T13:36:29","guid":{"rendered":"http:\/\/senoticias.com.br\/se\/?p=98320"},"modified":"2016-11-28T10:41:38","modified_gmt":"2016-11-28T13:41:38","slug":"prefeitos-de-sergipe-eleitos-em-2016-discutirao-administracao-publica","status":"publish","type":"post","link":"https:\/\/senoticias.com.br\/se\/prefeitos-de-sergipe-eleitos-em-2016-discutirao-administracao-publica\/","title":{"rendered":"Prefeitos de Sergipe eleitos em 2016 discutir\u00e3o administra\u00e7\u00e3o p\u00fablica"},"content":{"rendered":"<p class=\"m_7638087841744259068gmail-xxmsonormal\" style=\"text-align: justify;\">A Federa\u00e7\u00e3o dos Munic\u00edpios do Estado de Sergipe (Fames) realizar\u00e1 o 1\u00ba semin\u00e1rio &#8220;Construindo o futuro: os caminhos para uma gest\u00e3o p\u00fablica eficiente&#8221;, destinado a todos os prefeitos eleitos e reeleitos de Sergipe no \u00faltimo pleito. O evento ser\u00e1 realizado no dia 2 de dezembro (sexta-feira), \u00e0s 9h, no Hotel Mercure, em Aracaju. Mais de dez palestrantes reunir\u00e3o temas com o objetivo de discutir a administra\u00e7\u00e3o p\u00fablica, a gest\u00e3o em excel\u00eancia, o desenvolvimento regional e programas e pol\u00edticas p\u00fablicas.<\/p>\n<div id=\"attachment_98321\" style=\"width: 540px\" class=\"wp-caption aligncenter\"><img loading=\"lazy\" decoding=\"async\" aria-describedby=\"caption-attachment-98321\" class=\"size-full wp-image-98321\" src=\"http:\/\/senoticias.com.br\/se\/wp-content\/uploads\/2016\/11\/Superintedente-da-caixa-em-Sergipe-SE-noticias.jpg\" alt=\"Superintendente em exerc\u00edcio da Caixa Econ\u00f4mica Federal em SE, Marco Antonio Queiroz. (Foto: arquivo CEF\/SE)\" width=\"530\" height=\"425\" srcset=\"https:\/\/senoticias.com.br\/se\/wp-content\/uploads\/2016\/11\/Superintedente-da-caixa-em-Sergipe-SE-noticias.jpg 530w, https:\/\/senoticias.com.br\/se\/wp-content\/uploads\/2016\/11\/Superintedente-da-caixa-em-Sergipe-SE-noticias-300x241.jpg 300w, https:\/\/senoticias.com.br\/se\/wp-content\/uploads\/2016\/11\/Superintedente-da-caixa-em-Sergipe-SE-noticias-45x35.jpg 45w\" sizes=\"(max-width: 530px) 100vw, 530px\" \/><p id=\"caption-attachment-98321\" class=\"wp-caption-text\">Superintendente da Caixa Econ\u00f4mica Federal em Sergipe, Marco Antonio Queiroz, ser\u00e1 um dos palestrantes. (Foto: arquivo CEF\/SE)<\/p><\/div>\n<p class=\"m_7638087841744259068gmail-xxmsonormal\" style=\"text-align: justify;\">Na primeira parte do evento, o advogado Jorge Elias Menezes dar\u00e1 instru\u00e7\u00f5es de como o gestor pode conseguir recursos para o munic\u00edpio atrav\u00e9s de conv\u00eanios com os governos federal e estadual. \u201cMuitas vezes o prefeito perde verba porque n\u00e3o sabe o passo a passo e os caminhos junto ao parlamentar federal para conquistar verbas dos minist\u00e9rios federais e trazer benef\u00edcios para a popula\u00e7\u00e3o\u201d, afirmou Menezes.<\/p>\n<p class=\"m_7638087841744259068gmail-xxmsonormal\" style=\"text-align: justify;\">O superintendente da Companhia de Desenvolvimento dos Vales do S\u00e3o Francisco e do Parna\u00edba (CODEVASF), C\u00e9sar Mandarino, ser\u00e1 um dos palestrantes e mostrar\u00e1 a\u00e7\u00f5es para a promo\u00e7\u00e3o do desenvolvimento regional da Bacia do S\u00e3o Francisco. \u201cA Bacia do S\u00e3o Francisco precisa de ajuda e estamos aqui para aumentar o desenvolvimento dessa regi\u00e3o e popula\u00e7\u00e3o ribeirinha\u201d, afimou Mandarino.<\/p>\n<p class=\"m_7638087841744259068gmail-xxmsonormal\" style=\"text-align: justify;\">Habita\u00e7\u00e3o, FGTS, emendas OGU e solu\u00e7\u00f5es da Caixa para Estado e munic\u00edpios ser\u00e3o discutidas pelo superintendente da Caixa Econ\u00f4mica Federal, Marco Ant\u00f4nio Queiroz. Propostas de parcerias para pol\u00edticas de assentamento e cadastro rural ser\u00e3o apresentadas pelo superintendente regional do INCRA em Sergipe, Haroldo \u00c1lvaro Freire Ara\u00fajo Filho.<\/p>\n<p class=\"m_7638087841744259068gmail-xxmsonormal\" style=\"text-align: justify;\"><img loading=\"lazy\" decoding=\"async\" class=\"aligncenter size-full wp-image-98211\" src=\"http:\/\/senoticias.com.br\/se\/wp-content\/uploads\/2016\/11\/Logo-fone-1-2-1-3.jpg\" alt=\"logo-fone-1-2-1\" width=\"599\" height=\"78\" srcset=\"https:\/\/senoticias.com.br\/se\/wp-content\/uploads\/2016\/11\/Logo-fone-1-2-1-3.jpg 599w, https:\/\/senoticias.com.br\/se\/wp-content\/uploads\/2016\/11\/Logo-fone-1-2-1-3-300x39.jpg 300w\" sizes=\"(max-width: 599px) 100vw, 599px\" \/><\/p>\n<p class=\"m_7638087841744259068gmail-xxmsonormal\" style=\"text-align: justify;\"><strong>Acompanhe tamb\u00e9m o SE Not\u00edcias no<\/strong><span class=\"apple-converted-space\"><b>\u00a0<\/b><\/span><strong><a href=\"https:\/\/twitter.com\/Senoticias\" target=\"_blank\">Twitter<\/a>,<\/strong><span class=\"apple-converted-space\"><b>\u00a0<\/b><\/span><strong><a href=\"https:\/\/www.facebook.com\/senoticias1\" target=\"_blank\">Facebook<span class=\"apple-converted-space\">\u00a0<\/span><\/a>e no<\/strong><span class=\"apple-converted-space\"><b>\u00a0<\/b><\/span><strong><a href=\"https:\/\/www.instagram.com\/senoticias\/\" target=\"_blank\">Instagram<\/a><\/strong><\/p>\n<div>\n<div class=\"m_7638087841744259068gmail_signature\">\n<div><em><span style=\"font-size: large;\"><b>Da TDantas<\/b><b> <\/b><span style=\"font-size: small;\">Comunica\u00e7\u00e3o e Marketing<\/span><\/span><\/em><\/div>\n<\/div>\n<\/div>\n","protected":false},"excerpt":{"rendered":"<p>A Federa\u00e7\u00e3o dos Munic\u00edpios do Estado de Sergipe (Fames) realizar\u00e1 o 1\u00ba semin\u00e1rio &#8220;Construindo o futuro: os caminhos para uma gest\u00e3o p\u00fablica eficiente&#8221;, destinado a todos os prefeitos eleitos e reeleitos de Sergipe no \u00faltimo pleito. O evento ser\u00e1 realizado no dia 2 de dezembro (sexta-feira), \u00e0s 9h, no Hotel Mercure, em Aracaju. Mais de [&hellip;]<\/p>\n","protected":false},"author":2,"featured_media":98321,"comment_status":"closed","ping_status":"closed","sticky":false,"template":"","format":"standard","meta":{"footnotes":""},"categories":[6],"tags":[],"class_list":{"0":"post-98320","1":"post","2":"type-post","3":"status-publish","4":"format-standard","5":"has-post-thumbnail","7":"category-politica"},"_links":{"self":[{"href":"https:\/\/senoticias.com.br\/se\/wp-json\/wp\/v2\/posts\/98320"}],"collection":[{"href":"https:\/\/senoticias.com.br\/se\/wp-json\/wp\/v2\/posts"}],"about":[{"href":"https:\/\/senoticias.com.br\/se\/wp-json\/wp\/v2\/types\/post"}],"author":[{"embeddable":true,"href":"https:\/\/senoticias.com.br\/se\/wp-json\/wp\/v2\/users\/2"}],"replies":[{"embeddable":true,"href":"https:\/\/senoticias.com.br\/se\/wp-json\/wp\/v2\/comments?post=98320"}],"version-history":[{"count":0,"href":"https:\/\/senoticias.com.br\/se\/wp-json\/wp\/v2\/posts\/98320\/revisions"}],"wp:featuredmedia":[{"embeddable":true,"href":"https:\/\/senoticias.com.br\/se\/wp-json\/wp\/v2\/media\/98321"}],"wp:attachment":[{"href":"https:\/\/senoticias.com.br\/se\/wp-json\/wp\/v2\/media?parent=98320"}],"wp:term":[{"taxonomy":"category","embeddable":true,"href":"https:\/\/senoticias.com.br\/se\/wp-json\/wp\/v2\/categories?post=98320"},{"taxonomy":"post_tag","embeddable":true,"href":"https:\/\/senoticias.com.br\/se\/wp-json\/wp\/v2\/tags?post=98320"}],"curies":[{"name":"wp","href":"https:\/\/api.w.org\/{rel}","templated":true}]}}