{"id":98319,"date":"2016-11-28T08:33:40","date_gmt":"2016-11-28T11:33:40","guid":{"rendered":"http:\/\/senoticias.com.br\/se\/?p=98319"},"modified":"2016-11-28T08:33:40","modified_gmt":"2016-11-28T11:33:40","slug":"sessao-extra-do-tce-para-debater-bloqueio-de-contas-sera-nesta-segunda-feira","status":"publish","type":"post","link":"https:\/\/senoticias.com.br\/se\/sessao-extra-do-tce-para-debater-bloqueio-de-contas-sera-nesta-segunda-feira\/","title":{"rendered":"Sess\u00e3o extra do TCE para debater bloqueio de contas ser\u00e1 nesta segunda-feira"},"content":{"rendered":"<p style=\"text-align: justify;\">Na manh\u00e3 desta\u00a0segunda-feira, 28, \u00e0s 10h, o Tribunal de Contas do Estado (TCE) realizar\u00e1 nova sess\u00e3o extraordin\u00e1ria do Pleno com a finalidade de debater a propositura de bloqueio das contas dos munic\u00edpios sergipanos que se encontram em atraso com o funcionalismo p\u00fablico.<\/p>\n<div id=\"attachment_97670\" style=\"width: 609px\" class=\"wp-caption aligncenter\"><img loading=\"lazy\" decoding=\"async\" aria-describedby=\"caption-attachment-97670\" class=\"size-full wp-image-97670\" src=\"http:\/\/senoticias.com.br\/se\/wp-content\/uploads\/2016\/11\/Pleno-doTCE-SE-Noticias-e1478258499951.jpg\" alt=\"Pleno realizar\u00e1 nova sess\u00e3o extraordin\u00e1ria do Pleno com a finalidade de debater a propositura de bloqueio das contas dos munic\u00edpios sergipanos que se encontram em atraso com o funcionalismo p\u00fablico. julga processos de contas anuais em sess\u00e3o do Pleno. (Foto: Cleverton Ribeiro\/TCE)\" width=\"599\" height=\"400\" \/><p id=\"caption-attachment-97670\" class=\"wp-caption-text\">Pleno realizar\u00e1 nova sess\u00e3o extraordin\u00e1ria do Pleno com a finalidade de debater a propositura de bloqueio das contas dos munic\u00edpios sergipanos que se encontram em atraso com o funcionalismo p\u00fablico. (Foto: Cleverton Ribeiro\/TCE)<\/p><\/div>\n<p style=\"text-align: justify;\">\n<p>Conforme ficou acertado na primeira sess\u00e3o extraordin\u00e1ria, ocorrida na ter\u00e7a-feira, dia 22, os munic\u00edpios ainda pendentes t\u00eam at\u00e9 esta sexta-feira, 25, para comprovar o pagamento dos sal\u00e1rios atrasados sob pena de terem suas contas bloqueadas. O novo prazo decorre dos valores de ICMS recebidos pelos munic\u00edpios na quinta-feira, dia 24.<\/p>\n<p>Na \u00faltima lista de munic\u00edpios pendentes constavam Cumbe, Gararu, Laranjeiras, Maruim, Pacatuba, Ros\u00e1rio do Catete, Santo Amaro das Brotas, <strong>S\u00e3o Crist\u00f3v\u00e3o<\/strong> e Umba\u00faba, cujo prefeito, Jos\u00e9 Silveira Guimar\u00e3es, j\u00e1 oficializou o pagamento integral dos sal\u00e1rios em visita ao conselheiro Carlos Alberto Sobral.<\/p>\n<p>Os conselheiros decidiram ainda n\u00e3o inserir na determina\u00e7\u00e3o os munic\u00edpios cujas contas j\u00e1 est\u00e3o bloqueadas pelo Judici\u00e1rio, casos de Aquidab\u00e3, Telha, Po\u00e7o Redondo e Japoat\u00e3, nem o munic\u00edpio de Aracaju devido \u00e0 recente decis\u00e3o liminar do desembargador Cez\u00e1rio Siqueira Neto, que j\u00e1 obriga a PMA a regularizar o pagamento dos servidores ativos, aposentados e pensionistas.<\/p>\n<p style=\"text-align: justify;\"><img loading=\"lazy\" decoding=\"async\" class=\"aligncenter size-full wp-image-98211\" src=\"http:\/\/senoticias.com.br\/se\/wp-content\/uploads\/2016\/11\/Logo-fone-1-2-1-3.jpg\" alt=\"logo-fone-1-2-1\" width=\"599\" height=\"78\" srcset=\"https:\/\/senoticias.com.br\/se\/wp-content\/uploads\/2016\/11\/Logo-fone-1-2-1-3.jpg 599w, https:\/\/senoticias.com.br\/se\/wp-content\/uploads\/2016\/11\/Logo-fone-1-2-1-3-300x39.jpg 300w\" sizes=\"(max-width: 599px) 100vw, 599px\" \/><\/p>\n<p style=\"text-align: justify;\">\u00a0<strong>Acompanhe tamb\u00e9m o SE Not\u00edcias no<\/strong><span class=\"apple-converted-space\"><b>\u00a0<\/b><\/span><strong><a href=\"https:\/\/twitter.com\/Senoticias\" target=\"_blank\">Twitter<\/a>,<\/strong><span class=\"apple-converted-space\"><b>\u00a0<\/b><\/span><strong><a href=\"https:\/\/www.facebook.com\/senoticias1\" target=\"_blank\">Facebook<span class=\"apple-converted-space\">\u00a0<\/span><\/a>e no<\/strong><span class=\"apple-converted-space\"><b>\u00a0<\/b><\/span><strong><a href=\"https:\/\/www.instagram.com\/senoticias\/\" target=\"_blank\">Instagram<\/a><\/strong><\/p>\n<p style=\"text-align: justify;\"><em>Ascom\/TCE\/SE<\/em><\/p>\n","protected":false},"excerpt":{"rendered":"<p>Na manh\u00e3 desta\u00a0segunda-feira, 28, \u00e0s 10h, o Tribunal de Contas do Estado (TCE) realizar\u00e1 nova sess\u00e3o extraordin\u00e1ria do Pleno com a finalidade de debater a propositura de bloqueio das contas dos munic\u00edpios sergipanos que se encontram em atraso com o funcionalismo p\u00fablico. Conforme ficou acertado na primeira sess\u00e3o extraordin\u00e1ria, ocorrida na ter\u00e7a-feira, dia 22, os [&hellip;]<\/p>\n","protected":false},"author":2,"featured_media":97670,"comment_status":"closed","ping_status":"closed","sticky":false,"template":"","format":"standard","meta":{"footnotes":""},"categories":[6],"tags":[],"class_list":{"0":"post-98319","1":"post","2":"type-post","3":"status-publish","4":"format-standard","5":"has-post-thumbnail","7":"category-politica"},"_links":{"self":[{"href":"https:\/\/senoticias.com.br\/se\/wp-json\/wp\/v2\/posts\/98319"}],"collection":[{"href":"https:\/\/senoticias.com.br\/se\/wp-json\/wp\/v2\/posts"}],"about":[{"href":"https:\/\/senoticias.com.br\/se\/wp-json\/wp\/v2\/types\/post"}],"author":[{"embeddable":true,"href":"https:\/\/senoticias.com.br\/se\/wp-json\/wp\/v2\/users\/2"}],"replies":[{"embeddable":true,"href":"https:\/\/senoticias.com.br\/se\/wp-json\/wp\/v2\/comments?post=98319"}],"version-history":[{"count":0,"href":"https:\/\/senoticias.com.br\/se\/wp-json\/wp\/v2\/posts\/98319\/revisions"}],"wp:featuredmedia":[{"embeddable":true,"href":"https:\/\/senoticias.com.br\/se\/wp-json\/wp\/v2\/media\/97670"}],"wp:attachment":[{"href":"https:\/\/senoticias.com.br\/se\/wp-json\/wp\/v2\/media?parent=98319"}],"wp:term":[{"taxonomy":"category","embeddable":true,"href":"https:\/\/senoticias.com.br\/se\/wp-json\/wp\/v2\/categories?post=98319"},{"taxonomy":"post_tag","embeddable":true,"href":"https:\/\/senoticias.com.br\/se\/wp-json\/wp\/v2\/tags?post=98319"}],"curies":[{"name":"wp","href":"https:\/\/api.w.org\/{rel}","templated":true}]}}