{"id":98318,"date":"2016-11-28T06:29:58","date_gmt":"2016-11-28T09:29:58","guid":{"rendered":"http:\/\/senoticias.com.br\/se\/?p=98318"},"modified":"2016-11-28T06:31:14","modified_gmt":"2016-11-28T09:31:14","slug":"o-globo-valadares-aparece-na-lista-de-senadores-que-se-beneficiam-de-supersalarios","status":"publish","type":"post","link":"https:\/\/senoticias.com.br\/se\/o-globo-valadares-aparece-na-lista-de-senadores-que-se-beneficiam-de-supersalarios\/","title":{"rendered":"O GLOBO: Valadares aparece na lista de senadores que &#8220;se beneficiam de supersal\u00e1rios&#8221;"},"content":{"rendered":"<p style=\"text-align: justify;\">O presidente do Senado, Renan Calheiros (PMDB-AL), mirou em ju\u00edzes e procuradores, mas pode acabar atingindo seus pr\u00f3prios colegas. Em meio \u00e0 discuss\u00e3o sobre a legalidade do pagamento de supersal\u00e1rios nos tr\u00eas Poderes que superam o teto constitucional de R$ 33,7 mil mensais, levantamento do GLOBO mostra que ao menos dez senadores acumulam proventos, recebendo vencimentos bem acima deste valor. Est\u00e3o neste grupo Ant\u00f4nio Carlos Valadares (PSB-SE), Edison Lob\u00e3o (PMDB-MA), Garibaldi Alves (PMDB-RN), Jo\u00e3o Alberto (PMDB-MA), Jorge Viana (PT-AC), Jos\u00e9 Agripino (DEM-RN), Jos\u00e9 Maranh\u00e3o (PMDB-PB), Otto Alencar (PSD-BA), Roberto Requi\u00e3o (PMDB-PR), e Valdir Raupp (PMDB-RO).<\/p>\n<div id=\"attachment_91955\" style=\"width: 609px\" class=\"wp-caption aligncenter\"><img loading=\"lazy\" decoding=\"async\" aria-describedby=\"caption-attachment-91955\" class=\"size-full wp-image-91955\" src=\"http:\/\/senoticias.com.br\/se\/wp-content\/uploads\/2016\/05\/Valadares-que-exige-medicao-individual-de-agua-em-condominios-vai-a-sancao-e1463588053898.jpg\" alt=\"http:\/\/oglobo.globo.com\/brasil\/pelo-menos-10-senadores-se-beneficiam-de-supersalarios-20548837. (Foto: arquivo\/Ascom parlamntar)\" width=\"599\" height=\"399\" \/><p id=\"caption-attachment-91955\" class=\"wp-caption-text\">Valadares envia nota esclarecendo supers\u00e1lario. (Foto: arquivo\/Ascom parlamntar)<\/p><\/div>\n<p style=\"text-align: justify;\">Entre os que informaram seus proventos, o valor da remunera\u00e7\u00e3o total bruta varia entre R$ 52,7 mil a R$ 67,5 mil. A concess\u00e3o de aposentadorias a ex-governadores vem sendo discutida h\u00e1 anos no Supremo Tribunal Federal. Os estados agem no v\u00e1cuo de uma regra federal. At\u00e9 1988, os ex-presidentes da Rep\u00fablica tinham direito ao recebimento de uma aposentadoria. Os governos estaduais ent\u00e3o, replicavam o benef\u00edcio para os chefes do poder local. A Constitui\u00e7\u00e3o de 1988 acabou com a aposentadoria para os presidentes, mas n\u00e3o proibiu explicitamente a concess\u00e3o da pens\u00e3o aos governadores.<\/p>\n<p style=\"text-align: justify;\">Os senadores Ant\u00f4nio Carlos Valadares e Jos\u00e9 Agripino justificaram sua condi\u00e7\u00e3o afirmando que obtiveram as aposentadorias antes da Constitui\u00e7\u00e3o de 1988. Ambos alegam ter direito adquirido. Garibaldi afirmou que sua aposentadoria \u00e9 do per\u00edodo em que foi deputado estadual, entre 1971 e 1985, situa\u00e7\u00e3o tamb\u00e9m anterior \u00e0 mudan\u00e7a da regra constitucional.<\/p>\n<p style=\"text-align: justify;\">Valadares encaminhou ao GLOBO decis\u00e3o do Tribunal Regional da 5\u00b0 Regi\u00e3o de 2012 que julgou legal o recebimento de sua aposentadoria.<\/p>\n<p style=\"text-align: justify;\"><img loading=\"lazy\" decoding=\"async\" class=\"aligncenter size-full wp-image-98211\" src=\"http:\/\/senoticias.com.br\/se\/wp-content\/uploads\/2016\/11\/Logo-fone-1-2-1-3.jpg\" alt=\"logo-fone-1-2-1\" width=\"599\" height=\"78\" srcset=\"https:\/\/senoticias.com.br\/se\/wp-content\/uploads\/2016\/11\/Logo-fone-1-2-1-3.jpg 599w, https:\/\/senoticias.com.br\/se\/wp-content\/uploads\/2016\/11\/Logo-fone-1-2-1-3-300x39.jpg 300w\" sizes=\"(max-width: 599px) 100vw, 599px\" \/><\/p>\n<p style=\"text-align: justify;\">\u00a0<strong>Acompanhe tamb\u00e9m o SE Not\u00edcias no<\/strong><span class=\"apple-converted-space\"><b>\u00a0<\/b><\/span><strong><a href=\"https:\/\/twitter.com\/Senoticias\" target=\"_blank\">Twitter<\/a>,<\/strong><span class=\"apple-converted-space\"><b>\u00a0<\/b><\/span><strong><a href=\"https:\/\/www.facebook.com\/senoticias1\" target=\"_blank\">Facebook<span class=\"apple-converted-space\">\u00a0<\/span><\/a>e no<\/strong><span class=\"apple-converted-space\"><b>\u00a0<\/b><\/span><strong><a href=\"https:\/\/www.instagram.com\/senoticias\/\" target=\"_blank\">Instagram<\/a><\/strong><\/p>\n<p>Leia mat\u00e9ria na \u00edntegra no <a href=\"http:\/\/oglobo.globo.com\/brasil\/pelo-menos-10-senadores-se-beneficiam-de-supersalarios-20548837\"><strong>O Globo<\/strong><\/a><\/p>\n","protected":false},"excerpt":{"rendered":"<p>O presidente do Senado, Renan Calheiros (PMDB-AL), mirou em ju\u00edzes e procuradores, mas pode acabar atingindo seus pr\u00f3prios colegas. Em meio \u00e0 discuss\u00e3o sobre a legalidade do pagamento de supersal\u00e1rios nos tr\u00eas Poderes que superam o teto constitucional de R$ 33,7 mil mensais, levantamento do GLOBO mostra que ao menos dez senadores acumulam proventos, recebendo [&hellip;]<\/p>\n","protected":false},"author":2,"featured_media":91955,"comment_status":"closed","ping_status":"closed","sticky":false,"template":"","format":"standard","meta":{"footnotes":""},"categories":[15],"tags":[],"class_list":{"0":"post-98318","1":"post","2":"type-post","3":"status-publish","4":"format-standard","5":"has-post-thumbnail","7":"category-destaques"},"_links":{"self":[{"href":"https:\/\/senoticias.com.br\/se\/wp-json\/wp\/v2\/posts\/98318"}],"collection":[{"href":"https:\/\/senoticias.com.br\/se\/wp-json\/wp\/v2\/posts"}],"about":[{"href":"https:\/\/senoticias.com.br\/se\/wp-json\/wp\/v2\/types\/post"}],"author":[{"embeddable":true,"href":"https:\/\/senoticias.com.br\/se\/wp-json\/wp\/v2\/users\/2"}],"replies":[{"embeddable":true,"href":"https:\/\/senoticias.com.br\/se\/wp-json\/wp\/v2\/comments?post=98318"}],"version-history":[{"count":0,"href":"https:\/\/senoticias.com.br\/se\/wp-json\/wp\/v2\/posts\/98318\/revisions"}],"wp:featuredmedia":[{"embeddable":true,"href":"https:\/\/senoticias.com.br\/se\/wp-json\/wp\/v2\/media\/91955"}],"wp:attachment":[{"href":"https:\/\/senoticias.com.br\/se\/wp-json\/wp\/v2\/media?parent=98318"}],"wp:term":[{"taxonomy":"category","embeddable":true,"href":"https:\/\/senoticias.com.br\/se\/wp-json\/wp\/v2\/categories?post=98318"},{"taxonomy":"post_tag","embeddable":true,"href":"https:\/\/senoticias.com.br\/se\/wp-json\/wp\/v2\/tags?post=98318"}],"curies":[{"name":"wp","href":"https:\/\/api.w.org\/{rel}","templated":true}]}}