{"id":98313,"date":"2016-11-27T20:41:52","date_gmt":"2016-11-27T23:41:52","guid":{"rendered":"http:\/\/senoticias.com.br\/se\/?p=98313"},"modified":"2016-11-27T20:52:21","modified_gmt":"2016-11-27T23:52:21","slug":"palmeiras-vence-chapecoense-e-ganha-titulo-brasileiro-apos-22-anos","status":"publish","type":"post","link":"https:\/\/senoticias.com.br\/se\/palmeiras-vence-chapecoense-e-ganha-titulo-brasileiro-apos-22-anos\/","title":{"rendered":"Palmeiras vence Chapecoense e ganha t\u00edtulo brasileiro ap\u00f3s 22 anos"},"content":{"rendered":"<p style=\"text-align: justify;\">Palmeiras mostrou que de fato \u00e9 campe\u00e3o na tarde deste domingo. Com a vit\u00f3ria por 1 a 0 sobre a Chapecoense, alcan\u00e7ada no est\u00e1dio Palestra It\u00e1lia, o time alviverde garante o t\u00edtulo brasileiro de maneira antecipada, encerrando um jejum de 22 anos.<\/p>\n<div id=\"attachment_98314\" style=\"width: 609px\" class=\"wp-caption aligncenter\"><img loading=\"lazy\" decoding=\"async\" aria-describedby=\"caption-attachment-98314\" class=\"size-full wp-image-98314\" src=\"http:\/\/senoticias.com.br\/se\/wp-content\/uploads\/2016\/11\/campeao-Palmeiras-SE-Noticias-e1480290179237.jpg\" alt=\"Protagonista de uma campanha com 23 vit\u00f3rias, oito empates e seis derrotas, o Palmeiras tem 77 pontos em 37 jogos e n\u00e3o pode mais ser alcan\u00e7ado pelo Santos.(Foto: Sergio Barzaghi\/Gazeta Press\" width=\"599\" height=\"399\" \/><p id=\"caption-attachment-98314\" class=\"wp-caption-text\">Protagonista de uma campanha com 23 vit\u00f3rias, oito empates e seis derrotas, o Palmeiras tem 77 pontos em 37 jogos e n\u00e3o pode mais ser alcan\u00e7ado pelo Santos. (Foto: Sergio Barzaghi\/Gazeta Press)<\/p><\/div>\n<p style=\"text-align: justify;\">Protagonista de uma campanha com 23 vit\u00f3rias, oito empates e seis derrotas, o Palmeiras tem 77 pontos em 37 jogos e n\u00e3o pode mais ser alcan\u00e7ado pelo Santos. \u00c0s 17 horas (de Bras\u00edlia) de domingo, no Barrad\u00e3o, o time que sabe ser brasileiro se despede contra o Vit\u00f3ria. J\u00e1 a Chapecoense, nona com 52 pontos, recebe o Atl\u00e9tico-MG no mesmo hor\u00e1rio.<\/p>\n<p style=\"text-align: justify;\">Precisando apenas de um empate para ser campe\u00e3o antecipado diante da torcida que canta e vibra, o Palmeiras levou de vencida com um gol do lateral Fabiano. A equipe palestrina n\u00e3o conquistava o t\u00edtulo do Campeonato Brasileiro desde a temporada de 1994.<\/p>\n<div id=\"attachment_98316\" style=\"width: 609px\" class=\"wp-caption aligncenter\"><img loading=\"lazy\" decoding=\"async\" aria-describedby=\"caption-attachment-98316\" class=\"size-full wp-image-98316\" src=\"http:\/\/senoticias.com.br\/se\/wp-content\/uploads\/2016\/11\/Palmeiras-campeao-SE-noticias-e1480290599911.jpg\" alt=\"Mostrando que sabe bem o que vem pela frente, Cuca previu que o Palmeiras ganharia o Brasileiro ainda em abril, logo ap\u00f3s cair na semifinal do Campeonato Paulista. (Foto: Fernando Dantas\/Gazeta Press)\" width=\"599\" height=\"399\" \/><p id=\"caption-attachment-98316\" class=\"wp-caption-text\">Mostrando que sabe bem o que vem pela frente, Cuca previu que o Palmeiras ganharia o Brasileiro ainda em abril, logo ap\u00f3s cair na semifinal do Campeonato Paulista. (Foto: Fernando Dantas\/Gazeta Press)<\/p><\/div>\n<p style=\"text-align: justify;\">O t\u00edtulo alcan\u00e7ado neste domingo \u00e9 o segundo desde a reabertura do Est\u00e1dio Palestra It\u00e1lia, palco da Copa do Brasil 2015. Dono de 13 conquistas nacionais, o Palmeiras amplia a vantagem no quesito sobre Santos e Corinthians, empatados com nove. Pelos crit\u00e9rios da CBF, o Alviverde ainda passa a ser o \u00fanico eneacampe\u00e3o brasileiro.<\/p>\n<p style=\"text-align: justify;\">Mostrando que sabe bem o que vem pela frente, Cuca previu que o Palmeiras ganharia o Brasileiro ainda em abril, logo ap\u00f3s cair na semifinal do Campeonato Paulista. O t\u00e9cnico, vice estadual como jogador em 1992, finalmente ganha uma faixa de campe\u00e3o pelo time do cora\u00e7\u00e3o.<\/p>\n<p style=\"text-align: justify;\">Gabriel Jesus, artilheiro da linha atacante de ra\u00e7a, disputou sua \u00faltima partida com a camisa do Palmeiras no Palestra It\u00e1lia antes da transfer\u00eancia para o Manchester City. O jovem de 19 anos, formado nas categorias de base, disputou apenas 35 partidas no est\u00e1dio.<\/p>\n<p style=\"text-align: justify;\"><strong>O Jogo \u2013<\/strong> Empurrado por 40.986 pessoas em seu est\u00e1dio, um recorde, e incont\u00e1veis nos arredores da arena, o Alviverde surgiu imponente para a luta no gramado e trajado com meias brancas ao inv\u00e9s das tradicionais verdes. A tradi\u00e7\u00e3o, iniciada pelo time campe\u00e3o paulista em 1993, capaz de transformar lealdade em padr\u00e3o, funcionou novamente.<\/p>\n<p style=\"text-align: justify;\">Aos 25 minutos do primeiro tempo, no ardor da partida, o Palmeiras abriu o placar em cobran\u00e7a ensaiada de falta. Z\u00e9 Roberto recebeu de Dudu e mandou rasteiro para a entrada da \u00e1rea. Ap\u00f3s corta-luz de Gabriel Jesus, Mois\u00e9s tocou de letra e Fabiano finalizou por cobertura para marcar seu primeiro gol pelo clube.<\/p>\n<p style=\"text-align: justify;\">O supersticioso t\u00e9cnico Cuca, trajado com a habitual cal\u00e7a vinho, correu na lateral do gramado para festejar o gol. Durante o primeiro tempo, o Palmeiras dominou as a\u00e7\u00f5es e criou chances para ampliar, especialmente com Gabriel Jesus, mas n\u00e3o conseguiu convert\u00ea-las.<\/p>\n<p style=\"text-align: justify;\">O time da casa manteve a superioridade durante a etapa complementar, mas o preciosismo no campo de ataque impediu a marca\u00e7\u00e3o do segundo gol. A torcida, em n\u00famero recorde no Est\u00e1dio Palestra It\u00e1lia, passou a cantar que o Porco seria campe\u00e3o, mais uma vez.<\/p>\n<p style=\"text-align: justify;\">A defesa que ningu\u00e9m passa, a menos vazada do Campeonato Brasileiro, n\u00e3o sofreu grandes riscos. Fernando Prass, afastado por les\u00e3o desde julho, substituiu Jailson nos minutos finais. Ao final da partida, ostentando a sua fibra, o Alviverde inteiro p\u00f4de finalmente soltar o grito de campe\u00e3o.<\/p>\n<p><strong>FICHA T\u00c9CNICA<\/strong><br \/>\n<strong>PALMEIRAS 1 X 0 CHAPECOENSE<\/strong><\/p>\n<p><strong>Local:<\/strong> est\u00e1dio Palestra It\u00e1lia, em S\u00e3o Paulo (SP)<br \/>\n<strong>Data:<\/strong> 27 de novembro de 2016, domingo<br \/>\n<strong>Hor\u00e1rio:<\/strong> 17h (de Bras\u00edlia)<br \/>\n<strong>\u00c1rbitro:<\/strong> Anderson Daronco (RS)<br \/>\n<strong>Assistentes:<\/strong> Rafael da Silva Alves (RS) e Alexandre A Pruinelli Kleiniche (RS)<br \/>\n<strong>P\u00fablico:<\/strong> 40.986 torcedores<br \/>\n<strong>Renda:<\/strong> R$ 4.171.317,26<br \/>\n<strong>Cart\u00f5es amarelos:<\/strong> Fabiano (Palmeiras); Marcelo e Bruno Rangel (Chapecoense)<br \/>\n<strong>Gol:<\/strong><br \/>\n<strong>PALMEIRAS:<\/strong> Fabiano, aos 26 minutos do primeiro tempo<\/p>\n<p style=\"text-align: justify;\"><strong>PALMEIRAS:<\/strong> Jailson (Fernando Prass); Fabiano (Gabriel), Edu Dracena, Vitor Hugo e Z\u00e9 Roberto; Tch\u00ea Tch\u00ea (Thiago Santos), Jean e Mois\u00e9s; Dudu, R\u00f3ger Guedes e Gabriel Jesus<br \/>\nT\u00e9cnico: Cuca<\/p>\n<p style=\"text-align: justify;\"><strong>CHAPECOENSE:<\/strong> Danilo; Gimenez, Marcelo, Filipe Machado e Alan Ruschel; Matheus Biteco, Cleber Santana (Gil), S\u00e9rgio Manoel, Tiaguinho (Ailton Canela) e Lucas Gomes; Bruno Rangel (Kempes)<br \/>\n<strong>T\u00e9cnico:<\/strong> Caio J\u00fanior<\/p>\n<p style=\"text-align: justify;\"><img loading=\"lazy\" decoding=\"async\" class=\"aligncenter size-full wp-image-98211\" src=\"http:\/\/senoticias.com.br\/se\/wp-content\/uploads\/2016\/11\/Logo-fone-1-2-1-3.jpg\" alt=\"logo-fone-1-2-1\" width=\"599\" height=\"78\" srcset=\"https:\/\/senoticias.com.br\/se\/wp-content\/uploads\/2016\/11\/Logo-fone-1-2-1-3.jpg 599w, https:\/\/senoticias.com.br\/se\/wp-content\/uploads\/2016\/11\/Logo-fone-1-2-1-3-300x39.jpg 300w\" sizes=\"(max-width: 599px) 100vw, 599px\" \/><\/p>\n<p style=\"text-align: justify;\"><strong>Acompanhe tamb\u00e9m o SE Not\u00edcias no<\/strong><strong>\u00a0<\/strong><strong><a href=\"https:\/\/twitter.com\/Senoticias\">Twitter<\/a>,<\/strong><strong>\u00a0<\/strong><strong><a href=\"https:\/\/www.facebook.com\/senoticias1\">Facebook\u00a0<\/a>e no<\/strong><strong>\u00a0<\/strong><strong><a href=\"https:\/\/www.instagram.com\/senoticias\/\">Instagram<\/a><\/strong><\/p>\n<p style=\"text-align: justify;\"><em>por\u00a0<span class=\"author-name\">Bruno Ceccon e Jos\u00e9 Victor Ligero, da <a href=\"http:\/\/www.gazetaesportiva.com\/palmeiras\/palmeiras-bate-chapecoense-e-ganha-titulo-brasileiro-apos-22-anos\/\"><strong>Gazeta Esportiva<\/strong><\/a>, em<\/span> <span class=\"location\"><span class=\"city\">S\u00e3o Paulo<\/span>, <span class=\"state\">SP<\/span><\/span><\/em><\/p>\n","protected":false},"excerpt":{"rendered":"<p>Palmeiras mostrou que de fato \u00e9 campe\u00e3o na tarde deste domingo. Com a vit\u00f3ria por 1 a 0 sobre a Chapecoense, alcan\u00e7ada no est\u00e1dio Palestra It\u00e1lia, o time alviverde garante o t\u00edtulo brasileiro de maneira antecipada, encerrando um jejum de 22 anos. Protagonista de uma campanha com 23 vit\u00f3rias, oito empates e seis derrotas, o [&hellip;]<\/p>\n","protected":false},"author":2,"featured_media":98314,"comment_status":"closed","ping_status":"closed","sticky":false,"template":"","format":"standard","meta":{"footnotes":""},"categories":[15,26],"tags":[],"class_list":{"0":"post-98313","1":"post","2":"type-post","3":"status-publish","4":"format-standard","5":"has-post-thumbnail","7":"category-destaques","8":"category-esportes"},"_links":{"self":[{"href":"https:\/\/senoticias.com.br\/se\/wp-json\/wp\/v2\/posts\/98313"}],"collection":[{"href":"https:\/\/senoticias.com.br\/se\/wp-json\/wp\/v2\/posts"}],"about":[{"href":"https:\/\/senoticias.com.br\/se\/wp-json\/wp\/v2\/types\/post"}],"author":[{"embeddable":true,"href":"https:\/\/senoticias.com.br\/se\/wp-json\/wp\/v2\/users\/2"}],"replies":[{"embeddable":true,"href":"https:\/\/senoticias.com.br\/se\/wp-json\/wp\/v2\/comments?post=98313"}],"version-history":[{"count":0,"href":"https:\/\/senoticias.com.br\/se\/wp-json\/wp\/v2\/posts\/98313\/revisions"}],"wp:featuredmedia":[{"embeddable":true,"href":"https:\/\/senoticias.com.br\/se\/wp-json\/wp\/v2\/media\/98314"}],"wp:attachment":[{"href":"https:\/\/senoticias.com.br\/se\/wp-json\/wp\/v2\/media?parent=98313"}],"wp:term":[{"taxonomy":"category","embeddable":true,"href":"https:\/\/senoticias.com.br\/se\/wp-json\/wp\/v2\/categories?post=98313"},{"taxonomy":"post_tag","embeddable":true,"href":"https:\/\/senoticias.com.br\/se\/wp-json\/wp\/v2\/tags?post=98313"}],"curies":[{"name":"wp","href":"https:\/\/api.w.org\/{rel}","templated":true}]}}