{"id":98308,"date":"2016-11-27T16:37:57","date_gmt":"2016-11-27T19:37:57","guid":{"rendered":"http:\/\/senoticias.com.br\/se\/?p=98308"},"modified":"2016-11-27T16:37:57","modified_gmt":"2016-11-27T19:37:57","slug":"conservatorio-promove-o-v-sarau-de-musica","status":"publish","type":"post","link":"https:\/\/senoticias.com.br\/se\/conservatorio-promove-o-v-sarau-de-musica\/","title":{"rendered":"Conservat\u00f3rio promove o V Sarau de M\u00fasica"},"content":{"rendered":"<p style=\"text-align: justify;\">Na semana de comemora\u00e7\u00e3o dos 71 anos do Conservat\u00f3rio de M\u00fasica de Sergipe, a unidade de ensino promover\u00e1 o V Sarau de M\u00fasica.<\/p>\n<div id=\"attachment_98309\" style=\"width: 490px\" class=\"wp-caption aligncenter\"><img loading=\"lazy\" decoding=\"async\" aria-describedby=\"caption-attachment-98309\" class=\"size-full wp-image-98309\" src=\"http:\/\/senoticias.com.br\/se\/wp-content\/uploads\/2016\/11\/sarau-de-musica-SE-noticias.jpg\" alt=\"O espet\u00e1culo acontecer\u00e1 em tr\u00eas noites\" width=\"480\" height=\"333\" srcset=\"https:\/\/senoticias.com.br\/se\/wp-content\/uploads\/2016\/11\/sarau-de-musica-SE-noticias.jpg 480w, https:\/\/senoticias.com.br\/se\/wp-content\/uploads\/2016\/11\/sarau-de-musica-SE-noticias-300x208.jpg 300w\" sizes=\"(max-width: 480px) 100vw, 480px\" \/><p id=\"caption-attachment-98309\" class=\"wp-caption-text\">O espet\u00e1culo acontecer\u00e1 em tr\u00eas noites<\/p><\/div>\n<p style=\"text-align: justify;\">O espet\u00e1culo acontecer\u00e1 em tr\u00eas noites. Na segunda-feira, 28, \u00e0s 19h, haver\u00e1 o Concerto de Anivers\u00e1rio do Conservat\u00f3rio de M\u00fasica de Sergipe, que ser\u00e1 realizado na sala Henrique Souza.<\/p>\n<p style=\"text-align: justify;\">\n<p style=\"text-align: justify;\">J\u00e1 nos dias 29 e 30, haver\u00e1 o sarau. No primeiro dia ser\u00e3o executadas m\u00fasicas da MPB, e no segundo dia, \u00f3pera.<\/p>\n<p>&nbsp;<\/p>\n<p style=\"text-align: justify;\">O evento ter\u00e1 como objetivo colocar o aluno em contato com o p\u00fablico, desenvolvendo suas habilidades musicais e proporcionando o trabalho em conjunto com colegas, professores e pessoas ligadas ao cen\u00e1rio musical e art\u00edstico de Sergipe.<\/p>\n<p style=\"text-align: justify;\"><img loading=\"lazy\" decoding=\"async\" class=\"aligncenter size-full wp-image-98211\" src=\"http:\/\/senoticias.com.br\/se\/wp-content\/uploads\/2016\/11\/Logo-fone-1-2-1-3.jpg\" alt=\"logo-fone-1-2-1\" width=\"599\" height=\"78\" srcset=\"https:\/\/senoticias.com.br\/se\/wp-content\/uploads\/2016\/11\/Logo-fone-1-2-1-3.jpg 599w, https:\/\/senoticias.com.br\/se\/wp-content\/uploads\/2016\/11\/Logo-fone-1-2-1-3-300x39.jpg 300w\" sizes=\"(max-width: 599px) 100vw, 599px\" \/><\/p>\n<p style=\"text-align: justify;\"><em><strong>Acompanhe tamb\u00e9m o SE Not\u00edcias no<\/strong><span class=\"apple-converted-space\"><b>\u00a0<\/b><\/span><strong><a href=\"https:\/\/twitter.com\/Senoticias\" target=\"_blank\">Twitter<\/a>,<\/strong><span class=\"apple-converted-space\"><b>\u00a0<\/b><\/span><strong><a href=\"https:\/\/www.facebook.com\/senoticias1\" target=\"_blank\">Facebook<span class=\"apple-converted-space\">\u00a0<\/span><\/a>e no<\/strong><span class=\"apple-converted-space\"><b>\u00a0<\/b><\/span><strong><a href=\"https:\/\/www.instagram.com\/senoticias\/\" target=\"_blank\">Instagram<\/a><\/strong><\/em><\/p>\n<p style=\"text-align: justify;\">Ascom\/Seed<\/p>\n","protected":false},"excerpt":{"rendered":"<p>Na semana de comemora\u00e7\u00e3o dos 71 anos do Conservat\u00f3rio de M\u00fasica de Sergipe, a unidade de ensino promover\u00e1 o V Sarau de M\u00fasica. O espet\u00e1culo acontecer\u00e1 em tr\u00eas noites. Na segunda-feira, 28, \u00e0s 19h, haver\u00e1 o Concerto de Anivers\u00e1rio do Conservat\u00f3rio de M\u00fasica de Sergipe, que ser\u00e1 realizado na sala Henrique Souza. J\u00e1 nos dias [&hellip;]<\/p>\n","protected":false},"author":2,"featured_media":98309,"comment_status":"closed","ping_status":"closed","sticky":false,"template":"","format":"standard","meta":{"footnotes":""},"categories":[21],"tags":[],"class_list":{"0":"post-98308","1":"post","2":"type-post","3":"status-publish","4":"format-standard","5":"has-post-thumbnail","7":"category-entretenimento"},"_links":{"self":[{"href":"https:\/\/senoticias.com.br\/se\/wp-json\/wp\/v2\/posts\/98308"}],"collection":[{"href":"https:\/\/senoticias.com.br\/se\/wp-json\/wp\/v2\/posts"}],"about":[{"href":"https:\/\/senoticias.com.br\/se\/wp-json\/wp\/v2\/types\/post"}],"author":[{"embeddable":true,"href":"https:\/\/senoticias.com.br\/se\/wp-json\/wp\/v2\/users\/2"}],"replies":[{"embeddable":true,"href":"https:\/\/senoticias.com.br\/se\/wp-json\/wp\/v2\/comments?post=98308"}],"version-history":[{"count":0,"href":"https:\/\/senoticias.com.br\/se\/wp-json\/wp\/v2\/posts\/98308\/revisions"}],"wp:featuredmedia":[{"embeddable":true,"href":"https:\/\/senoticias.com.br\/se\/wp-json\/wp\/v2\/media\/98309"}],"wp:attachment":[{"href":"https:\/\/senoticias.com.br\/se\/wp-json\/wp\/v2\/media?parent=98308"}],"wp:term":[{"taxonomy":"category","embeddable":true,"href":"https:\/\/senoticias.com.br\/se\/wp-json\/wp\/v2\/categories?post=98308"},{"taxonomy":"post_tag","embeddable":true,"href":"https:\/\/senoticias.com.br\/se\/wp-json\/wp\/v2\/tags?post=98308"}],"curies":[{"name":"wp","href":"https:\/\/api.w.org\/{rel}","templated":true}]}}