{"id":98295,"date":"2016-11-27T15:50:01","date_gmt":"2016-11-27T18:50:01","guid":{"rendered":"http:\/\/senoticias.com.br\/se\/?p=98295"},"modified":"2016-11-28T14:07:35","modified_gmt":"2016-11-28T17:07:35","slug":"musa-do-palmeiras-sobre-jogo-contra-chapecoense-se-vencer-tiro-a-roupa","status":"publish","type":"post","link":"https:\/\/senoticias.com.br\/se\/musa-do-palmeiras-sobre-jogo-contra-chapecoense-se-vencer-tiro-a-roupa\/","title":{"rendered":"Musa do Palmeiras sobre jogo contra Chapecoense: &#8216;Se vencer, tiro a roupa"},"content":{"rendered":"<p style=\"text-align: justify;\"><em>Mar\u00edlia Neves, d<span class=\"adr\"><span class=\"locality\">o <a href=\"http:\/\/ego.globo.com\/famosos\/noticia\/2016\/11\/musa-do-palmeiras-sobre-jogo-contra-chapecoense-se-vencer-tiro-roupa.html\"><strong>EGO<\/strong><\/a>, em S\u00e3o Paulo<\/span><\/span><\/em><\/p>\n<p style=\"text-align: justify;\">Ariane Ven\u00e2ncio saiu rouca do \u00faltimo jogo do Palmeiras de tanto gritar na torcida pelo time. Atual musa do clube, ela j\u00e1 est\u00e1 ansiosa pela partida decisiva do Brasileir\u00e3o neste domingo, 27, quando o time enfrenta o Chapecoense no Allianz Parque, em S\u00e3o Paulo. Sua aposta? \u201cDois a zero. Creio muito que vai dar tudo certo. E j\u00e1 deu\u201d.<\/p>\n<p style=\"text-align: justify;\">Formada em Gest\u00e3o Ambiental, Ariane, de 26 anos, largou a carreira para se dedicar aos trabalhos como modelo. A mo\u00e7a, que tamb\u00e9m atua como professora de ingl\u00eas e \u00e9 destaque de ch\u00e3o na escola de samba Mancha Verde, promete uma surpresa para os torcedores, caso o &#8220;Verd\u00e3o&#8221; leve o t\u00edtulo para casa. \u201cSe o Palmeiras ganhar, vai ter uma pintura corporal, algo mais sexy para os torcedores. Se o Palmeiras ganhar, a gente tira a roupa\u201d, disparou ela &#8211; j\u00e1 com pouqu\u00edssima roupa &#8211; durante sess\u00e3o de fotos para o EGO no L\u2019Osteria Palestra, na capital de S\u00e3o Paulo.<\/p>\n<div id=\"attachment_98296\" style=\"width: 609px\" class=\"wp-caption aligncenter\"><img loading=\"lazy\" decoding=\"async\" aria-describedby=\"caption-attachment-98296\" class=\"size-full wp-image-98296\" src=\"http:\/\/senoticias.com.br\/se\/wp-content\/uploads\/2016\/11\/Palmeirense-SE-Noticias-e1480271918347.jpg\" alt=\"Ariane Venancio (Foto: Celso Tavares\/EGO)\" width=\"599\" height=\"399\" \/><p id=\"caption-attachment-98296\" class=\"wp-caption-text\">Ariane Venancio (Foto: Celso Tavares\/EGO)<\/p><\/div>\n<p style=\"text-align: justify;\">Ariane s\u00f3 destacou que n\u00e3o far\u00e1 isso nem no est\u00e1dio nem na quadra da Mancha Verde, para onde seguir\u00e1 para celebrar a vit\u00f3ria, caso aconte\u00e7a. \u201cCumpro a promessa, provavelmente, na segunda-feira\u201d, afirmou Ariane.<\/p>\n<div id=\"attachment_98297\" style=\"width: 609px\" class=\"wp-caption aligncenter\"><img loading=\"lazy\" decoding=\"async\" aria-describedby=\"caption-attachment-98297\" class=\"size-full wp-image-98297\" src=\"http:\/\/senoticias.com.br\/se\/wp-content\/uploads\/2016\/11\/Palmeirense-SE-noticias-1-e1480271987788.jpg\" alt=\"Ariane Venancio (Foto: Celso Tavares\/EGO)\" width=\"599\" height=\"399\" \/><p id=\"caption-attachment-98297\" class=\"wp-caption-text\">Ariane Venancio (Foto: Celso Tavares\/EGO)<\/p><\/div>\n<p style=\"text-align: justify;\">Musa do Palmeiras desde julho, Ariane contou que o ass\u00e9dio aumentou. Mas garante que nunca se relacionou com nenhum jogador. \u201cRecebi algumas propostas para sair, viajar. Mas eles t\u00eam muito respeito por mim, me conhecem. Conhe\u00e7o muitos dos &#8216;imortais&#8217; <em>(grupo de atletas que fizeram hist\u00f3ria no clube)<\/em>, s\u00e3o superfofos, queridos. Mas \u00e9 aquela coisa, mulher, homem&#8230;. Existe, sim, uma admira\u00e7\u00e3o por ser musa do time\u201d, confidenciou.<\/p>\n<div id=\"attachment_98298\" style=\"width: 609px\" class=\"wp-caption aligncenter\"><img loading=\"lazy\" decoding=\"async\" aria-describedby=\"caption-attachment-98298\" class=\"size-full wp-image-98298\" src=\"http:\/\/senoticias.com.br\/se\/wp-content\/uploads\/2016\/11\/Palmeirense-SE-noticias-2-e1480272047220.jpg\" alt=\"Ariane Venancio (Foto: Celso Tavares\/EGO)\" width=\"599\" height=\"399\" \/><p id=\"caption-attachment-98298\" class=\"wp-caption-text\">Ariane Venancio (Foto: Celso Tavares\/EGO)<\/p><\/div>\n<p style=\"text-align: justify;\">Ao menos at\u00e9 entregar a faixa, Ariane, que est\u00e1 solteira, pretende se manter longe de qualquer relacionamento amoroso com os atletas. \u201cComo musa, a gente participa, fica junto, torce. Prefiro s\u00f3 admira-los jogando em campo\u201d, garante. Mas e em 2017? \u201cA gente pode pensar, dependendo&#8230; <em>(risos)<\/em>\u201d.<\/p>\n<div id=\"attachment_98299\" style=\"width: 609px\" class=\"wp-caption aligncenter\"><img loading=\"lazy\" decoding=\"async\" aria-describedby=\"caption-attachment-98299\" class=\"size-full wp-image-98299\" src=\"http:\/\/senoticias.com.br\/se\/wp-content\/uploads\/2016\/11\/Palmeirense-SE-Noticias-3-e1480272113631.jpg\" alt=\"Ariane Venancio (Foto: Celso Tavares\/EGO)\" width=\"599\" height=\"399\" \/><p id=\"caption-attachment-98299\" class=\"wp-caption-text\">Ariane Venancio (Foto: Celso Tavares\/EGO)<\/p><\/div>\n<p style=\"text-align: justify;\"><strong>Em campo<\/strong><br \/>\nAriane n\u00e3o \u00e9 apenas admiradora de jogos de futebol. Ela tamb\u00e9m j\u00e1 mostrou habilidade em campo. &#8220;Desde pequena sou torcedora fan\u00e1tica e sempre gostei de jogar. Minha m\u00e3e falava que eu parecia um menino <em>(risos)<\/em>. \u00c9 amor mesmo&#8221;, contou ela, que nunca pensou em se profissionalizar. &#8220;S\u00f3 por divers\u00e3o. Mas nunca pensei em jogar profissionalmente. Sou toda ladyzinha. Jogava futebol e quebrava o p\u00e9, mas adorava <em>(risos)<\/em>.&#8221;<\/p>\n<div id=\"attachment_98299\" style=\"width: 609px\" class=\"wp-caption aligncenter\"><img loading=\"lazy\" decoding=\"async\" aria-describedby=\"caption-attachment-98299\" class=\"size-full wp-image-98299\" src=\"http:\/\/senoticias.com.br\/se\/wp-content\/uploads\/2016\/11\/Palmeirense-SE-Noticias-3-e1480272113631.jpg\" alt=\"Ariane Venancio (Foto: Celso Tavares\/EGO)\" width=\"599\" height=\"399\" \/><p id=\"caption-attachment-98299\" class=\"wp-caption-text\">Ariane Venancio (Foto: Celso Tavares\/EGO)<\/p><\/div>\n<p style=\"text-align: justify;\"><img loading=\"lazy\" decoding=\"async\" class=\"aligncenter size-full wp-image-98300\" src=\"http:\/\/senoticias.com.br\/se\/wp-content\/uploads\/2016\/11\/Palmeirense-SE-Noticias-4.jpg\" alt=\"palmeirense-se-noticias-4\" width=\"620\" height=\"413\" srcset=\"https:\/\/senoticias.com.br\/se\/wp-content\/uploads\/2016\/11\/Palmeirense-SE-Noticias-4.jpg 620w, https:\/\/senoticias.com.br\/se\/wp-content\/uploads\/2016\/11\/Palmeirense-SE-Noticias-4-300x200.jpg 300w, https:\/\/senoticias.com.br\/se\/wp-content\/uploads\/2016\/11\/Palmeirense-SE-Noticias-4-90x60.jpg 90w, https:\/\/senoticias.com.br\/se\/wp-content\/uploads\/2016\/11\/Palmeirense-SE-Noticias-4-180x120.jpg 180w, https:\/\/senoticias.com.br\/se\/wp-content\/uploads\/2016\/11\/Palmeirense-SE-Noticias-4-95x64.jpg 95w\" sizes=\"(max-width: 620px) 100vw, 620px\" \/><\/p>\n<div id=\"attachment_98301\" style=\"width: 609px\" class=\"wp-caption aligncenter\"><img loading=\"lazy\" decoding=\"async\" aria-describedby=\"caption-attachment-98301\" class=\"size-full wp-image-98301\" src=\"http:\/\/senoticias.com.br\/se\/wp-content\/uploads\/2016\/11\/Palmeirense-SE-noticias-5-e1480272247619.jpg\" alt=\"Ariane Venancio (Foto: Celso Tavares\/EGO)\" width=\"599\" height=\"399\" \/><p id=\"caption-attachment-98301\" class=\"wp-caption-text\">Ariane Venancio (Foto: Celso Tavares\/EGO)<\/p><\/div>\n<div id=\"attachment_98302\" style=\"width: 609px\" class=\"wp-caption aligncenter\"><img loading=\"lazy\" decoding=\"async\" aria-describedby=\"caption-attachment-98302\" class=\"size-full wp-image-98302\" src=\"http:\/\/senoticias.com.br\/se\/wp-content\/uploads\/2016\/11\/Palmeirense-SE-noticias-6-e1480272306554.jpg\" alt=\"Ariane Venancio (Foto: Celso Tavares\/EGO)\" width=\"599\" height=\"899\" \/><p id=\"caption-attachment-98302\" class=\"wp-caption-text\">Ariane Venancio (Foto: Celso Tavares\/EGO)<\/p><\/div>\n<p><img loading=\"lazy\" decoding=\"async\" class=\"aligncenter size-full wp-image-98304\" src=\"http:\/\/senoticias.com.br\/se\/wp-content\/uploads\/2016\/11\/Palmerense-SE-noticias8.jpg\" alt=\"palmerense-se-noticias8\" width=\"620\" height=\"413\" srcset=\"https:\/\/senoticias.com.br\/se\/wp-content\/uploads\/2016\/11\/Palmerense-SE-noticias8.jpg 620w, https:\/\/senoticias.com.br\/se\/wp-content\/uploads\/2016\/11\/Palmerense-SE-noticias8-300x200.jpg 300w, https:\/\/senoticias.com.br\/se\/wp-content\/uploads\/2016\/11\/Palmerense-SE-noticias8-90x60.jpg 90w, https:\/\/senoticias.com.br\/se\/wp-content\/uploads\/2016\/11\/Palmerense-SE-noticias8-180x120.jpg 180w, https:\/\/senoticias.com.br\/se\/wp-content\/uploads\/2016\/11\/Palmerense-SE-noticias8-95x64.jpg 95w\" sizes=\"(max-width: 620px) 100vw, 620px\" \/><\/p>\n<p><img loading=\"lazy\" decoding=\"async\" class=\"aligncenter size-full wp-image-98211\" src=\"http:\/\/senoticias.com.br\/se\/wp-content\/uploads\/2016\/11\/Logo-fone-1-2-1-3.jpg\" alt=\"logo-fone-1-2-1\" width=\"599\" height=\"78\" srcset=\"https:\/\/senoticias.com.br\/se\/wp-content\/uploads\/2016\/11\/Logo-fone-1-2-1-3.jpg 599w, https:\/\/senoticias.com.br\/se\/wp-content\/uploads\/2016\/11\/Logo-fone-1-2-1-3-300x39.jpg 300w\" sizes=\"(max-width: 599px) 100vw, 599px\" \/><\/p>\n<p><em><strong>Acompanhe tamb\u00e9m o SE Not\u00edcias no<\/strong><span class=\"apple-converted-space\"><b>\u00a0<\/b><\/span><strong><a href=\"https:\/\/twitter.com\/Senoticias\" target=\"_blank\">Twitter<\/a>,<\/strong><span class=\"apple-converted-space\"><b>\u00a0<\/b><\/span><strong><a href=\"https:\/\/www.facebook.com\/senoticias1\" target=\"_blank\">Facebook<span class=\"apple-converted-space\">\u00a0<\/span><\/a>e no<\/strong><span class=\"apple-converted-space\"><b>\u00a0<\/b><\/span><strong><a href=\"https:\/\/www.instagram.com\/senoticias\/\" target=\"_blank\">Instagram<\/a><\/strong><\/em><\/p>\n","protected":false},"excerpt":{"rendered":"<p>Mar\u00edlia Neves, do EGO, em S\u00e3o Paulo Ariane Ven\u00e2ncio saiu rouca do \u00faltimo jogo do Palmeiras de tanto gritar na torcida pelo time. Atual musa do clube, ela j\u00e1 est\u00e1 ansiosa pela partida decisiva do Brasileir\u00e3o neste domingo, 27, quando o time enfrenta o Chapecoense no Allianz Parque, em S\u00e3o Paulo. Sua aposta? \u201cDois a [&hellip;]<\/p>\n","protected":false},"author":2,"featured_media":98296,"comment_status":"closed","ping_status":"closed","sticky":false,"template":"","format":"standard","meta":{"footnotes":""},"categories":[22,8],"tags":[],"class_list":{"0":"post-98295","1":"post","2":"type-post","3":"status-publish","4":"format-standard","5":"has-post-thumbnail","7":"category-famosos","8":"category-esporte-e-cultura"},"_links":{"self":[{"href":"https:\/\/senoticias.com.br\/se\/wp-json\/wp\/v2\/posts\/98295"}],"collection":[{"href":"https:\/\/senoticias.com.br\/se\/wp-json\/wp\/v2\/posts"}],"about":[{"href":"https:\/\/senoticias.com.br\/se\/wp-json\/wp\/v2\/types\/post"}],"author":[{"embeddable":true,"href":"https:\/\/senoticias.com.br\/se\/wp-json\/wp\/v2\/users\/2"}],"replies":[{"embeddable":true,"href":"https:\/\/senoticias.com.br\/se\/wp-json\/wp\/v2\/comments?post=98295"}],"version-history":[{"count":0,"href":"https:\/\/senoticias.com.br\/se\/wp-json\/wp\/v2\/posts\/98295\/revisions"}],"wp:featuredmedia":[{"embeddable":true,"href":"https:\/\/senoticias.com.br\/se\/wp-json\/wp\/v2\/media\/98296"}],"wp:attachment":[{"href":"https:\/\/senoticias.com.br\/se\/wp-json\/wp\/v2\/media?parent=98295"}],"wp:term":[{"taxonomy":"category","embeddable":true,"href":"https:\/\/senoticias.com.br\/se\/wp-json\/wp\/v2\/categories?post=98295"},{"taxonomy":"post_tag","embeddable":true,"href":"https:\/\/senoticias.com.br\/se\/wp-json\/wp\/v2\/tags?post=98295"}],"curies":[{"name":"wp","href":"https:\/\/api.w.org\/{rel}","templated":true}]}}