{"id":98293,"date":"2016-11-27T15:21:53","date_gmt":"2016-11-27T18:21:53","guid":{"rendered":"http:\/\/senoticias.com.br\/se\/?p=98293"},"modified":"2016-11-28T13:59:55","modified_gmt":"2016-11-28T16:59:55","slug":"presidente-anuncia-veto-a-qualquer-medida-de-anistia-a-corrupcao","status":"publish","type":"post","link":"https:\/\/senoticias.com.br\/se\/presidente-anuncia-veto-a-qualquer-medida-de-anistia-a-corrupcao\/","title":{"rendered":"Presidente anuncia veto a qualquer medida de anistia \u00e0 corrup\u00e7\u00e3o"},"content":{"rendered":"<p style=\"text-align: justify;\">O presidente da Rep\u00fablica, Michel Temer, anunciou neste domingo (27) um acordo com o presidente da C\u00e2mara, Rodrigo Maia (DEM-RJ), e do Senado, Renan Calheiros (PMDB-AL), para impedir a tramita\u00e7\u00e3o de qualquer proposta que busque anistiar o crime de caixa dois. Em entrevista coletiva no Pal\u00e1cio do Planalto, Temer disse que seria &#8220;imposs\u00edvel\u201d sancionar uma proposta desse tipo.<\/p>\n<div id=\"attachment_98294\" style=\"width: 609px\" class=\"wp-caption aligncenter\"><img loading=\"lazy\" decoding=\"async\" aria-describedby=\"caption-attachment-98294\" class=\"size-full wp-image-98294\" src=\"http:\/\/senoticias.com.br\/se\/wp-content\/uploads\/2016\/11\/Michel-temer-SE-Noticias-e1480270713186.jpeg\" alt=\"Presidente Michel Temer, Presidente do Senado Federal e o Presidente da C\u00e2mara dos Deputados durante coletiva de imprensa. (Foto: Beto Barata\/PR)\" width=\"599\" height=\"399\" \/><p id=\"caption-attachment-98294\" class=\"wp-caption-text\">Presidente Michel Temer, Presidente do Senado Federal e o Presidente da C\u00e2mara dos Deputados durante coletiva de imprensa. (Foto: Beto Barata\/PR)<\/p><\/div>\n<p style=\"text-align: justify;\">\u201cTemos feito, o Executivo e o Legislativo, ajustamento institucional em vistas a, se for poss\u00edvel, impedir a tramita\u00e7\u00e3o de qualquer proposta que vise a chamada anistia\u201d, disse o presidente da Rep\u00fablica, ao lado de Renan Calheiros e Rodrigo Maia.<\/p>\n<p style=\"text-align: justify;\">Na entrevista, Temer afirmou que h\u00e1 unanimidade dos dirigentes do Executivo e do Legislativo contra a proposta, o que \u00e9 compat\u00edvel com a \u201cvoz das ruas\u201d<\/p>\n<p style=\"text-align: justify;\">\u201cAcordamos todos que n\u00e3o h\u00e1 a menor condi\u00e7\u00e3o de, pelo menos patrocinado pelo presidente da C\u00e2mara e do Senado, levar adiante essa proposta\u201d, afirmou.<\/p>\n<p style=\"text-align: justify;\">O presidente da C\u00e2mara, Rodrigo Maia, ressaltou nunca ter havido um debate com os l\u00edderes sobre qualquer tentativa de anistiar crimes eleitorais. O que se busca na Casa \u00e9 tipificar o crime de caixa dois, dentro do projeto das 10 medidas contra a corrup\u00e7\u00e3o.<\/p>\n<p style=\"text-align: justify;\">\u201cEsse debate (da anistia), do ponto de vista da minha reuni\u00e3o com os l\u00edderes, nunca aconteceu e nunca acontecer\u00e1 no dia da vota\u00e7\u00e3o\u201d, disse.<\/p>\n<p style=\"text-align: justify;\">A posi\u00e7\u00e3o foi refor\u00e7ada pelo presidente do Senado. \u201cEstamos fazendo um acordo, um ajuste institucional, no sentido de que n\u00e3o haver\u00e1 aprecia\u00e7\u00e3o de anistia a crime eleitoral, a caixa dois ou qualquer crime eleitoral\u201d, afirmou<\/p>\n<p style=\"text-align: justify;\">Informa\u00e7\u00f5es do <a href=\"http:\/\/www2.planalto.gov.br\/acompanhe-planalto\/noticias\/2016\/11\/temer-anuncia-veto-a-qualquer-medida-de-anistia-a-corrupcao\"><strong>site<\/strong><\/a> do Planalto<\/p>\n<p style=\"text-align: justify;\"><img loading=\"lazy\" decoding=\"async\" class=\"aligncenter size-full wp-image-98211\" src=\"http:\/\/senoticias.com.br\/se\/wp-content\/uploads\/2016\/11\/Logo-fone-1-2-1-3.jpg\" alt=\"logo-fone-1-2-1\" width=\"599\" height=\"78\" srcset=\"https:\/\/senoticias.com.br\/se\/wp-content\/uploads\/2016\/11\/Logo-fone-1-2-1-3.jpg 599w, https:\/\/senoticias.com.br\/se\/wp-content\/uploads\/2016\/11\/Logo-fone-1-2-1-3-300x39.jpg 300w\" sizes=\"(max-width: 599px) 100vw, 599px\" \/><\/p>\n<p style=\"text-align: justify;\"><em><strong>Acompanhe tamb\u00e9m o SE Not\u00edcias no<\/strong><span class=\"apple-converted-space\"><b>\u00a0<\/b><\/span><strong><a href=\"https:\/\/twitter.com\/Senoticias\" target=\"_blank\">Twitter<\/a>,<\/strong><span class=\"apple-converted-space\"><b>\u00a0<\/b><\/span><strong><a href=\"https:\/\/www.facebook.com\/senoticias1\" target=\"_blank\">Facebook<span class=\"apple-converted-space\">\u00a0<\/span><\/a>e no<\/strong><span class=\"apple-converted-space\"><b>\u00a0<\/b><\/span><strong><a href=\"https:\/\/www.instagram.com\/senoticias\/\" target=\"_blank\">Instagram<\/a><\/strong><\/em><\/p>\n","protected":false},"excerpt":{"rendered":"<p>O presidente da Rep\u00fablica, Michel Temer, anunciou neste domingo (27) um acordo com o presidente da C\u00e2mara, Rodrigo Maia (DEM-RJ), e do Senado, Renan Calheiros (PMDB-AL), para impedir a tramita\u00e7\u00e3o de qualquer proposta que busque anistiar o crime de caixa dois. Em entrevista coletiva no Pal\u00e1cio do Planalto, Temer disse que seria &#8220;imposs\u00edvel\u201d sancionar uma [&hellip;]<\/p>\n","protected":false},"author":2,"featured_media":98294,"comment_status":"closed","ping_status":"closed","sticky":false,"template":"","format":"standard","meta":{"footnotes":""},"categories":[6],"tags":[],"class_list":{"0":"post-98293","1":"post","2":"type-post","3":"status-publish","4":"format-standard","5":"has-post-thumbnail","7":"category-politica"},"_links":{"self":[{"href":"https:\/\/senoticias.com.br\/se\/wp-json\/wp\/v2\/posts\/98293"}],"collection":[{"href":"https:\/\/senoticias.com.br\/se\/wp-json\/wp\/v2\/posts"}],"about":[{"href":"https:\/\/senoticias.com.br\/se\/wp-json\/wp\/v2\/types\/post"}],"author":[{"embeddable":true,"href":"https:\/\/senoticias.com.br\/se\/wp-json\/wp\/v2\/users\/2"}],"replies":[{"embeddable":true,"href":"https:\/\/senoticias.com.br\/se\/wp-json\/wp\/v2\/comments?post=98293"}],"version-history":[{"count":0,"href":"https:\/\/senoticias.com.br\/se\/wp-json\/wp\/v2\/posts\/98293\/revisions"}],"wp:featuredmedia":[{"embeddable":true,"href":"https:\/\/senoticias.com.br\/se\/wp-json\/wp\/v2\/media\/98294"}],"wp:attachment":[{"href":"https:\/\/senoticias.com.br\/se\/wp-json\/wp\/v2\/media?parent=98293"}],"wp:term":[{"taxonomy":"category","embeddable":true,"href":"https:\/\/senoticias.com.br\/se\/wp-json\/wp\/v2\/categories?post=98293"},{"taxonomy":"post_tag","embeddable":true,"href":"https:\/\/senoticias.com.br\/se\/wp-json\/wp\/v2\/tags?post=98293"}],"curies":[{"name":"wp","href":"https:\/\/api.w.org\/{rel}","templated":true}]}}