{"id":98290,"date":"2016-11-27T15:01:19","date_gmt":"2016-11-27T18:01:19","guid":{"rendered":"http:\/\/senoticias.com.br\/se\/?p=98290"},"modified":"2016-11-27T15:05:20","modified_gmt":"2016-11-27T18:05:20","slug":"concursos-10-orgaos-abrem-inscricoes-para-312-vagas-na-segunda","status":"publish","type":"post","link":"https:\/\/senoticias.com.br\/se\/concursos-10-orgaos-abrem-inscricoes-para-312-vagas-na-segunda\/","title":{"rendered":"Concursos: 10 \u00f3rg\u00e3os abrem inscri\u00e7\u00f5es para 312 vagas na segunda"},"content":{"rendered":"<p style=\"text-align: justify;\">Pelo menos 10 \u00f3rg\u00e3os abrem inscri\u00e7\u00f5es de concursos p\u00fablicos, na segunda-feira (28), para um total de 312 vagas e forma\u00e7\u00e3o de cadastro de reserva em cargos de n\u00edveis fundamental, m\u00e9dio e superior. Os sal\u00e1rios chegam a R$ 4.268,72 na Prefeitura de Esmeraldas (MG).<\/p>\n<div id=\"attachment_98291\" style=\"width: 609px\" class=\"wp-caption aligncenter\"><img loading=\"lazy\" decoding=\"async\" aria-describedby=\"caption-attachment-98291\" class=\"size-full wp-image-98291\" src=\"http:\/\/senoticias.com.br\/se\/wp-content\/uploads\/2016\/11\/Cocursos-publicos-SE-Noticias-e1480269759530.jpg\" alt=\"Concurso p\u00fablico atrai candidatos por causa da estabilidade (Foto: Reprodu\u00e7\u00e3o\/TV Liberal)\" width=\"599\" height=\"437\" \/><p id=\"caption-attachment-98291\" class=\"wp-caption-text\">Concurso p\u00fablico atrai candidatos por causa da estabilidade (Foto: Reprodu\u00e7\u00e3o\/TV Liberal)<\/p><\/div>\n<p>Nos concursos para forma\u00e7\u00e3o de cadastro de reserva, os candidatos aprovados s\u00e3o chamados conforme a abertura de vagas durante a validade do concurso.<\/p>\n<p><strong>Veja os concursos abaixo:<\/strong><\/p>\n<p style=\"text-align: justify;\">Conselho Regional de Corretores de Im\u00f3veis do Estado de S\u00e3o Paulo da 2\u00aa Regi\u00e3o (Creci)<\/p>\n<p style=\"text-align: justify;\">O Conselho Regional de Corretores de Im\u00f3veis do Estado de S\u00e3o Paulo da 2\u00aa Regi\u00e3o (Creci), em S\u00e3o Paulo, vai abrir processo seletivo para 1 vaga de profissional de suporte t\u00e9cnico, que exige n\u00edvel superior. O sal\u00e1rio \u00e9 de R$ 3.955. As inscri\u00e7\u00f5es podem ser feitas no per\u00edodo de 28 de novembro a 6 de janeiro de 2017 pelo site www.nossorumo.org.br. As provas ser\u00e3o aplicadas em 12 de fevereiro de 2017.<\/p>\n<p><strong>Empresa Gerencial de Projetos Navais (Emgepron)<\/strong><br \/>\nA Empresa Gerencial de Projetos Navais (Emgepron) divulgou edital de concurso p\u00fablico para 60 vagas nos cursos de t\u00e9cnico em eletr\u00f4nica, t\u00e9cnico em eletrot\u00e9cnica, t\u00e9cnico em estruturas navais e t\u00e9cnico em mec\u00e2nica na Escola T\u00e9cnica do Arsenal de Marinha (ETAM). As inscri\u00e7\u00f5es devem ser feitas pelo site entre os dias 28 de novembro e 25 de dezembro pelo site www.selecon.org.br. A aplica\u00e7\u00e3o da prova objetiva est\u00e1 prevista para 8 de janeiro de 2017, no munic\u00edpio do Rio de Janeiro. O in\u00edcio dos cursos de forma\u00e7\u00e3o ser\u00e1 no dia 20 de fevereiro de 2017.<\/p>\n<p style=\"text-align: justify;\"><strong>Prefeitura de Chapad\u00e3o do C\u00e9u (GO)<\/strong><br \/>\nA Prefeitura de Chapad\u00e3o do C\u00e9u (GO) vai abrir processo seletivo para 64 vagas em cargos de todos os n\u00edveis de escolaridade. As remunera\u00e7\u00f5es v\u00e3o de R$ 880 a R$ 2.135,64. As inscri\u00e7\u00f5es podem ser feitas de 28 de novembro a 2 de dezembro no departamento de recursos humanos da prefeitura, localizada na Avenida Ema, quadra 51, s\/n\u00ba, das 14h \u00e0s 17h. A prova escrita est\u00e1 prevista para o dia 8 de dezembro.<\/p>\n<p style=\"text-align: justify;\"><strong>Prefeitura de Esmeraldas (MG)<\/strong><br \/>\nA Prefeitura de Esmeraldas (MG) divulgou edital de concurso p\u00fablico para 87 vagas em cargos de n\u00edveis m\u00e9dio e superior. Os sal\u00e1rios v\u00e3o de R$ 880 a R$ 4.268,72. As inscri\u00e7\u00f5es podem ser feitas de 28 de novembro a 5 de janeiro de 2017 pelo site www.contagem.mg.gov.br. A prova objetiva est\u00e1 prevista para o dia 22 de janeiro de 2017.<\/p>\n<p style=\"text-align: justify;\"><strong>Prefeitura de Ipira (SC)<\/strong><br \/>\nA Prefeitura de Ipira (SC) vai abrir processo seletivo para 31 vagas em cargos de n\u00edvel superior. O sal\u00e1rio chega a R$ 1.401,98. As inscri\u00e7\u00f5es estar\u00e3o abertas de 28 de novembro a 19 de dezembro pelo site www.amauc.org.br. As provas est\u00e3o marcadas para o dia 8 de janeiro de 2017. O processo seletivo ter\u00e1 validade de 2 anos.<\/p>\n<p style=\"text-align: justify;\"><strong>Prefeitura de Lindoia do Sul (SC)<\/strong><br \/>\nA Prefeitura de Lindoia do Sul (SC) divulgou edital de processo seletivo para professores tempor\u00e1rios. Os sal\u00e1rios variam de R$ 906,18 a R$ 1.294,55. As inscri\u00e7\u00f5es podem ser feitas pelo site www.amauc.org.br de 28 de novembro a 15 de dezembro. A prova ser\u00e1 aplicada em 22 de janeiro de 2017.<\/p>\n<p style=\"text-align: justify;\"><strong>Prefeitura de Tapero\u00e1 (PB)<\/strong><br \/>\nA Prefeitura de Tapero\u00e1 (PB) divulgou edital para um concurso p\u00fablico que prev\u00ea o preenchimento de 67 vagas em cargos de todos os n\u00edveis de escolaridade. Os sal\u00e1rios oferecidos variam entre R$ 880 e R$ 1.731,64. As inscri\u00e7\u00f5es devem ser feitas pelo site www.educapb.com.br entre os dias 28 de novembro e 30 de dezembro. A prova est\u00e1 prevista para o dia 22 de janeiro de 2017.<\/p>\n<p style=\"text-align: justify;\"><strong>Prefeitura de Vila Pav\u00e3o (ES)<\/strong><br \/>\nA Prefeitura de Vila Pav\u00e3o (ES) vai abrir processo seletivo para cargos em n\u00edveis fundamental, m\u00e9dio e superior. As remunera\u00e7\u00f5es v\u00e3o de R$ 880 a R$ 2.697,21. As inscri\u00e7\u00f5es podem ser feitas na secretaria de educa\u00e7\u00e3o, localizada na Rua Rodolfo Magewiski, s\/n\u00ba, de 28 de novembro a 2 de dezembro, das 8h \u00e0s 12h e das 13h \u00e0s 16h. A sele\u00e7\u00e3o ser\u00e1 feita por meio de an\u00e1lise de t\u00edtulos.<\/p>\n<p style=\"text-align: justify;\"><strong>Prefeitura de Vitor Meireles (SC)<\/strong><br \/>\nA Prefeitura de Vitor Meireles (SC) vai abrir processo seletivo para a contrata\u00e7\u00e3o tempor\u00e1ria de professores. Os candidatos devem ter n\u00edvel superior. Os sal\u00e1rios n\u00e3o foram informados. Os candidatos podem se inscrever pelo site www.click.listaeditais.com.br no per\u00edodo de 28 de novembro a 28 de dezembro. A prova objetiva ser\u00e1 no dia 15 de janeiro de 2017.<\/p>\n<p style=\"text-align: justify;\"><strong>Universidade Federal do Rio Grande do Norte (UFRN)<\/strong><br \/>\nA Universidade Federal do Rio Grande do Norte (UFRN) divulgou edital de concurso para 2 vagas de engenheiro \u2013 neuroengenharia (n\u00edvel superior). O sal\u00e1rio \u00e9 de R$ 3.868,21. As inscri\u00e7\u00f5es devem ser feitas pelo site www.comperve.ufrn.br entre os dias 28 de novembro e 26 de dezembro. A prova objetiva ser\u00e1 aplicada em 5 de fevereiro de 2017.<\/p>\n<p style=\"text-align: justify;\"><img loading=\"lazy\" decoding=\"async\" class=\"aligncenter size-full wp-image-98211\" src=\"http:\/\/senoticias.com.br\/se\/wp-content\/uploads\/2016\/11\/Logo-fone-1-2-1-3.jpg\" alt=\"logo-fone-1-2-1\" width=\"599\" height=\"78\" srcset=\"https:\/\/senoticias.com.br\/se\/wp-content\/uploads\/2016\/11\/Logo-fone-1-2-1-3.jpg 599w, https:\/\/senoticias.com.br\/se\/wp-content\/uploads\/2016\/11\/Logo-fone-1-2-1-3-300x39.jpg 300w\" sizes=\"(max-width: 599px) 100vw, 599px\" \/><\/p>\n<p style=\"text-align: justify;\"><em><strong>Acompanhe tamb\u00e9m o SE Not\u00edcias no<\/strong><span class=\"apple-converted-space\"><b>\u00a0<\/b><\/span><strong><a href=\"https:\/\/twitter.com\/Senoticias\" target=\"_blank\">Twitter<\/a>,<\/strong><span class=\"apple-converted-space\"><b>\u00a0<\/b><\/span><strong><a href=\"https:\/\/www.facebook.com\/senoticias1\" target=\"_blank\">Facebook<span class=\"apple-converted-space\">\u00a0<\/span><\/a>e no<\/strong><span class=\"apple-converted-space\"><b>\u00a0<\/b><\/span><strong><a href=\"https:\/\/www.instagram.com\/senoticias\/\" target=\"_blank\">Instagram<\/a><\/strong><\/em><\/p>\n<p style=\"text-align: justify;\">Clique <a href=\"http:\/\/g1.globo.com\/economia\/concursos-e-emprego\/noticia\/concursos-10-orgaos-abrem-inscricoes-para-312-vagas-na-segunda.ghtml\"><strong>AQUI<\/strong> <\/a>e leia a mat\u00e9ria na \u00edntegra<\/p>\n","protected":false},"excerpt":{"rendered":"<p>Pelo menos 10 \u00f3rg\u00e3os abrem inscri\u00e7\u00f5es de concursos p\u00fablicos, na segunda-feira (28), para um total de 312 vagas e forma\u00e7\u00e3o de cadastro de reserva em cargos de n\u00edveis fundamental, m\u00e9dio e superior. Os sal\u00e1rios chegam a R$ 4.268,72 na Prefeitura de Esmeraldas (MG). Nos concursos para forma\u00e7\u00e3o de cadastro de reserva, os candidatos aprovados s\u00e3o [&hellip;]<\/p>\n","protected":false},"author":2,"featured_media":98291,"comment_status":"closed","ping_status":"closed","sticky":false,"template":"","format":"standard","meta":{"footnotes":""},"categories":[9,15],"tags":[],"class_list":{"0":"post-98290","1":"post","2":"type-post","3":"status-publish","4":"format-standard","5":"has-post-thumbnail","7":"category-concursos","8":"category-destaques"},"_links":{"self":[{"href":"https:\/\/senoticias.com.br\/se\/wp-json\/wp\/v2\/posts\/98290"}],"collection":[{"href":"https:\/\/senoticias.com.br\/se\/wp-json\/wp\/v2\/posts"}],"about":[{"href":"https:\/\/senoticias.com.br\/se\/wp-json\/wp\/v2\/types\/post"}],"author":[{"embeddable":true,"href":"https:\/\/senoticias.com.br\/se\/wp-json\/wp\/v2\/users\/2"}],"replies":[{"embeddable":true,"href":"https:\/\/senoticias.com.br\/se\/wp-json\/wp\/v2\/comments?post=98290"}],"version-history":[{"count":0,"href":"https:\/\/senoticias.com.br\/se\/wp-json\/wp\/v2\/posts\/98290\/revisions"}],"wp:featuredmedia":[{"embeddable":true,"href":"https:\/\/senoticias.com.br\/se\/wp-json\/wp\/v2\/media\/98291"}],"wp:attachment":[{"href":"https:\/\/senoticias.com.br\/se\/wp-json\/wp\/v2\/media?parent=98290"}],"wp:term":[{"taxonomy":"category","embeddable":true,"href":"https:\/\/senoticias.com.br\/se\/wp-json\/wp\/v2\/categories?post=98290"},{"taxonomy":"post_tag","embeddable":true,"href":"https:\/\/senoticias.com.br\/se\/wp-json\/wp\/v2\/tags?post=98290"}],"curies":[{"name":"wp","href":"https:\/\/api.w.org\/{rel}","templated":true}]}}