{"id":98287,"date":"2016-11-27T13:00:32","date_gmt":"2016-11-27T16:00:32","guid":{"rendered":"http:\/\/senoticias.com.br\/se\/?p=98287"},"modified":"2016-11-27T13:12:58","modified_gmt":"2016-11-27T16:12:58","slug":"prefeito-de-maruim-justifica-supersalario-e-muita-responsabilidade","status":"publish","type":"post","link":"https:\/\/senoticias.com.br\/se\/prefeito-de-maruim-justifica-supersalario-e-muita-responsabilidade\/","title":{"rendered":"Prefeito de Maruim justifica supersal\u00e1rio: \u2018\u00c9 muita responsabilidade\u2019"},"content":{"rendered":"<p style=\"text-align: justify;\"><em>Por Silvia Amorim, <strong><a href=\"http:\/\/oglobo.globo.com\/brasil\/prefeito-de-maruim-se-justifica-supersalario-muita-responsabilidade-20549017\">O Globo<\/a>*<\/strong><\/em><\/p>\n<p style=\"text-align: justify;\">Era quase hora do almo\u00e7o quando tr\u00eas crian\u00e7as entraram no casebre de pau a pique, pulando a vala de esgoto na rua de terra. Vinham da escola, e as primeiras palavras dirigidas \u00e0 av\u00f3 na porta da cozinha foram queixas de fome. Era o segundo dia consecutivo em que os netos voltavam para casa reclamando de que n\u00e3o haviam recebido merenda no intervalo da aula. A dois quil\u00f4metros do vilarejo no interior de Sergipe, o prefeito de Maruim, Jeferson Santana (PMDB), entrava no seu Toyota Corolla rumo ao Tribunal de Contas do Estado. O \u00f3rg\u00e3o amea\u00e7a bloquear as contas da prefeitura por atrasos no pagamento de servidores. Apesar de toda essa situa\u00e7\u00e3o, o sal\u00e1rio do prefeito, reeleito, foi fixado em R$ 30 mil para o pr\u00f3ximo mandato (2017 a 2020). \u00c9 mais do que ganha o presidente Michel Temer (R$ 27 mil).<\/p>\n<p style=\"text-align: justify;\"><strong>O senhor considera adequado um sal\u00e1rio de R$ 30 mil para um prefeito? Hoje, seu subs\u00eddio \u00e9 de R$ 18 mil.<\/strong><\/p>\n<p style=\"text-align: justify;\">Acho adequado devido \u00e0 responsabilidade toda do prefeito. Hoje qualquer administrador de qualquer empresa est\u00e1 ganhando mais que isso. \u00c9 muita responsabilidade gerir um munic\u00edpio, e as consequ\u00eancias que poder\u00e3o vir de qualquer ato que voc\u00ea fizer \u00e9 para toda a vida.<\/p>\n<div id=\"attachment_98288\" style=\"width: 609px\" class=\"wp-caption aligncenter\"><img loading=\"lazy\" decoding=\"async\" aria-describedby=\"caption-attachment-98288\" class=\"size-full wp-image-98288\" src=\"http:\/\/senoticias.com.br\/se\/wp-content\/uploads\/2016\/11\/Prefeito-de-Maruim-SE-Noticias-e1480262111552.jpg\" alt=\" Jeferson Santana defende remunera\u00e7\u00e3o de R$ 30 mil para gestores municipais. (Foto: Marcos Alves)\" width=\"599\" height=\"360\" \/><p id=\"caption-attachment-98288\" class=\"wp-caption-text\"><br \/>Jeferson Santana defende remunera\u00e7\u00e3o de R$ 30 mil para gestores municipais. (Foto: Marcos Alves)<\/p><\/div>\n<p style=\"text-align: justify;\"><strong>\u00c9 justo ter 66% de aumento enquanto servi\u00e7os b\u00e1sicos ainda faltam \u00e0 popula\u00e7\u00e3o?<\/strong><\/p>\n<p style=\"text-align: justify;\">N\u00e3o fui eu o autor dessa lei, mas a C\u00e2mara. A lei estipulou que at\u00e9 2020 o sal\u00e1rio pode ser esse. N\u00e3o quer dizer que vou receber isso a partir de janeiro. Vai depender do or\u00e7amento.<\/p>\n<p style=\"text-align: justify;\"><strong>O senhor podia ter vetado o seu reajuste. Por que n\u00e3o fez?<\/strong><\/p>\n<p>Aqui temos uma lei de muito tempo que diz que o sal\u00e1rio do prefeito tem que ser quatro vezes o dos vereadores. Estou cumprindo a lei.<\/p>\n<p style=\"text-align: justify;\"><strong>H\u00e1 prefeitos reduzindo o sal\u00e1rio para enfrentar a queda de arrecada\u00e7\u00e3o. O senhor cogita reduzir em janeiro seu sal\u00e1rio para menos do que est\u00e1 ganhando hoje?<\/strong><\/p>\n<p>N\u00e3o. Isso, n\u00e3o.<\/p>\n<p>*Clique <a href=\"http:\/\/oglobo.globo.com\/brasil\/marajas-em-meio-miseria-prefeitos-tem-salarios-de-ate-33-mil-20548811\"><strong>AQUI<\/strong><\/a>\u00a0para assistir o v\u00eddeo e ler a mat\u00e9ria na \u00edntegra.<\/p>\n<p><img loading=\"lazy\" decoding=\"async\" class=\"aligncenter size-full wp-image-98211\" src=\"http:\/\/senoticias.com.br\/se\/wp-content\/uploads\/2016\/11\/Logo-fone-1-2-1-3.jpg\" alt=\"logo-fone-1-2-1\" width=\"599\" height=\"78\" srcset=\"https:\/\/senoticias.com.br\/se\/wp-content\/uploads\/2016\/11\/Logo-fone-1-2-1-3.jpg 599w, https:\/\/senoticias.com.br\/se\/wp-content\/uploads\/2016\/11\/Logo-fone-1-2-1-3-300x39.jpg 300w\" sizes=\"(max-width: 599px) 100vw, 599px\" \/><\/p>\n<p><em><strong>Acompanhe tamb\u00e9m o SE Not\u00edcias no<\/strong><span class=\"apple-converted-space\"><b>\u00a0<\/b><\/span><strong><a href=\"https:\/\/twitter.com\/Senoticias\" target=\"_blank\">Twitter<\/a>,<\/strong><span class=\"apple-converted-space\"><b>\u00a0<\/b><\/span><strong><a href=\"https:\/\/www.facebook.com\/senoticias1\" target=\"_blank\">Facebook<span class=\"apple-converted-space\">\u00a0<\/span><\/a>e no<\/strong><span class=\"apple-converted-space\"><b>\u00a0<\/b><\/span><strong><a href=\"https:\/\/www.instagram.com\/senoticias\/\" target=\"_blank\">Instagram<\/a><\/strong><\/em><\/p>\n","protected":false},"excerpt":{"rendered":"<p>Por Silvia Amorim, O Globo* Era quase hora do almo\u00e7o quando tr\u00eas crian\u00e7as entraram no casebre de pau a pique, pulando a vala de esgoto na rua de terra. Vinham da escola, e as primeiras palavras dirigidas \u00e0 av\u00f3 na porta da cozinha foram queixas de fome. Era o segundo dia consecutivo em que os [&hellip;]<\/p>\n","protected":false},"author":2,"featured_media":98288,"comment_status":"closed","ping_status":"closed","sticky":false,"template":"","format":"standard","meta":{"footnotes":""},"categories":[15,38],"tags":[],"class_list":{"0":"post-98287","1":"post","2":"type-post","3":"status-publish","4":"format-standard","5":"has-post-thumbnail","7":"category-destaques","8":"category-municipios"},"_links":{"self":[{"href":"https:\/\/senoticias.com.br\/se\/wp-json\/wp\/v2\/posts\/98287"}],"collection":[{"href":"https:\/\/senoticias.com.br\/se\/wp-json\/wp\/v2\/posts"}],"about":[{"href":"https:\/\/senoticias.com.br\/se\/wp-json\/wp\/v2\/types\/post"}],"author":[{"embeddable":true,"href":"https:\/\/senoticias.com.br\/se\/wp-json\/wp\/v2\/users\/2"}],"replies":[{"embeddable":true,"href":"https:\/\/senoticias.com.br\/se\/wp-json\/wp\/v2\/comments?post=98287"}],"version-history":[{"count":0,"href":"https:\/\/senoticias.com.br\/se\/wp-json\/wp\/v2\/posts\/98287\/revisions"}],"wp:featuredmedia":[{"embeddable":true,"href":"https:\/\/senoticias.com.br\/se\/wp-json\/wp\/v2\/media\/98288"}],"wp:attachment":[{"href":"https:\/\/senoticias.com.br\/se\/wp-json\/wp\/v2\/media?parent=98287"}],"wp:term":[{"taxonomy":"category","embeddable":true,"href":"https:\/\/senoticias.com.br\/se\/wp-json\/wp\/v2\/categories?post=98287"},{"taxonomy":"post_tag","embeddable":true,"href":"https:\/\/senoticias.com.br\/se\/wp-json\/wp\/v2\/tags?post=98287"}],"curies":[{"name":"wp","href":"https:\/\/api.w.org\/{rel}","templated":true}]}}