{"id":98284,"date":"2016-11-27T09:54:47","date_gmt":"2016-11-27T12:54:47","guid":{"rendered":"http:\/\/senoticias.com.br\/se\/?p=98284"},"modified":"2016-11-27T09:59:02","modified_gmt":"2016-11-27T12:59:02","slug":"sergipe-registra-aumento-nas-vagas-de-emprego-em-outubro-2","status":"publish","type":"post","link":"https:\/\/senoticias.com.br\/se\/sergipe-registra-aumento-nas-vagas-de-emprego-em-outubro-2\/","title":{"rendered":"Sergipe registra aumento nas vagas de emprego em outubro"},"content":{"rendered":"<p style=\"text-align: justify;\">Sergipe gerou 1.932 postos de trabalho com carteira assinada no m\u00eas de outubro. O dado foi apresentado pelo Cadastro Geral de Empregados e Desempregados (Caged) nesta quinta-feira, 24, e demonstra que a diferen\u00e7a registrada entre o n\u00famero de contrata\u00e7\u00f5es e demiss\u00f5es no per\u00edodo foi positiva. O saldo foi o terceiro melhor do pa\u00eds e o segundo do Nordeste, e os setores respons\u00e1veis pelo desempenho superavit\u00e1rio foram a agropecu\u00e1ria (com 1.448 de varia\u00e7\u00e3o absoluta) e a ind\u00fastria de alimentos, bebidas e \u00e1lcool et\u00edlico (1.873 de diferen\u00e7a).<\/p>\n<div id=\"attachment_98285\" style=\"width: 609px\" class=\"wp-caption aligncenter\"><img loading=\"lazy\" decoding=\"async\" aria-describedby=\"caption-attachment-98285\" class=\"size-full wp-image-98285\" src=\"http:\/\/senoticias.com.br\/se\/wp-content\/uploads\/2016\/11\/Sergipe-gera-mais-empregos-em-outubro-SE-noticias-e1480251358888.jpg\" alt=\"Gera\u00e7\u00e3o de empregos com carteira assinada no estado foi o terceiro melhor do pa\u00eds e o segundo do Nordeste\" width=\"599\" height=\"408\" \/><p id=\"caption-attachment-98285\" class=\"wp-caption-text\">Gera\u00e7\u00e3o de empregos com carteira assinada no estado foi o terceiro melhor do pa\u00eds e o segundo do Nordeste. (Foto: divulga\u00e7\u00e3o\/ASN)<\/p><\/div>\n<p style=\"text-align: justify;\">De acordo com o assessor econ\u00f4mico do governo, professor Ricardo Lacerda, no m\u00eas de outubro deste ano empregou-se mais do que em 2014 e 2015. Ele explica que o dado \u00e9 positivo, principalmente se levar em considera\u00e7\u00e3o o momento de crise o qual o pa\u00eds enfrenta e os problemas encarados pelo mercado de trabalho.<\/p>\n<p style=\"text-align: justify;\">O secret\u00e1rio de Estado do Desenvolvimento Econ\u00f4mico e da Ci\u00eancia e Tecnologia (Sedetec), Francisco Dantas, ressalta que o Governo de Sergipe atrai cada vez mais empreendimentos para o estado e realiza parcerias no sentido de garantir o emprego e a renda \u00e0 popula\u00e7\u00e3o sergipana. \u201cTem sido uma das maiores preocupa\u00e7\u00f5es do governador Jackson Barreto atrair novos investimentos e acompanhar os projetos que j\u00e1 est\u00e3o implantados. Eles s\u00e3o fundamentais para a manuten\u00e7\u00e3o dos atuais empregos, bem como na gera\u00e7\u00e3o de novos\u201d, ressalta.<\/p>\n<p><strong>Investimentos<\/strong><\/p>\n<p style=\"text-align: justify;\">Dentre os novos investimentos em Sergipe, est\u00e3o os do setor atacadista, atrav\u00e9s da instala\u00e7\u00e3o da Jomart Atacado e Assa\u00ed Atacadista, que geram mais de 200 empregos diretos e mais de 360 indiretos. Ambas foram inauguradas em outubro e investiram mais de R$ 60 milh\u00f5es.<\/p>\n<p style=\"text-align: justify;\">A primeira loja do Jomart Atacado, em Aracaju, conta com 12 check-outs e 2.500 m\u00b2 de \u00e1rea de vendas, onde trabalham mais de 130 pessoas, al\u00e9m de gerar aproximadamente 360 empregos indiretos. Localizada na avenida Maranh\u00e3o, Zona Norte da capital sergipana, a mais nova unidade do Grupo Vieira trabalha com mix de aproximadamente sete mil itens.<\/p>\n<p style=\"text-align: justify;\">Ocupando a posi\u00e7\u00e3o de segunda maior rede de atacado do pa\u00eds, o Assa\u00ed Atacadista inaugurou em Aracaju, no \u00faltimo dia 20 de outubro, sua cent\u00e9sima loja, sendo a primeira de Sergipe. Presente em 15 estados brasileiros, o grupo investiu R$ 40 milh\u00f5es no empreendimento de quase 13 mil m\u00b2 de \u00e1rea constru\u00edda, sendo 5.300 m\u00b2 de \u00e1rea de vendas, 386 vagas de estacionamento e 28 caixas. Localizada no bairro Jos\u00e9 Conrado de Ara\u00fajo, a nova loja do Assa\u00ed Atacadista gerou 120 empregos diretos e outras centenas de novos postos de trabalho de forma indireta.<\/p>\n<p style=\"text-align: justify;\">Outro grande investimento, e o maior privado j\u00e1 realizado em Sergipe, \u00e9 a Usina Termoel\u00e9trica (UTE) Porto de Sergipe I. Or\u00e7ado em R$ 5 bilh\u00f5es, o empreendimento da GG Power fornecer\u00e1 1,5 mil megawatts de energia, tornando-se a maior usina termoel\u00e9trica da Am\u00e9rica Latina. Todo o complexo poder\u00e1 gerar 3 mil megawatts de energia. A previs\u00e3o \u00e9 que as obras durem 36 meses, gerando 1.700 empregos diretos e indiretos neste per\u00edodo, para estar em plena opera\u00e7\u00e3o em janeiro de 2020.<\/p>\n<p style=\"text-align: justify;\">\u201cQuando come\u00e7arem a contratar para trabalhar na constru\u00e7\u00e3o da termoel\u00e9trica Porto de Sergipe I, certamente ser\u00e3o gerados muitos empregos. E nesse momento de dificuldade, todas as oportunidades de gera\u00e7\u00e3o de postos de trabalho s\u00e3o muito importantes\u201d, destacou o professor Ricardo Lacerda.<img loading=\"lazy\" decoding=\"async\" class=\"aligncenter size-full wp-image-98211\" src=\"http:\/\/senoticias.com.br\/se\/wp-content\/uploads\/2016\/11\/Logo-fone-1-2-1-3.jpg\" alt=\"logo-fone-1-2-1\" width=\"599\" height=\"78\" srcset=\"https:\/\/senoticias.com.br\/se\/wp-content\/uploads\/2016\/11\/Logo-fone-1-2-1-3.jpg 599w, https:\/\/senoticias.com.br\/se\/wp-content\/uploads\/2016\/11\/Logo-fone-1-2-1-3-300x39.jpg 300w\" sizes=\"(max-width: 599px) 100vw, 599px\" \/><\/p>\n<p style=\"text-align: justify;\"><em><strong>Acompanhe tamb\u00e9m o SE Not\u00edcias no<\/strong><span class=\"apple-converted-space\"><b>\u00a0<\/b><\/span><strong><a href=\"https:\/\/twitter.com\/Senoticias\" target=\"_blank\">Twitter<\/a>,<\/strong><span class=\"apple-converted-space\"><b>\u00a0<\/b><\/span><strong><a href=\"https:\/\/www.facebook.com\/senoticias1\" target=\"_blank\">Facebook<span class=\"apple-converted-space\">\u00a0<\/span><\/a>e no<\/strong><span class=\"apple-converted-space\"><b>\u00a0<\/b><\/span><strong><a href=\"https:\/\/www.instagram.com\/senoticias\/\" target=\"_blank\">Instagram<\/a><\/strong><\/em><\/p>\n<p><em>Secretaria de Estado da Comunica\u00e7\u00e3o Social<\/em><br \/>\n<em> Governo de Sergipe<\/em><\/p>\n","protected":false},"excerpt":{"rendered":"<p>Sergipe gerou 1.932 postos de trabalho com carteira assinada no m\u00eas de outubro. O dado foi apresentado pelo Cadastro Geral de Empregados e Desempregados (Caged) nesta quinta-feira, 24, e demonstra que a diferen\u00e7a registrada entre o n\u00famero de contrata\u00e7\u00f5es e demiss\u00f5es no per\u00edodo foi positiva. O saldo foi o terceiro melhor do pa\u00eds e o [&hellip;]<\/p>\n","protected":false},"author":2,"featured_media":98285,"comment_status":"closed","ping_status":"closed","sticky":false,"template":"","format":"standard","meta":{"footnotes":""},"categories":[15,10],"tags":[54,1674,1675,1673],"class_list":{"0":"post-98284","1":"post","2":"type-post","3":"status-publish","4":"format-standard","5":"has-post-thumbnail","7":"category-destaques","8":"category-empregos","9":"tag-empregos-2","10":"tag-gera-emprego-em-outubro","11":"tag-sergipe-gera-mais-emprego-em-outubro","12":"tag-sergipe-registra-aumento-nas-vagas-de-emprego"},"_links":{"self":[{"href":"https:\/\/senoticias.com.br\/se\/wp-json\/wp\/v2\/posts\/98284"}],"collection":[{"href":"https:\/\/senoticias.com.br\/se\/wp-json\/wp\/v2\/posts"}],"about":[{"href":"https:\/\/senoticias.com.br\/se\/wp-json\/wp\/v2\/types\/post"}],"author":[{"embeddable":true,"href":"https:\/\/senoticias.com.br\/se\/wp-json\/wp\/v2\/users\/2"}],"replies":[{"embeddable":true,"href":"https:\/\/senoticias.com.br\/se\/wp-json\/wp\/v2\/comments?post=98284"}],"version-history":[{"count":0,"href":"https:\/\/senoticias.com.br\/se\/wp-json\/wp\/v2\/posts\/98284\/revisions"}],"wp:featuredmedia":[{"embeddable":true,"href":"https:\/\/senoticias.com.br\/se\/wp-json\/wp\/v2\/media\/98285"}],"wp:attachment":[{"href":"https:\/\/senoticias.com.br\/se\/wp-json\/wp\/v2\/media?parent=98284"}],"wp:term":[{"taxonomy":"category","embeddable":true,"href":"https:\/\/senoticias.com.br\/se\/wp-json\/wp\/v2\/categories?post=98284"},{"taxonomy":"post_tag","embeddable":true,"href":"https:\/\/senoticias.com.br\/se\/wp-json\/wp\/v2\/tags?post=98284"}],"curies":[{"name":"wp","href":"https:\/\/api.w.org\/{rel}","templated":true}]}}