{"id":98281,"date":"2016-11-26T22:12:02","date_gmt":"2016-11-27T01:12:02","guid":{"rendered":"http:\/\/senoticias.com.br\/se\/?p=98281"},"modified":"2016-11-27T09:48:31","modified_gmt":"2016-11-27T12:48:31","slug":"policia-civil-lamenta-o-falecimento-do-agente-jairo-joaquim-dos-santos","status":"publish","type":"post","link":"https:\/\/senoticias.com.br\/se\/policia-civil-lamenta-o-falecimento-do-agente-jairo-joaquim-dos-santos\/","title":{"rendered":"Pol\u00edcia Civil lamenta o falecimento do agente Jairo Joaquim dos Santos"},"content":{"rendered":"<p style=\"text-align: justify;\">A Pol\u00edcia Civil do Estado de Sergipe, por meio do delegado-geral Alessandro Vieira, lamenta profundamente o falecimento do agente de pol\u00edcia judici\u00e1ria, Jairo Joaquim dos Santos.<\/p>\n<div id=\"attachment_98282\" style=\"width: 609px\" class=\"wp-caption aligncenter\"><img loading=\"lazy\" decoding=\"async\" aria-describedby=\"caption-attachment-98282\" class=\"size-full wp-image-98282\" src=\"http:\/\/senoticias.com.br\/se\/wp-content\/uploads\/2016\/11\/Vereador-Jairo-Joaquim-SE-noticias-e1480250808860.jpg\" alt=\"O vereador estava no segundo mandato e havia ganhado as elei\u00e7\u00f5es para cumprir o terceiro mandato. (Foto: arquivo\/C\u00e2mara de Vereadores de Socorro)\" width=\"599\" height=\"398\" \/><p id=\"caption-attachment-98282\" class=\"wp-caption-text\">O vereador estava no segundo mandato e havia ganhado as elei\u00e7\u00f5es para cumprir o terceiro mandato. (Foto: arquivo\/C\u00e2mara de Vereadores de Socorro)<\/p><\/div>\n<p style=\"text-align: justify;\">Atualmente, al\u00e9m das atividades na PC-SE, Jairo tamb\u00e9m exercia o mandato de vereador no Munic\u00edpio de Nossa Senhora do Socorro. No \u00faltimo pleito, inclusive, ele havia sido reeleito e tomaria posse em novo mandato a partir do dia 1\u00ba de janeiro.<\/p>\n<p style=\"text-align: justify;\">Em toda sua trajet\u00f3ria na Pol\u00edcia Civil Sergipana, Jairo Joaquim sempre prezou por desenvolver suas atividades com seriedade e dedica\u00e7\u00e3o, qualidades que levou tamb\u00e9m para sua vida enquanto parlamentar.<\/p>\n<p style=\"text-align: justify;\">Em seus mandatos, destaca-se a atua\u00e7\u00e3o em discutir e defender pol\u00edticas p\u00fablicas para a Seguran\u00e7a P\u00fablica, fato que orgulha todos os colegas policiais.<\/p>\n<p style=\"text-align: justify;\">Nos solidarizamos com colegas, amigos e familiares, desejando-lhes o conforto necess\u00e1rio para superar a perda.<\/p>\n<p style=\"text-align: justify;\">Em tempo, avisamos que o corpo de Jairo Joaquim foi\u00a0velado na C\u00e2mara Municipal de Nossa Senhora do Socorro e o sepultamento ocorreu \u00e0s 17h, no Cemit\u00e9rio da cidade.<\/p>\n<p style=\"text-align: justify;\"><img loading=\"lazy\" decoding=\"async\" class=\"aligncenter size-full wp-image-98211\" src=\"http:\/\/senoticias.com.br\/se\/wp-content\/uploads\/2016\/11\/Logo-fone-1-2-1-3.jpg\" alt=\"logo-fone-1-2-1\" width=\"599\" height=\"78\" srcset=\"https:\/\/senoticias.com.br\/se\/wp-content\/uploads\/2016\/11\/Logo-fone-1-2-1-3.jpg 599w, https:\/\/senoticias.com.br\/se\/wp-content\/uploads\/2016\/11\/Logo-fone-1-2-1-3-300x39.jpg 300w\" sizes=\"(max-width: 599px) 100vw, 599px\" \/><\/p>\n<p style=\"text-align: justify;\"><em><strong>Acompanhe tamb\u00e9m o SE Not\u00edcias no<\/strong><span class=\"apple-converted-space\"><b>\u00a0<\/b><\/span><strong><a href=\"https:\/\/twitter.com\/Senoticias\" target=\"_blank\">Twitter<\/a>,<\/strong><span class=\"apple-converted-space\"><b>\u00a0<\/b><\/span><strong><a href=\"https:\/\/www.facebook.com\/senoticias1\" target=\"_blank\">Facebook<span class=\"apple-converted-space\">\u00a0<\/span><\/a>e no<\/strong><span class=\"apple-converted-space\"><b>\u00a0<\/b><\/span><strong><a href=\"https:\/\/www.instagram.com\/senoticias\/\" target=\"_blank\">Instagram<\/a><\/strong><\/em><\/p>\n<p>Alessandro Vieira<br \/>\nDelegado-geral da PC-SE<\/p>\n","protected":false},"excerpt":{"rendered":"<p>A Pol\u00edcia Civil do Estado de Sergipe, por meio do delegado-geral Alessandro Vieira, lamenta profundamente o falecimento do agente de pol\u00edcia judici\u00e1ria, Jairo Joaquim dos Santos. Atualmente, al\u00e9m das atividades na PC-SE, Jairo tamb\u00e9m exercia o mandato de vereador no Munic\u00edpio de Nossa Senhora do Socorro. No \u00faltimo pleito, inclusive, ele havia sido reeleito e [&hellip;]<\/p>\n","protected":false},"author":2,"featured_media":98282,"comment_status":"closed","ping_status":"closed","sticky":false,"template":"","format":"standard","meta":{"footnotes":""},"categories":[7],"tags":[],"class_list":{"0":"post-98281","1":"post","2":"type-post","3":"status-publish","4":"format-standard","5":"has-post-thumbnail","7":"category-policia"},"_links":{"self":[{"href":"https:\/\/senoticias.com.br\/se\/wp-json\/wp\/v2\/posts\/98281"}],"collection":[{"href":"https:\/\/senoticias.com.br\/se\/wp-json\/wp\/v2\/posts"}],"about":[{"href":"https:\/\/senoticias.com.br\/se\/wp-json\/wp\/v2\/types\/post"}],"author":[{"embeddable":true,"href":"https:\/\/senoticias.com.br\/se\/wp-json\/wp\/v2\/users\/2"}],"replies":[{"embeddable":true,"href":"https:\/\/senoticias.com.br\/se\/wp-json\/wp\/v2\/comments?post=98281"}],"version-history":[{"count":0,"href":"https:\/\/senoticias.com.br\/se\/wp-json\/wp\/v2\/posts\/98281\/revisions"}],"wp:featuredmedia":[{"embeddable":true,"href":"https:\/\/senoticias.com.br\/se\/wp-json\/wp\/v2\/media\/98282"}],"wp:attachment":[{"href":"https:\/\/senoticias.com.br\/se\/wp-json\/wp\/v2\/media?parent=98281"}],"wp:term":[{"taxonomy":"category","embeddable":true,"href":"https:\/\/senoticias.com.br\/se\/wp-json\/wp\/v2\/categories?post=98281"},{"taxonomy":"post_tag","embeddable":true,"href":"https:\/\/senoticias.com.br\/se\/wp-json\/wp\/v2\/tags?post=98281"}],"curies":[{"name":"wp","href":"https:\/\/api.w.org\/{rel}","templated":true}]}}