{"id":98276,"date":"2016-11-26T20:57:14","date_gmt":"2016-11-26T23:57:14","guid":{"rendered":"http:\/\/senoticias.com.br\/se\/?p=98276"},"modified":"2016-11-26T20:57:35","modified_gmt":"2016-11-26T23:57:35","slug":"thalles-brilha-vasco-vence-ceara-e-esta-de-volta-a-serie-a","status":"publish","type":"post","link":"https:\/\/senoticias.com.br\/se\/thalles-brilha-vasco-vence-ceara-e-esta-de-volta-a-serie-a\/","title":{"rendered":"Thalles brilha, Vasco vence Cear\u00e1 e est\u00e1 de volta \u00e0 S\u00e9rie A"},"content":{"rendered":"<p style=\"text-align: justify;\">Pela \u00faltima rodada do Campeonato Brasileiro da S\u00e9rie B, o Vasco venceu o Cear\u00e1 pelo placar de 2 a 1, na tarde deste s\u00e1bado (26\/11), no Maracan\u00e3, e garantiu o acesso \u00e0 S\u00e9rie A. O time vasca\u00edno saiu do primeiro tempo atr\u00e1s no placar, mas, logo no in\u00edcio da etapa complementar, virou o jogo e venceu os cearenses, com gols marcados por Thalles.<\/p>\n<div id=\"attachment_98277\" style=\"width: 609px\" class=\"wp-caption aligncenter\"><img loading=\"lazy\" decoding=\"async\" aria-describedby=\"caption-attachment-98277\" class=\"size-full wp-image-98277\" src=\"http:\/\/senoticias.com.br\/se\/wp-content\/uploads\/2016\/11\/Vasco-volta-a-serie-a-SE-noticias-e1480204474354.jpg\" alt=\" Fim de jogo no Maracan\u00e3: Nen\u00ea se ajoelha, e a torcida festeja o acesso do Vasco \u00e0 S\u00e9rie A ap\u00f3s virada sobre o Cear\u00e1. (Foto: Guilherme Pinto \/ Ag\u00eancia O Globo) \" width=\"599\" height=\"360\" \/><p id=\"caption-attachment-98277\" class=\"wp-caption-text\"><br \/>Fim de jogo no Maracan\u00e3: Nen\u00ea se ajoelha, e a torcida festeja o acesso do Vasco \u00e0 S\u00e9rie A ap\u00f3s virada sobre o Cear\u00e1. (Foto: Guilherme Pinto \/ Ag\u00eancia O Globo)<\/p><\/div>\n<p style=\"text-align: justify;\">O primeiro tempo n\u00e3o foi dos melhores para o Vasco no Maracan\u00e3. Apesar de come\u00e7ar a partida em cima do Cear\u00e1, o Cruzmaltino teve poucas chances. A primeira oportunidade surgiu dos p\u00e9s de Thalles. O camisa 9 vasca\u00edno recebeu dentro da grande \u00e1rea, ajeitou e bateu em cima do goleiro.<\/p>\n<p style=\"text-align: justify;\">Na casa dos 20 minutos da etapa inicial, o Cear\u00e1 teve duas oportunidades e, uma delas, fatal. Eduardo arriscou de fora da \u00e1rea e a bola foi no canto direito de Martin Silva. Atr\u00e1s do placar, o Vasco buscou a rea\u00e7\u00e3o. Em cobran\u00e7a de falta, Rodrigo acabou chutando para a defesa do goleiro. Sem mais oportunidades, o Cruzmaltino foi para o vesti\u00e1rio atr\u00e1s do marcador.<\/p>\n<p style=\"text-align: justify;\">A segunda etapa come\u00e7ou agitada. Logo no in\u00edcio, ap\u00f3s cobran\u00e7a de falta de Andrezinho, \u00c9der Luis chutou em cima do goleiro e a bola voltou nos p\u00e9s de Thalles, que mandou para o fundo da rede. Em seguida, Madson cobrou lateral, Jorge Henrique ajeitou e Thalles, novamente, marcou: 2 a 1.<\/p>\n<p style=\"text-align: justify;\">Com o placar favor\u00e1vel e o apoio da torcida, o Cruzmaltino passou a ter mais calma no jogo. Por\u00e9m, do outro lado, o Cear\u00e1 n\u00e3o aliviava. Ap\u00f3s cruzamento rasteiro, Wescley, dentro da pequena \u00e1rea, acertou o travess\u00e3o. O Vasco administrava o jogo e, j\u00e1 no fim, teve uma chance com Andrezinho, de falta, mas sem sucesso.<\/p>\n<p style=\"text-align: justify;\"><strong>FICHA T\u00c9CNICA<\/strong> \u2013 VASCO 2X1 CEAR\u00c1 Competi\u00e7\u00e3o: 38\u00aa rodada do Campeonato Brasileiro da S\u00e9rie B<\/p>\n<p><strong>Local:<\/strong> Maracan\u00e3, RJ &#8211; Data: 26 de novembro de 2016<\/p>\n<p style=\"text-align: justify;\"><strong>Hor\u00e1rio:<\/strong> 17h30 (Hor\u00e1rio de Bras\u00edlia)P\u00fablico presente: 56.426 \/ Pagantes: 49.259<br \/>\n<strong>Renda:<\/strong> 924.630Cart\u00e3o vermelho: Valdo (Cear\u00e1)\u00c1rbitro: Thiago Duarte Peixoto (SP)<br \/>\n<strong>Assistentes:<\/strong> Danilo Ricardo Simon Manis (SP) e Herman Brumel Vani (SP)<br \/>\n<strong>Cart\u00e3o amarelo:<\/strong> Thalles (Vasco) \/ Valdo e Richardson (Cear\u00e1).<br \/>\n<strong>VASCO:<\/strong> Mart\u00edn Silva; Madson (William), Rafael Marques, Rodrigo e Julio Cesar; Diguinho (\u00c9der Lu\u00eds), Douglas, Andrezinho e Nen\u00ea; Jorge Henrique (Julio dos Santos) e Thalles.<br \/>\n<strong>T\u00e9cnico:<\/strong> Jorginho<br \/>\n<strong>Gols:<\/strong> Eduardo (1\u00ba\/ 27&#8242;) &#8211; Cear\u00e1; Thalles (2\u00ba\/02&#8242;, 04&#8242;) &#8211; Vasco<br \/>\n<strong>Cear\u00e1:<\/strong> \u00c9verson; Tiago Camet\u00e1, Ewerton P\u00e1scoa, Valdo, Eduardo; Richardson, Felipe Menezes, Felipe (Ricardinho) e Wescley; Lel\u00ea (Robinho) e Bill (Rafael Costa).<br \/>\n<strong>T\u00e9cnico:<\/strong> S\u00e9rgio Soares<\/p>\n<p style=\"text-align: justify;\"><img loading=\"lazy\" decoding=\"async\" class=\"aligncenter size-full wp-image-98211\" src=\"http:\/\/senoticias.com.br\/se\/wp-content\/uploads\/2016\/11\/Logo-fone-1-2-1-3.jpg\" alt=\"logo-fone-1-2-1\" width=\"599\" height=\"78\" srcset=\"https:\/\/senoticias.com.br\/se\/wp-content\/uploads\/2016\/11\/Logo-fone-1-2-1-3.jpg 599w, https:\/\/senoticias.com.br\/se\/wp-content\/uploads\/2016\/11\/Logo-fone-1-2-1-3-300x39.jpg 300w\" sizes=\"(max-width: 599px) 100vw, 599px\" \/><\/p>\n<p style=\"text-align: justify;\"><em><strong>Acompanhe tamb\u00e9m o SE Not\u00edcias no<\/strong><strong>\u00a0<\/strong><strong><a href=\"https:\/\/twitter.com\/Senoticias\">Twitter<\/a>,<\/strong><strong>\u00a0<\/strong><strong><a href=\"https:\/\/www.facebook.com\/senoticias1\">Facebook\u00a0<\/a>e no<\/strong><strong>\u00a0<\/strong><strong><a href=\"https:\/\/www.instagram.com\/senoticias\/\">Instagram<\/a><\/strong><\/em><\/p>\n<p style=\"text-align: justify;\"><em>por\u00a0 Larissa Ramos, da Assessoria de Imprensa\/Vasco da Gama<\/em><\/p>\n","protected":false},"excerpt":{"rendered":"<p>Pela \u00faltima rodada do Campeonato Brasileiro da S\u00e9rie B, o Vasco venceu o Cear\u00e1 pelo placar de 2 a 1, na tarde deste s\u00e1bado (26\/11), no Maracan\u00e3, e garantiu o acesso \u00e0 S\u00e9rie A. O time vasca\u00edno saiu do primeiro tempo atr\u00e1s no placar, mas, logo no in\u00edcio da etapa complementar, virou o jogo e [&hellip;]<\/p>\n","protected":false},"author":2,"featured_media":98277,"comment_status":"closed","ping_status":"closed","sticky":false,"template":"","format":"standard","meta":{"footnotes":""},"categories":[15,26],"tags":[],"class_list":{"0":"post-98276","1":"post","2":"type-post","3":"status-publish","4":"format-standard","5":"has-post-thumbnail","7":"category-destaques","8":"category-esportes"},"_links":{"self":[{"href":"https:\/\/senoticias.com.br\/se\/wp-json\/wp\/v2\/posts\/98276"}],"collection":[{"href":"https:\/\/senoticias.com.br\/se\/wp-json\/wp\/v2\/posts"}],"about":[{"href":"https:\/\/senoticias.com.br\/se\/wp-json\/wp\/v2\/types\/post"}],"author":[{"embeddable":true,"href":"https:\/\/senoticias.com.br\/se\/wp-json\/wp\/v2\/users\/2"}],"replies":[{"embeddable":true,"href":"https:\/\/senoticias.com.br\/se\/wp-json\/wp\/v2\/comments?post=98276"}],"version-history":[{"count":0,"href":"https:\/\/senoticias.com.br\/se\/wp-json\/wp\/v2\/posts\/98276\/revisions"}],"wp:featuredmedia":[{"embeddable":true,"href":"https:\/\/senoticias.com.br\/se\/wp-json\/wp\/v2\/media\/98277"}],"wp:attachment":[{"href":"https:\/\/senoticias.com.br\/se\/wp-json\/wp\/v2\/media?parent=98276"}],"wp:term":[{"taxonomy":"category","embeddable":true,"href":"https:\/\/senoticias.com.br\/se\/wp-json\/wp\/v2\/categories?post=98276"},{"taxonomy":"post_tag","embeddable":true,"href":"https:\/\/senoticias.com.br\/se\/wp-json\/wp\/v2\/tags?post=98276"}],"curies":[{"name":"wp","href":"https:\/\/api.w.org\/{rel}","templated":true}]}}