{"id":98273,"date":"2016-11-26T19:56:45","date_gmt":"2016-11-26T22:56:45","guid":{"rendered":"http:\/\/senoticias.com.br\/se\/?p=98273"},"modified":"2016-11-26T19:56:45","modified_gmt":"2016-11-26T22:56:45","slug":"renan-diz-que-senado-nao-votara-anistia-a-caixa-2-de-campanha-eleitoral","status":"publish","type":"post","link":"https:\/\/senoticias.com.br\/se\/renan-diz-que-senado-nao-votara-anistia-a-caixa-2-de-campanha-eleitoral\/","title":{"rendered":"Renan diz que Senado n\u00e3o votar\u00e1 anistia a caixa 2 de campanha eleitoral"},"content":{"rendered":"<p style=\"text-align: justify\">Em meio \u00e0 pol\u00eamica em torno da possibilidade de que a C\u00e2mara dos Deputados, na vota\u00e7\u00e3o do projeto anticorrup\u00e7\u00e3o, aprove uma anistia ao caixa 2 de campanha, o presidente do Senado, Renan Calheiros (PMDB-AL), disse hoje (26), em nota, que a Casa n\u00e3o votar\u00e1 nenhuma proposta de \u201canistia de campanhas eleitorais\u201d. Segundo Renan, a medida visa \u201cpoupar\u201d o presidente da Rep\u00fablica de eventual veto ou san\u00e7\u00e3o de proposta impopular.<\/p>\n<div id=\"attachment_98274\" style=\"width: 590px\" class=\"wp-caption aligncenter\"><a href=\"http:\/\/senoticias.com.br\/se\/wp-content\/uploads\/2016\/11\/Renan-Calheiros.jpg\"><img loading=\"lazy\" decoding=\"async\" aria-describedby=\"caption-attachment-98274\" class=\"size-full wp-image-98274\" src=\"http:\/\/senoticias.com.br\/se\/wp-content\/uploads\/2016\/11\/Renan-Calheiros.jpg\" alt=\"Renan Calheiros disse que Senado n\u00e3o votar\u00e1 proposta que anistia caixa 2 de campanhas eleitorais Marcelo Camargo\/Ag\u00eancia Brasil\" width=\"580\" height=\"388\" srcset=\"https:\/\/senoticias.com.br\/se\/wp-content\/uploads\/2016\/11\/Renan-Calheiros.jpg 580w, https:\/\/senoticias.com.br\/se\/wp-content\/uploads\/2016\/11\/Renan-Calheiros-300x201.jpg 300w, https:\/\/senoticias.com.br\/se\/wp-content\/uploads\/2016\/11\/Renan-Calheiros-90x60.jpg 90w, https:\/\/senoticias.com.br\/se\/wp-content\/uploads\/2016\/11\/Renan-Calheiros-180x120.jpg 180w, https:\/\/senoticias.com.br\/se\/wp-content\/uploads\/2016\/11\/Renan-Calheiros-95x64.jpg 95w\" sizes=\"(max-width: 580px) 100vw, 580px\" \/><\/a><p id=\"caption-attachment-98274\" class=\"wp-caption-text\">Renan Calheiros disse que Senado n\u00e3o votar\u00e1 proposta que anistia caixa 2 de campanhas eleitorais Marcelo Camargo\/Ag\u00eancia Brasil<\/p><\/div>\n<p style=\"text-align: justify\">\u201cO Senado Federal tem uma pauta posta at\u00e9 o final do ano, fruto de um entendimento entre as lideran\u00e7as de todos os partidos. Em raz\u00e3o dessa pauta, o Senado n\u00e3o vai votar qualquer projeto que envolva eventuais anistias de campanhas eleitorais, poupando o Senhor Presidente da Rep\u00fablica de veto ou san\u00e7\u00e3o sobre mat\u00e9rias dessa natureza\u201d, diz a nota assinada por Renan.<\/p>\n<p style=\"text-align: justify\"><strong>Entrevista neste domingo no Pal\u00e1cio do Planalto<\/strong><\/p>\n<p style=\"text-align: justify\">Amanh\u00e3 (27), domingo, o presidente Michel Temer e os presidentes do Senado, Renan Calheiros, e da C\u00e2mara, Rodrigo Maia, conceder\u00e3o entrevista coletiva no Pal\u00e1cio do Planalto. Segundo assessores, eles ir\u00e3o reiterar que, caso o Congresso aprove anistia ao caixa 2, a proposta ser\u00e1 vetada.<\/p>\n<p style=\"text-align: justify\">Na noite de ontem, o l\u00edder do PSD na C\u00e2mara, deputado Rog\u00e9rio Rosso (DF), por meio das redes sociais, afirmou que Temer prometeu que \u201cvetar\u00e1 imediatamente\u201d qualquer anistia a caixa 2 que possa vir a ser aprovada pelo Congresso.<\/p>\n<p style=\"text-align: justify\">Temer, que estava em S\u00e3o Paulo hoje pela manh\u00e3 e voltou para Bras\u00edlia \u00e0 tarde, est\u00e1 reunido agora \u00e0 noite, no Pal\u00e1cio do Jaburu, com o presidente da C\u00e2mara e o Secret\u00e1rio-Executivo do Programa de Parceria de Investimentos (PPI), Moreira Franco. A assessoria do Planalto n\u00e3o informou o assunto da reuni\u00e3o.<\/p>\n<p style=\"line-height: 14.25pt\"><strong><span style=\"font-size: 10.0pt;font-family: 'Georgia','serif';color: #333333\">Acompanhe tamb\u00e9m o SE Not\u00edcias no<\/span><\/strong><span class=\"apple-converted-space\"><b><span style=\"font-size: 10.0pt;font-family: 'Georgia','serif';color: #333333\">\u00a0<\/span><\/b><\/span><strong><span style=\"font-size: 10.0pt;font-family: 'Georgia','serif';color: #333333\"><a href=\"https:\/\/twitter.com\/Senoticias\" target=\"_blank\">Twitter<\/a>,<\/span><\/strong><span class=\"apple-converted-space\"><b><span style=\"font-size: 10.0pt;font-family: 'Georgia','serif';color: #333333\">\u00a0<\/span><\/b><\/span><strong><span style=\"font-size: 10.0pt;font-family: 'Georgia','serif';color: #333333\"><a href=\"https:\/\/www.facebook.com\/senoticias1\" target=\"_blank\">Facebook<span class=\"apple-converted-space\"><span style=\"color: windowtext;text-decoration: none\">\u00a0<\/span><\/span><\/a>e no<\/span><\/strong><span class=\"apple-converted-space\"><b><span style=\"font-size: 10.0pt;font-family: 'Georgia','serif';color: #333333\">\u00a0<\/span><\/b><\/span><strong><span style=\"font-size: 10.0pt;font-family: 'Georgia','serif';color: #333333\"><a href=\"https:\/\/www.instagram.com\/senoticias\/\" target=\"_blank\">Instagram<\/a>.<\/span><\/strong><\/p>\n<p style=\"text-align: justify\"><a href=\"http:\/\/senoticias.com.br\/se\/wp-content\/uploads\/2016\/11\/Logo-fone-1-2-1-3.jpg\"><img loading=\"lazy\" decoding=\"async\" class=\"aligncenter size-full wp-image-98211\" src=\"http:\/\/senoticias.com.br\/se\/wp-content\/uploads\/2016\/11\/Logo-fone-1-2-1-3.jpg\" alt=\"logo-fone-1-2-1\" width=\"599\" height=\"78\" srcset=\"https:\/\/senoticias.com.br\/se\/wp-content\/uploads\/2016\/11\/Logo-fone-1-2-1-3.jpg 599w, https:\/\/senoticias.com.br\/se\/wp-content\/uploads\/2016\/11\/Logo-fone-1-2-1-3-300x39.jpg 300w\" sizes=\"(max-width: 599px) 100vw, 599px\" \/><\/a><\/p>\n<p style=\"text-align: justify\">Informa\u00e7\u00f5es da Ag\u00eancia Brasil de Noticias.<\/p>\n","protected":false},"excerpt":{"rendered":"<p>Em meio \u00e0 pol\u00eamica em torno da possibilidade de que a C\u00e2mara dos Deputados, na vota\u00e7\u00e3o do projeto anticorrup\u00e7\u00e3o, aprove uma anistia ao caixa 2 de campanha, o presidente do Senado, Renan Calheiros (PMDB-AL), disse hoje (26), em nota, que a Casa n\u00e3o votar\u00e1 nenhuma proposta de \u201canistia de campanhas eleitorais\u201d. Segundo Renan, a medida [&hellip;]<\/p>\n","protected":false},"author":5618,"featured_media":98274,"comment_status":"closed","ping_status":"closed","sticky":false,"template":"","format":"standard","meta":{"footnotes":""},"categories":[6],"tags":[1670],"class_list":{"0":"post-98273","1":"post","2":"type-post","3":"status-publish","4":"format-standard","5":"has-post-thumbnail","7":"category-politica","8":"tag-renan-diz-que-senado-nao-votara-anistia-a-caixa-2-de-campanha-eleitoral"},"_links":{"self":[{"href":"https:\/\/senoticias.com.br\/se\/wp-json\/wp\/v2\/posts\/98273"}],"collection":[{"href":"https:\/\/senoticias.com.br\/se\/wp-json\/wp\/v2\/posts"}],"about":[{"href":"https:\/\/senoticias.com.br\/se\/wp-json\/wp\/v2\/types\/post"}],"author":[{"embeddable":true,"href":"https:\/\/senoticias.com.br\/se\/wp-json\/wp\/v2\/users\/5618"}],"replies":[{"embeddable":true,"href":"https:\/\/senoticias.com.br\/se\/wp-json\/wp\/v2\/comments?post=98273"}],"version-history":[{"count":0,"href":"https:\/\/senoticias.com.br\/se\/wp-json\/wp\/v2\/posts\/98273\/revisions"}],"wp:featuredmedia":[{"embeddable":true,"href":"https:\/\/senoticias.com.br\/se\/wp-json\/wp\/v2\/media\/98274"}],"wp:attachment":[{"href":"https:\/\/senoticias.com.br\/se\/wp-json\/wp\/v2\/media?parent=98273"}],"wp:term":[{"taxonomy":"category","embeddable":true,"href":"https:\/\/senoticias.com.br\/se\/wp-json\/wp\/v2\/categories?post=98273"},{"taxonomy":"post_tag","embeddable":true,"href":"https:\/\/senoticias.com.br\/se\/wp-json\/wp\/v2\/tags?post=98273"}],"curies":[{"name":"wp","href":"https:\/\/api.w.org\/{rel}","templated":true}]}}