{"id":98271,"date":"2016-11-26T19:34:43","date_gmt":"2016-11-26T22:34:43","guid":{"rendered":"http:\/\/senoticias.com.br\/se\/?p=98271"},"modified":"2016-11-26T19:34:43","modified_gmt":"2016-11-26T22:34:43","slug":"vasco-vence-e-garante-acesso-a-serie-a-do-campeonato-brasileiro","status":"publish","type":"post","link":"https:\/\/senoticias.com.br\/se\/vasco-vence-e-garante-acesso-a-serie-a-do-campeonato-brasileiro\/","title":{"rendered":"Vasco vence e garante acesso \u00e0 S\u00e9rie A do Campeonato Brasileiro."},"content":{"rendered":"<p style=\"text-align: justify\">O Vasco estar\u00e1 na S\u00e9rie A do Campeonato Brasileiro de 2017, mas a sua torcida sofreu no triunfo por 2 a 1 diante do Cear\u00e1, no Maracan\u00e3. Uma atua\u00e7\u00e3o muito ruim do time cruz-maltino irritou a arquibancada lotada, que vociferou contra o presidente Eurico Miranda e se viu obrigada a comemorar gols do modesto Oeste contra o N\u00e1utico, com o time cearense vencendo por 1 a 0 &#8211; gol de Eduardo &#8211; nos primeiros 45 minutos. A mexida de Jorginho no intervalo lan\u00e7ando a equipe ao ataque deu certo &#8211; Diguinho foi trocado por Eder Luis &#8211; e os dois gols de Thalles antes dos cinco minutos da etapa final encerraram o drama. Mesmo sem apresentar um bom futebol, o acesso foi tranquilo, e o terceiro lugar na classifica\u00e7\u00e3o geral foi assegurado com o trope\u00e7o do Bahia.<\/p>\n<div id=\"attachment_98272\" style=\"width: 608px\" class=\"wp-caption aligncenter\"><a href=\"http:\/\/senoticias.com.br\/se\/wp-content\/uploads\/2016\/11\/Vasco-vence-e1480199582239.jpg\"><img loading=\"lazy\" decoding=\"async\" aria-describedby=\"caption-attachment-98272\" class=\"size-full wp-image-98272\" src=\"http:\/\/senoticias.com.br\/se\/wp-content\/uploads\/2016\/11\/Vasco-vence-e1480199582239.jpg\" alt=\"Foto: Reprodu\u00e7\u00e3o do Globo Esporte .com\" width=\"598\" height=\"336\" \/><\/a><p id=\"caption-attachment-98272\" class=\"wp-caption-text\">Foto: Reprodu\u00e7\u00e3o do Globo Esporte .com<\/p><\/div>\n<p style=\"text-align: justify\">Thalles mostrou mais uma vez poder de decis\u00e3o e n\u00e3o sentiu a press\u00e3o do Maracan\u00e3 lotado vaiando a atua\u00e7\u00e3o muito ruim do Vasco no primeiro tempo. Relegado em um clube que buscou de todas maneiras no mercado um nome de consenso para sua posi\u00e7\u00e3o, o jovem foi o escolhido no desespero e deu conta do recado. Com sete gols na competi\u00e7\u00e3o, o atacante foi respons\u00e1vel direto pelos \u00faltimos 10 pontos do Vasco. Al\u00e9m dos dois gols neste s\u00e1bado, Thalles marcou no 1 a 0 sobre o Paran\u00e1, abriu o placar no 1 a 1 com o Luverdense, e repetiu a dose no 2 a 1 diante do Bragantino, al\u00e9m de sofrer o p\u00eanalti convertido por Nen\u00ea.<\/p>\n<p style=\"text-align: justify\"><strong>1\u00ba TEMPO<\/strong><\/p>\n<p style=\"text-align: justify\">Iniciada a partida, a torcida que lotou o Maracan\u00e3 mostrava total confian\u00e7a e cantava sem parar, vaiando cada toque na bola dos jogadores do Cear\u00e1. O primeiro sinal de tens\u00e3o foi aos seis minutos. Bill se estranhou com Rodrigo em uma disputa, Rafael Marques chegou empurrando, e tudo foi resolvido no papo. Aos 11, a primeira chance. Cruzamento de Nen\u00ea que M\u00e1dson ajeitou para Thalles girar e bater. Boa defesa de \u00c9verson.<\/p>\n<p style=\"text-align: justify\">Em contra-ataque r\u00e1pido, o Cear\u00e1 chegou a ter cinco contra tr\u00eas do Vasco, mas n\u00e3o aproveitou. Logo depois do an\u00fancio do gol do N\u00e1utico, um susto. Em novo contragolpe, Felipe Menezes for\u00e7ou Martin Silva a defesa em dois tempos. E o goleiro teve de salvar o Vasco de novo em tentativa de Wescley. Foi por muito pouco. Mesmo com a derrota parcial do N\u00e1utico, a torcida vasca\u00edna se calou. Eduardo, em um chute de muito longe, achou o canto e abriu o placar: 1 a 0. O primeiro tempo terminou sob vaias, mas relativa tranquilidade, com a vit\u00f3ria parcial do Oeste sobre o N\u00e1utico.<\/p>\n<p style=\"text-align: justify\"><strong>2\u00ba TEMPO<\/strong><\/p>\n<p style=\"text-align: justify\">No segundo tempo, o Vasco veio com tudo. Logo aos dois minutos, falta cobrada por Andrezinho, e a bola sobrou para Eder Lu\u00eds. No rebote, Thalles empatou a partida: 1 a 1. A virada foi r\u00e1pida. Thalles, de novo, de cabe\u00e7a, aos quatro minutos, ap\u00f3s uma cobran\u00e7a de lateral de M\u00e1dson para a \u00e1rea. Aos sete, um susto. Wescley, de cabe\u00e7a, na pequena \u00e1rea, s\u00f3 foi parado pelo travess\u00e3o.<\/p>\n<p style=\"text-align: justify\">O Cear\u00e1 continuou a tentar ir para cima e igualar o placar, mas encontrava agora um time um pouco mais arrumado &#8211; e mais ofensivo &#8211; \u00e0 frente. O time nordestino at\u00e9 dominava as a\u00e7\u00f5es, mas n\u00e3o conseguia amea\u00e7ar de fato, enquanto o Vasco tinha o cron\u00f4metro &#8211; e os gols do Oeste em Pernambuco &#8211; ao seu lado. Aos 34, Rafael Costa perdeu de cabe\u00e7a cara a cara com Martin Silva. Ainda houve tempo para a expuls\u00e3o de Valdo, gritos de &#8220;fora, Eurico&#8221;, e comemora\u00e7\u00e3o com luzes de celulares para registrar o momento, que teve mais vaias como trilha sonora.<\/p>\n<p style=\"text-align: justify\">O Cear\u00e1, embora tenha sido derrotado com dois gols no in\u00edcio do segundo tempo, n\u00e3o se acanhou diante da press\u00e3o da torcida vasca\u00edna no Maracan\u00e3 e jogou de igual para igual. Arrumado, o time dominou o primeiro tempo e parte do segundo. Mesmo sem objetivos na classifica\u00e7\u00e3o geral, a equipe buscou o jogo at\u00e9 o fim.<\/p>\n<p style=\"line-height: 14.25pt\"><strong><span style=\"font-size: 10.0pt;font-family: 'Georgia','serif';color: #333333\">Acompanhe tamb\u00e9m o SE Not\u00edcias no<\/span><\/strong><span class=\"apple-converted-space\"><b><span style=\"font-size: 10.0pt;font-family: 'Georgia','serif';color: #333333\">\u00a0<\/span><\/b><\/span><strong><span style=\"font-size: 10.0pt;font-family: 'Georgia','serif';color: #333333\"><a href=\"https:\/\/twitter.com\/Senoticias\" target=\"_blank\">Twitter<\/a>,<\/span><\/strong><span class=\"apple-converted-space\"><b><span style=\"font-size: 10.0pt;font-family: 'Georgia','serif';color: #333333\">\u00a0<\/span><\/b><\/span><strong><span style=\"font-size: 10.0pt;font-family: 'Georgia','serif';color: #333333\"><a href=\"https:\/\/www.facebook.com\/senoticias1\" target=\"_blank\">Facebook<span class=\"apple-converted-space\"><span style=\"color: windowtext;text-decoration: none\">\u00a0<\/span><\/span><\/a>e no<\/span><\/strong><span class=\"apple-converted-space\"><b><span style=\"font-size: 10.0pt;font-family: 'Georgia','serif';color: #333333\">\u00a0<\/span><\/b><\/span><strong><span style=\"font-size: 10.0pt;font-family: 'Georgia','serif';color: #333333\"><a href=\"https:\/\/www.instagram.com\/senoticias\/\" target=\"_blank\">Instagram<\/a>.<\/span><\/strong><\/p>\n<p style=\"text-align: justify\"><a href=\"http:\/\/senoticias.com.br\/se\/wp-content\/uploads\/2016\/11\/Logo-fone-1-2-1-3.jpg\"><img loading=\"lazy\" decoding=\"async\" class=\"aligncenter size-full wp-image-98211\" src=\"http:\/\/senoticias.com.br\/se\/wp-content\/uploads\/2016\/11\/Logo-fone-1-2-1-3.jpg\" alt=\"logo-fone-1-2-1\" width=\"599\" height=\"78\" srcset=\"https:\/\/senoticias.com.br\/se\/wp-content\/uploads\/2016\/11\/Logo-fone-1-2-1-3.jpg 599w, https:\/\/senoticias.com.br\/se\/wp-content\/uploads\/2016\/11\/Logo-fone-1-2-1-3-300x39.jpg 300w\" sizes=\"(max-width: 599px) 100vw, 599px\" \/><\/a><\/p>\n<p style=\"text-align: justify\">Informa\u00e7\u00f5es do Globo Esporte .com<\/p>\n","protected":false},"excerpt":{"rendered":"<p>O Vasco estar\u00e1 na S\u00e9rie A do Campeonato Brasileiro de 2017, mas a sua torcida sofreu no triunfo por 2 a 1 diante do Cear\u00e1, no Maracan\u00e3. Uma atua\u00e7\u00e3o muito ruim do time cruz-maltino irritou a arquibancada lotada, que vociferou contra o presidente Eurico Miranda e se viu obrigada a comemorar gols do modesto Oeste [&hellip;]<\/p>\n","protected":false},"author":5618,"featured_media":98272,"comment_status":"closed","ping_status":"closed","sticky":false,"template":"","format":"standard","meta":{"footnotes":""},"categories":[26],"tags":[1669],"class_list":{"0":"post-98271","1":"post","2":"type-post","3":"status-publish","4":"format-standard","5":"has-post-thumbnail","7":"category-esportes","8":"tag-vasco-vence-e-garante-acesso-a-serie-a-do-campeonato-brasileiro"},"_links":{"self":[{"href":"https:\/\/senoticias.com.br\/se\/wp-json\/wp\/v2\/posts\/98271"}],"collection":[{"href":"https:\/\/senoticias.com.br\/se\/wp-json\/wp\/v2\/posts"}],"about":[{"href":"https:\/\/senoticias.com.br\/se\/wp-json\/wp\/v2\/types\/post"}],"author":[{"embeddable":true,"href":"https:\/\/senoticias.com.br\/se\/wp-json\/wp\/v2\/users\/5618"}],"replies":[{"embeddable":true,"href":"https:\/\/senoticias.com.br\/se\/wp-json\/wp\/v2\/comments?post=98271"}],"version-history":[{"count":0,"href":"https:\/\/senoticias.com.br\/se\/wp-json\/wp\/v2\/posts\/98271\/revisions"}],"wp:featuredmedia":[{"embeddable":true,"href":"https:\/\/senoticias.com.br\/se\/wp-json\/wp\/v2\/media\/98272"}],"wp:attachment":[{"href":"https:\/\/senoticias.com.br\/se\/wp-json\/wp\/v2\/media?parent=98271"}],"wp:term":[{"taxonomy":"category","embeddable":true,"href":"https:\/\/senoticias.com.br\/se\/wp-json\/wp\/v2\/categories?post=98271"},{"taxonomy":"post_tag","embeddable":true,"href":"https:\/\/senoticias.com.br\/se\/wp-json\/wp\/v2\/tags?post=98271"}],"curies":[{"name":"wp","href":"https:\/\/api.w.org\/{rel}","templated":true}]}}