{"id":98270,"date":"2016-11-26T19:20:38","date_gmt":"2016-11-26T22:20:38","guid":{"rendered":"http:\/\/senoticias.com.br\/se\/?p=98270"},"modified":"2016-11-26T19:20:38","modified_gmt":"2016-11-26T22:20:38","slug":"governadores-do-ne-se-reunem-no-recife-para-escrever-carta-para-temer","status":"publish","type":"post","link":"https:\/\/senoticias.com.br\/se\/governadores-do-ne-se-reunem-no-recife-para-escrever-carta-para-temer\/","title":{"rendered":"Governadores do NE se re\u00fanem no Recife para escrever carta para Temer"},"content":{"rendered":"<p style=\"text-align: justify\">Governadores de sete estados do Nordeste participaram de uma reuni\u00e3o no Pal\u00e1cio do Campo das Princesas, localizado no Centro do Recife. Um dos assuntos principais discutidos durante o encontro na noite de sexta-feira (25) foi a repatria\u00e7\u00e3o, um projeto do Governo Federal para arrecadar imposto de renda e multas das pessoas que enviaram dinheiro para fora do Brasil sem recolher os impostos.<\/p>\n<div id=\"attachment_93058\" style=\"width: 590px\" class=\"wp-caption aligncenter\"><a href=\"http:\/\/senoticias.com.br\/se\/wp-content\/uploads\/2016\/06\/Temer-completa-um-mes-na-Presidencia-neste-domingo-SE-Noticias.jpg\"><img loading=\"lazy\" decoding=\"async\" aria-describedby=\"caption-attachment-93058\" class=\"size-full wp-image-93058\" src=\"http:\/\/senoticias.com.br\/se\/wp-content\/uploads\/2016\/06\/Temer-completa-um-mes-na-Presidencia-neste-domingo-SE-Noticias.jpg\" alt=\"Foto: Arquivo\/Ag\u00eancia Brasil.\" width=\"580\" height=\"388\" srcset=\"https:\/\/senoticias.com.br\/se\/wp-content\/uploads\/2016\/06\/Temer-completa-um-mes-na-Presidencia-neste-domingo-SE-Noticias.jpg 580w, https:\/\/senoticias.com.br\/se\/wp-content\/uploads\/2016\/06\/Temer-completa-um-mes-na-Presidencia-neste-domingo-SE-Noticias-300x200.jpg 300w, https:\/\/senoticias.com.br\/se\/wp-content\/uploads\/2016\/06\/Temer-completa-um-mes-na-Presidencia-neste-domingo-SE-Noticias-342x228.jpg 342w\" sizes=\"(max-width: 580px) 100vw, 580px\" \/><\/a><p id=\"caption-attachment-93058\" class=\"wp-caption-text\">Foto: Arquivo\/Ag\u00eancia Brasil.<\/p><\/div>\n<p style=\"text-align: justify\">Esse foi o primeiro encontro dos governadores do Nordeste depois que o presidente Michel Temer anunciou as regras da divis\u00e3o dos R$ 16 bilh\u00f5es de reais arrecadados com a repatria\u00e7\u00e3o de dinheiro enviado para o exterior sem o recolhimento de impostos. A reuni\u00e3o contou com a presen\u00e7a dos governadores de Pernambuco, Paulo C\u00e2mara; do Maranh\u00e3o, Fl\u00e1vio Dino; do Piau\u00ed, Welington Dias; do Cear\u00e1, Camilo Santana; do Rio Grande do Norte, Robinson Faria; de Alagoas, Renan Filho; e da Para\u00edba, Ricardo Coutinho.<\/p>\n<p style=\"text-align: justify\">Na ocasi\u00e3o, foi escrita uma carta ao presidente, mas o conte\u00fado do documento n\u00e3o foi revelado pelo governador Paulo C\u00e2mara, o porta-voz do grupo. Ele tamb\u00e9m falou que os estados do Nordeste n\u00e3o t\u00eam como cortar mais gastos, uma das condi\u00e7\u00f5es do governo federal para dividir parte do dinheiro da repatria\u00e7\u00e3o.<\/p>\n<p style=\"text-align: justify\">\u201cN\u00e3o d\u00e1 para confundir ajuste fiscal com repatria\u00e7\u00e3o. O compromisso dos estados nordestinos com o equil\u00edbrio fiscal continua e isso est\u00e1 enfatizado na carta que vamos divulgar na segunda. Mas n\u00e3o pode ser um pacote \u00fanico para todos os estados porque n\u00e3o vamos atingir nunca essa uniformidade\u201d, ressaltou C\u00e2mara.<\/p>\n<p style=\"text-align: justify\"><strong>Investiga\u00e7\u00e3o no STF<\/strong><\/p>\n<p style=\"text-align: justify\">O governador pernambucano tamb\u00e9m falou sobre investiga\u00e7\u00e3o de superfaturamento nas obras da Arena de Pernambuco. A revista \u2018Isto\u00c9\u2019 publicou, na ter\u00e7a-feira (22), que o procurador-geral da Rep\u00fablica, Rodrigo Janot, pediu ao Supremo Tribunal Federal (STF) o prosseguimento de um inqu\u00e9rito aberto para investigar, al\u00e9m de C\u00e2mara, o prefeito de Recife, Geraldo J\u00falio; o senador Fernando Bezerra Coelho; e o deputado Tadeu Alencar, todos do Partido Socialista Brasileiro (PSB).<\/p>\n<p style=\"text-align: justify\">&#8220;N\u00e3o houve favorecimento nenhum \u00e0 construtora Odebrecht na Arena de Pernambuco. Isso j\u00e1 foi auditado pelo Tribunal de Contas do Estado e pelo Tribunal de Contas da Uni\u00e3o. N\u00f3s temos trabalhado com muita transpar\u00eancia, ent\u00e3o estamos muito tranquilos&#8221;, afirmou.<\/p>\n<p style=\"line-height: 14.25pt;text-align: justify\"><strong><span style=\"font-size: 10.0pt;font-family: 'Georgia','serif';color: #333333\">Acompanhe tamb\u00e9m o SE Not\u00edcias no<\/span><\/strong><span class=\"apple-converted-space\"><b><span style=\"font-size: 10.0pt;font-family: 'Georgia','serif';color: #333333\">\u00a0<\/span><\/b><\/span><strong><span style=\"font-size: 10.0pt;font-family: 'Georgia','serif';color: #333333\"><a href=\"https:\/\/twitter.com\/Senoticias\" target=\"_blank\">Twitter<\/a>,<\/span><\/strong><span class=\"apple-converted-space\"><b><span style=\"font-size: 10.0pt;font-family: 'Georgia','serif';color: #333333\">\u00a0<\/span><\/b><\/span><strong><span style=\"font-size: 10.0pt;font-family: 'Georgia','serif';color: #333333\"><a href=\"https:\/\/www.facebook.com\/senoticias1\" target=\"_blank\">Facebook<span class=\"apple-converted-space\"><span style=\"color: windowtext;text-decoration: none\">\u00a0<\/span><\/span><\/a>e no<\/span><\/strong><span class=\"apple-converted-space\"><b><span style=\"font-size: 10.0pt;font-family: 'Georgia','serif';color: #333333\">\u00a0<\/span><\/b><\/span><strong><span style=\"font-size: 10.0pt;font-family: 'Georgia','serif';color: #333333\"><a href=\"https:\/\/www.instagram.com\/senoticias\/\" target=\"_blank\">Instagram<\/a>.<\/span><\/strong><\/p>\n<p style=\"text-align: justify\"><a href=\"http:\/\/senoticias.com.br\/se\/wp-content\/uploads\/2016\/11\/Logo-fone-1-2-1-3.jpg\"><img loading=\"lazy\" decoding=\"async\" class=\"aligncenter size-full wp-image-98211\" src=\"http:\/\/senoticias.com.br\/se\/wp-content\/uploads\/2016\/11\/Logo-fone-1-2-1-3.jpg\" alt=\"logo-fone-1-2-1\" width=\"599\" height=\"78\" srcset=\"https:\/\/senoticias.com.br\/se\/wp-content\/uploads\/2016\/11\/Logo-fone-1-2-1-3.jpg 599w, https:\/\/senoticias.com.br\/se\/wp-content\/uploads\/2016\/11\/Logo-fone-1-2-1-3-300x39.jpg 300w\" sizes=\"(max-width: 599px) 100vw, 599px\" \/><\/a><\/p>\n<p style=\"text-align: justify\">Informa\u00e7\u00f5es do G1 PE.<\/p>\n","protected":false},"excerpt":{"rendered":"<p>Governadores de sete estados do Nordeste participaram de uma reuni\u00e3o no Pal\u00e1cio do Campo das Princesas, localizado no Centro do Recife. Um dos assuntos principais discutidos durante o encontro na noite de sexta-feira (25) foi a repatria\u00e7\u00e3o, um projeto do Governo Federal para arrecadar imposto de renda e multas das pessoas que enviaram dinheiro para [&hellip;]<\/p>\n","protected":false},"author":5618,"featured_media":93058,"comment_status":"closed","ping_status":"closed","sticky":false,"template":"","format":"standard","meta":{"footnotes":""},"categories":[6],"tags":[1668],"class_list":{"0":"post-98270","1":"post","2":"type-post","3":"status-publish","4":"format-standard","5":"has-post-thumbnail","7":"category-politica","8":"tag-governadores-do-ne-se-reunem-no-recife-para-escrever-carta-para-temer"},"_links":{"self":[{"href":"https:\/\/senoticias.com.br\/se\/wp-json\/wp\/v2\/posts\/98270"}],"collection":[{"href":"https:\/\/senoticias.com.br\/se\/wp-json\/wp\/v2\/posts"}],"about":[{"href":"https:\/\/senoticias.com.br\/se\/wp-json\/wp\/v2\/types\/post"}],"author":[{"embeddable":true,"href":"https:\/\/senoticias.com.br\/se\/wp-json\/wp\/v2\/users\/5618"}],"replies":[{"embeddable":true,"href":"https:\/\/senoticias.com.br\/se\/wp-json\/wp\/v2\/comments?post=98270"}],"version-history":[{"count":0,"href":"https:\/\/senoticias.com.br\/se\/wp-json\/wp\/v2\/posts\/98270\/revisions"}],"wp:featuredmedia":[{"embeddable":true,"href":"https:\/\/senoticias.com.br\/se\/wp-json\/wp\/v2\/media\/93058"}],"wp:attachment":[{"href":"https:\/\/senoticias.com.br\/se\/wp-json\/wp\/v2\/media?parent=98270"}],"wp:term":[{"taxonomy":"category","embeddable":true,"href":"https:\/\/senoticias.com.br\/se\/wp-json\/wp\/v2\/categories?post=98270"},{"taxonomy":"post_tag","embeddable":true,"href":"https:\/\/senoticias.com.br\/se\/wp-json\/wp\/v2\/tags?post=98270"}],"curies":[{"name":"wp","href":"https:\/\/api.w.org\/{rel}","templated":true}]}}