{"id":98247,"date":"2016-11-25T18:26:59","date_gmt":"2016-11-25T21:26:59","guid":{"rendered":"http:\/\/senoticias.com.br\/se\/?p=98247"},"modified":"2016-11-25T18:26:59","modified_gmt":"2016-11-25T21:26:59","slug":"renovacao-de-diego-costa-e-prioridade-no-chelsea-para-2017","status":"publish","type":"post","link":"https:\/\/senoticias.com.br\/se\/renovacao-de-diego-costa-e-prioridade-no-chelsea-para-2017\/","title":{"rendered":"Renova\u00e7\u00e3o de Diego Costa \u00e9 prioridade no Chelsea para 2017"},"content":{"rendered":"<p style=\"text-align: justify\">A renova\u00e7\u00e3o dos contratos de Diego Gosta e do goleiro Thibaut Courtois s\u00e3o as prioridades do Chelsea para o inicio de 2017.<\/p>\n<div id=\"attachment_98248\" style=\"width: 608px\" class=\"wp-caption aligncenter\"><a href=\"http:\/\/senoticias.com.br\/se\/wp-content\/uploads\/2016\/11\/Diego-Costa-prioridade-para-2017-SE-Noticias-e1480109150745.jpg\"><img loading=\"lazy\" decoding=\"async\" aria-describedby=\"caption-attachment-98248\" class=\"size-full wp-image-98248\" src=\"http:\/\/senoticias.com.br\/se\/wp-content\/uploads\/2016\/11\/Diego-Costa-prioridade-para-2017-SE-Noticias-e1480109150745.jpg\" alt=\"Foto: Reprodu\u00e7\u00e3o\/Twitter \" width=\"598\" height=\"413\" \/><\/a><p id=\"caption-attachment-98248\" class=\"wp-caption-text\">Foto: Reprodu\u00e7\u00e3o\/Twitter<\/p><\/div>\n<p style=\"text-align: justify\">Com v\u00ednculo at\u00e9 2019, os dois jogadores n\u00e3o estavam muito satisfeitos com o desempenho do clube na \u00faltima temporada e deixaram abertas as possibilidades para mudarem de clube na \u00faltima janela de transfer\u00eancias. No entanto, ap\u00f3s a chegada do novo treinador, Antonio Conte, pode acabar pesando na decis\u00e3o de renovar.<\/p>\n<p style=\"text-align: justify\">Courtois tem sido associado ao interesse do Real Madrid e do seu ex-clube Atl\u00e9tico de Madrid. J\u00e1 Diego Costa tamb\u00e9m viu o seu nome ligado a um poss\u00edvel regresso ao Atl\u00e9tico Madrid.<\/p>\n<p style=\"text-align: justify\">De acordo com a imprensa inglesa, aom a renova\u00e7\u00e3o, o goleiro passar\u00e1 a receber 175 mil euros semanais, enquanto Diego Costa, melhor marcador da liga inglesa, ser\u00e1 aumentado para 235 mil euros por semana.<\/p>\n<p style=\"line-height: 14.25pt\"><strong><span style=\"font-size: 10.0pt;font-family: 'Georgia','serif';color: #333333\">Acompanhe tamb\u00e9m o SE Not\u00edcias no<\/span><\/strong><span class=\"apple-converted-space\"><b><span style=\"font-size: 10.0pt;font-family: 'Georgia','serif';color: #333333\">\u00a0<\/span><\/b><\/span><strong><span style=\"font-size: 10.0pt;font-family: 'Georgia','serif';color: #333333\"><a href=\"https:\/\/twitter.com\/Senoticias\" target=\"_blank\">Twitter<\/a>,<\/span><\/strong><span class=\"apple-converted-space\"><b><span style=\"font-size: 10.0pt;font-family: 'Georgia','serif';color: #333333\">\u00a0<\/span><\/b><\/span><strong><span style=\"font-size: 10.0pt;font-family: 'Georgia','serif';color: #333333\"><a href=\"https:\/\/www.facebook.com\/senoticias1\" target=\"_blank\">Facebook<span class=\"apple-converted-space\"><span style=\"color: windowtext;text-decoration: none\">\u00a0<\/span><\/span><\/a>e no<\/span><\/strong><span class=\"apple-converted-space\"><b><span style=\"font-size: 10.0pt;font-family: 'Georgia','serif';color: #333333\">\u00a0<\/span><\/b><\/span><strong><span style=\"font-size: 10.0pt;font-family: 'Georgia','serif';color: #333333\"><a href=\"https:\/\/www.instagram.com\/senoticias\/\" target=\"_blank\">Instagram<\/a>.<\/span><\/strong><\/p>\n<p style=\"text-align: justify\"><a href=\"http:\/\/senoticias.com.br\/se\/wp-content\/uploads\/2016\/11\/Logo-fone-1-2-1-3.jpg\"><img loading=\"lazy\" decoding=\"async\" class=\"aligncenter size-full wp-image-98211\" src=\"http:\/\/senoticias.com.br\/se\/wp-content\/uploads\/2016\/11\/Logo-fone-1-2-1-3.jpg\" alt=\"logo-fone-1-2-1\" width=\"599\" height=\"78\" srcset=\"https:\/\/senoticias.com.br\/se\/wp-content\/uploads\/2016\/11\/Logo-fone-1-2-1-3.jpg 599w, https:\/\/senoticias.com.br\/se\/wp-content\/uploads\/2016\/11\/Logo-fone-1-2-1-3-300x39.jpg 300w\" sizes=\"(max-width: 599px) 100vw, 599px\" \/><\/a><\/p>\n<p style=\"text-align: justify\">Informa\u00e7\u00f5es do Portal O Chute.<\/p>\n<p style=\"text-align: justify\">\n","protected":false},"excerpt":{"rendered":"<p>A renova\u00e7\u00e3o dos contratos de Diego Gosta e do goleiro Thibaut Courtois s\u00e3o as prioridades do Chelsea para o inicio de 2017. Com v\u00ednculo at\u00e9 2019, os dois jogadores n\u00e3o estavam muito satisfeitos com o desempenho do clube na \u00faltima temporada e deixaram abertas as possibilidades para mudarem de clube na \u00faltima janela de transfer\u00eancias. [&hellip;]<\/p>\n","protected":false},"author":5618,"featured_media":98248,"comment_status":"closed","ping_status":"closed","sticky":false,"template":"","format":"standard","meta":{"footnotes":""},"categories":[26],"tags":[1661],"class_list":{"0":"post-98247","1":"post","2":"type-post","3":"status-publish","4":"format-standard","5":"has-post-thumbnail","7":"category-esportes","8":"tag-renovacao-de-diego-costa-e-prioridade-no-chelsea-para-2017"},"_links":{"self":[{"href":"https:\/\/senoticias.com.br\/se\/wp-json\/wp\/v2\/posts\/98247"}],"collection":[{"href":"https:\/\/senoticias.com.br\/se\/wp-json\/wp\/v2\/posts"}],"about":[{"href":"https:\/\/senoticias.com.br\/se\/wp-json\/wp\/v2\/types\/post"}],"author":[{"embeddable":true,"href":"https:\/\/senoticias.com.br\/se\/wp-json\/wp\/v2\/users\/5618"}],"replies":[{"embeddable":true,"href":"https:\/\/senoticias.com.br\/se\/wp-json\/wp\/v2\/comments?post=98247"}],"version-history":[{"count":0,"href":"https:\/\/senoticias.com.br\/se\/wp-json\/wp\/v2\/posts\/98247\/revisions"}],"wp:featuredmedia":[{"embeddable":true,"href":"https:\/\/senoticias.com.br\/se\/wp-json\/wp\/v2\/media\/98248"}],"wp:attachment":[{"href":"https:\/\/senoticias.com.br\/se\/wp-json\/wp\/v2\/media?parent=98247"}],"wp:term":[{"taxonomy":"category","embeddable":true,"href":"https:\/\/senoticias.com.br\/se\/wp-json\/wp\/v2\/categories?post=98247"},{"taxonomy":"post_tag","embeddable":true,"href":"https:\/\/senoticias.com.br\/se\/wp-json\/wp\/v2\/tags?post=98247"}],"curies":[{"name":"wp","href":"https:\/\/api.w.org\/{rel}","templated":true}]}}