{"id":98241,"date":"2016-11-25T13:57:52","date_gmt":"2016-11-25T16:57:52","guid":{"rendered":"http:\/\/senoticias.com.br\/se\/?p=98241"},"modified":"2016-11-25T14:02:04","modified_gmt":"2016-11-25T17:02:04","slug":"tribunal-de-contas-emite-parecer-pela-rejeicao-das-contas-de-gararu-referentes-a-2010","status":"publish","type":"post","link":"https:\/\/senoticias.com.br\/se\/tribunal-de-contas-emite-parecer-pela-rejeicao-das-contas-de-gararu-referentes-a-2010\/","title":{"rendered":"Tribunal de Contas emite parecer pela rejei\u00e7\u00e3o das contas de Gararu referentes a 2010"},"content":{"rendered":"<p style=\"text-align: justify;\">Em processo que teve como relator o conselheiro Carlos Alberto Sobral, o Tribunal de Contas do Estado (TCE\/SE) decidiu no Pleno da \u00faltima quinta-feira, 24, emitir parecer pr\u00e9vio recomendando a rejei\u00e7\u00e3o das contas anuais da Prefeitura Municipal de Gararu, referentes ao exerc\u00edcio financeiro 2010, tendo como interessado o ex-prefeito Jo\u00e3o Francisco Albuquerque de Oliveira.<\/p>\n<div id=\"attachment_98243\" style=\"width: 510px\" class=\"wp-caption aligncenter\"><img loading=\"lazy\" decoding=\"async\" aria-describedby=\"caption-attachment-98243\" class=\"size-full wp-image-98243\" src=\"http:\/\/senoticias.com.br\/se\/wp-content\/uploads\/2016\/11\/Conselheiro-Carlos-Alberto-SE-Noticias-1.jpg\" alt=\"Tribunal de Contas emite parecer pela rejei\u00e7\u00e3o das contas de Gararu. (Foto: Cleverton Ribeiro\/TCE)\" width=\"500\" height=\"333\" srcset=\"https:\/\/senoticias.com.br\/se\/wp-content\/uploads\/2016\/11\/Conselheiro-Carlos-Alberto-SE-Noticias-1.jpg 500w, https:\/\/senoticias.com.br\/se\/wp-content\/uploads\/2016\/11\/Conselheiro-Carlos-Alberto-SE-Noticias-1-300x200.jpg 300w, https:\/\/senoticias.com.br\/se\/wp-content\/uploads\/2016\/11\/Conselheiro-Carlos-Alberto-SE-Noticias-1-90x60.jpg 90w, https:\/\/senoticias.com.br\/se\/wp-content\/uploads\/2016\/11\/Conselheiro-Carlos-Alberto-SE-Noticias-1-180x120.jpg 180w, https:\/\/senoticias.com.br\/se\/wp-content\/uploads\/2016\/11\/Conselheiro-Carlos-Alberto-SE-Noticias-1-95x64.jpg 95w\" sizes=\"(max-width: 500px) 100vw, 500px\" \/><p id=\"caption-attachment-98243\" class=\"wp-caption-text\">Tribunal de Contas emite parecer pela rejei\u00e7\u00e3o das contas de Gararu. (Foto: Cleverton Ribeiro\/TCE)<\/p><\/div>\n<p style=\"text-align: justify;\">Conforme o relat\u00f3rio apresentado, a 2\u00aa Coordenadoria de Controle e Inspe\u00e7\u00e3o concluiu que as contas s\u00e3o irregulares devido ao excesso nas despesas de pessoal: o munic\u00edpio aplicou 60,49% e o Poder Executivo aplicou 57,75% em despesas de pessoal em rela\u00e7\u00e3o \u00e0 receita corrente l\u00edquida, ambos acima do limite m\u00e1ximo estabelecido pela LRF.<\/p>\n<p style=\"text-align: justify;\">Outro aspecto considerado foi a n\u00e3o arrecada\u00e7\u00e3o de maneira eficiente do Imposto Predial e Territorial Urbano.<\/p>\n<p style=\"text-align: justify;\"><img loading=\"lazy\" decoding=\"async\" class=\"aligncenter size-full wp-image-98211\" src=\"http:\/\/senoticias.com.br\/se\/wp-content\/uploads\/2016\/11\/Logo-fone-1-2-1-3.jpg\" alt=\"logo-fone-1-2-1\" width=\"599\" height=\"78\" srcset=\"https:\/\/senoticias.com.br\/se\/wp-content\/uploads\/2016\/11\/Logo-fone-1-2-1-3.jpg 599w, https:\/\/senoticias.com.br\/se\/wp-content\/uploads\/2016\/11\/Logo-fone-1-2-1-3-300x39.jpg 300w\" sizes=\"(max-width: 599px) 100vw, 599px\" \/><\/p>\n<p style=\"text-align: justify;\"><strong>Acompanhe tamb\u00e9m o SE Not\u00edcias no<\/strong><span class=\"apple-converted-space\"><b>\u00a0<\/b><\/span><strong><a href=\"https:\/\/twitter.com\/Senoticias\" target=\"_blank\">Twitter<\/a>,<\/strong><span class=\"apple-converted-space\"><b>\u00a0<\/b><\/span><strong><a href=\"https:\/\/www.facebook.com\/senoticias1\" target=\"_blank\">Facebook<span class=\"apple-converted-space\">\u00a0<\/span><\/a>e no<\/strong><span class=\"apple-converted-space\"><b>\u00a0<\/b><\/span><strong><a href=\"https:\/\/www.instagram.com\/senoticias\/\" target=\"_blank\">Instagram<\/a><\/strong><\/p>\n<p style=\"text-align: justify;\"><em>Ascom\/TCE<\/em><\/p>\n","protected":false},"excerpt":{"rendered":"<p>Em processo que teve como relator o conselheiro Carlos Alberto Sobral, o Tribunal de Contas do Estado (TCE\/SE) decidiu no Pleno da \u00faltima quinta-feira, 24, emitir parecer pr\u00e9vio recomendando a rejei\u00e7\u00e3o das contas anuais da Prefeitura Municipal de Gararu, referentes ao exerc\u00edcio financeiro 2010, tendo como interessado o ex-prefeito Jo\u00e3o Francisco Albuquerque de Oliveira. Conforme [&hellip;]<\/p>\n","protected":false},"author":2,"featured_media":98243,"comment_status":"closed","ping_status":"closed","sticky":false,"template":"","format":"standard","meta":{"footnotes":""},"categories":[38],"tags":[],"class_list":{"0":"post-98241","1":"post","2":"type-post","3":"status-publish","4":"format-standard","5":"has-post-thumbnail","7":"category-municipios"},"_links":{"self":[{"href":"https:\/\/senoticias.com.br\/se\/wp-json\/wp\/v2\/posts\/98241"}],"collection":[{"href":"https:\/\/senoticias.com.br\/se\/wp-json\/wp\/v2\/posts"}],"about":[{"href":"https:\/\/senoticias.com.br\/se\/wp-json\/wp\/v2\/types\/post"}],"author":[{"embeddable":true,"href":"https:\/\/senoticias.com.br\/se\/wp-json\/wp\/v2\/users\/2"}],"replies":[{"embeddable":true,"href":"https:\/\/senoticias.com.br\/se\/wp-json\/wp\/v2\/comments?post=98241"}],"version-history":[{"count":0,"href":"https:\/\/senoticias.com.br\/se\/wp-json\/wp\/v2\/posts\/98241\/revisions"}],"wp:featuredmedia":[{"embeddable":true,"href":"https:\/\/senoticias.com.br\/se\/wp-json\/wp\/v2\/media\/98243"}],"wp:attachment":[{"href":"https:\/\/senoticias.com.br\/se\/wp-json\/wp\/v2\/media?parent=98241"}],"wp:term":[{"taxonomy":"category","embeddable":true,"href":"https:\/\/senoticias.com.br\/se\/wp-json\/wp\/v2\/categories?post=98241"},{"taxonomy":"post_tag","embeddable":true,"href":"https:\/\/senoticias.com.br\/se\/wp-json\/wp\/v2\/tags?post=98241"}],"curies":[{"name":"wp","href":"https:\/\/api.w.org\/{rel}","templated":true}]}}