{"id":98217,"date":"2016-11-25T08:45:01","date_gmt":"2016-11-25T11:45:01","guid":{"rendered":"http:\/\/senoticias.com.br\/se\/?p=98217"},"modified":"2016-11-25T08:46:25","modified_gmt":"2016-11-25T11:46:25","slug":"orquestra-los-guaranis-animara-festa-associacao-dos-amigos-da-oncologia-amo","status":"publish","type":"post","link":"https:\/\/senoticias.com.br\/se\/orquestra-los-guaranis-animara-festa-associacao-dos-amigos-da-oncologia-amo\/","title":{"rendered":"Orquestra &#8220;Los Guaranis&#8221; animar\u00e1 festa da Associa\u00e7\u00e3o dos Amigos da Oncologia &#8211; AMO"},"content":{"rendered":"<p style=\"text-align: justify;\">A Associa\u00e7\u00e3o dos Amigos da Oncologia &#8211; AMO \u2013 comemora, agora em novembro, 20 anos de funda\u00e7\u00e3o. Para celebrar, a orquestra sergipana &#8220;Los Guaranis&#8221; ir\u00e1 animar a festa. O baile acontecer\u00e1 neste s\u00e1bado, dia 26, \u00e0s 22h, no sal\u00e3o de festas do Clube do Banese, localizado na Rua Poeta Jos\u00e9 Salles de Campos, 780, no bairro Coroa do Meio, em Aracaju.<\/p>\n<div id=\"attachment_98218\" style=\"width: 609px\" class=\"wp-caption aligncenter\"><img loading=\"lazy\" decoding=\"async\" aria-describedby=\"caption-attachment-98218\" class=\"size-full wp-image-98218\" src=\"http:\/\/senoticias.com.br\/se\/wp-content\/uploads\/2016\/11\/Los-Guaranys-SE-Noticias-e1480074196659.jpg\" alt=\"A banda Los Guaranis tem 52 anos de carreira e j\u00e1 percorreu os nove estados da regi\u00e3o Nordeste. (Foto: arquivo pessoal)\" width=\"599\" height=\"399\" \/><p id=\"caption-attachment-98218\" class=\"wp-caption-text\">A banda Los Guaranis tem 52 anos de carreira e j\u00e1 percorreu os nove estados da regi\u00e3o Nordeste. (Foto: arquivo pessoal)<\/p><\/div>\n<p style=\"text-align: justify;\">O sal\u00e3o possui refrigera\u00e7\u00e3o, bar e restaurante para melhor atender o p\u00fablico. Os interes<span class=\"m_-6664593787061148828gmail-textexposedshow\">sados podem adquirir o ingresso da mesa na sede da AMO pelo valor de R$ 200, para quatro lugares.<\/span><\/p>\n<p style=\"text-align: justify;\">Parte da renda arrecadada com a venda dos ingressos ser\u00e1 revertida para a assist\u00eancia social e de sa\u00fade de pessoas com c\u00e2ncer atendidas pela associa\u00e7\u00e3o. A outra parte ser\u00e1 para custear as despesas do sal\u00e3o e da banda, que s\u00e3o parceiras na realiza\u00e7\u00e3o do evento.<\/p>\n<p>&nbsp;<\/p>\n<p>Los Guaranis<span class=\"m_-6664593787061148828gmail-apple-converted-space\">\u00a0<\/span><span class=\"m_-6664593787061148828gmail-7oe\"><img decoding=\"async\" class=\"CToWUd\" src=\"https:\/\/mail.google.com\/mail\/e\/1f3ba\" alt=\"?\" data-goomoji=\"1f3ba\" \/><\/span><span class=\"m_-6664593787061148828gmail-7oe\"><img decoding=\"async\" class=\"CToWUd\" src=\"https:\/\/mail.google.com\/mail\/e\/1f3b7\" alt=\"?\" data-goomoji=\"1f3b7\" \/><\/span><span class=\"m_-6664593787061148828gmail-7oe\"><img decoding=\"async\" class=\"CToWUd\" src=\"https:\/\/mail.google.com\/mail\/e\/1f3b8\" alt=\"?\" data-goomoji=\"1f3b8\" \/><\/span><\/p>\n<p>&nbsp;<\/p>\n<p style=\"text-align: justify;\">A orquestra, mais famosa de Sergipe, promete uma noite inesquec\u00edvel. No repert\u00f3rio, m\u00fasicas que marcaram os anos 60 e 70 e os ritmos da seresta, do pagode, do ax\u00e9, do forr\u00f3, do sertanejo e do arrocha.<\/p>\n<p style=\"text-align: justify;\">A banda Los Guaranis tem 52 anos de carreira e j\u00e1 percorreu os nove estados da regi\u00e3o Nordeste. Nomes como os do cantor Roberto Carlos, Dominguinhos e Luiz Gonzaga constam na hist\u00f3ria da orquestra.<span class=\"m_-6664593787061148828gmail-apple-converted-space\">\u00a0<\/span><span class=\"m_-6664593787061148828gmail-7oe\"><img decoding=\"async\" class=\"CToWUd\" src=\"https:\/\/mail.google.com\/mail\/e\/1f3bc\" alt=\"?\" data-goomoji=\"1f3bc\" \/><\/span><\/p>\n<p>Servi\u00e7o<\/p>\n<p><b>O qu\u00ea:<\/b> Baile de 20 anos da AMO com a Orquestra Los Guaranis<br \/>\n<b>Quando:<\/b> Neste s\u00e1bado, dia 26 de novembro, a partir das 22<br \/>\n<b>Onde:<\/b> No Clube do Banese (Rua Poeta Jos\u00e9 Salles de Campos, 780, bairro Coroa do Meio, Aracaju)<\/p>\n<p><img loading=\"lazy\" decoding=\"async\" class=\"aligncenter size-full wp-image-98211\" src=\"http:\/\/senoticias.com.br\/se\/wp-content\/uploads\/2016\/11\/Logo-fone-1-2-1-3.jpg\" alt=\"logo-fone-1-2-1\" width=\"599\" height=\"78\" srcset=\"https:\/\/senoticias.com.br\/se\/wp-content\/uploads\/2016\/11\/Logo-fone-1-2-1-3.jpg 599w, https:\/\/senoticias.com.br\/se\/wp-content\/uploads\/2016\/11\/Logo-fone-1-2-1-3-300x39.jpg 300w\" sizes=\"(max-width: 599px) 100vw, 599px\" \/><\/p>\n<p><em><strong>Acompanhe tamb\u00e9m o SE Not\u00edcias no<\/strong><strong>\u00a0<\/strong><strong><a href=\"https:\/\/twitter.com\/Senoticias\">Twitter<\/a>,<\/strong><strong>\u00a0<\/strong><strong><a href=\"https:\/\/www.facebook.com\/senoticias1\">Facebook\u00a0<\/a>e no<\/strong><strong>\u00a0<\/strong><strong><a href=\"https:\/\/www.instagram.com\/senoticias\/\">Instagram<\/a><\/strong><\/em><\/p>\n<p>Assessoria de Imprensas\/AMO<\/p>\n","protected":false},"excerpt":{"rendered":"<p>A Associa\u00e7\u00e3o dos Amigos da Oncologia &#8211; AMO \u2013 comemora, agora em novembro, 20 anos de funda\u00e7\u00e3o. Para celebrar, a orquestra sergipana &#8220;Los Guaranis&#8221; ir\u00e1 animar a festa. O baile acontecer\u00e1 neste s\u00e1bado, dia 26, \u00e0s 22h, no sal\u00e3o de festas do Clube do Banese, localizado na Rua Poeta Jos\u00e9 Salles de Campos, 780, no [&hellip;]<\/p>\n","protected":false},"author":2,"featured_media":98218,"comment_status":"closed","ping_status":"closed","sticky":false,"template":"","format":"standard","meta":{"footnotes":""},"categories":[15,8],"tags":[],"class_list":{"0":"post-98217","1":"post","2":"type-post","3":"status-publish","4":"format-standard","5":"has-post-thumbnail","7":"category-destaques","8":"category-esporte-e-cultura"},"_links":{"self":[{"href":"https:\/\/senoticias.com.br\/se\/wp-json\/wp\/v2\/posts\/98217"}],"collection":[{"href":"https:\/\/senoticias.com.br\/se\/wp-json\/wp\/v2\/posts"}],"about":[{"href":"https:\/\/senoticias.com.br\/se\/wp-json\/wp\/v2\/types\/post"}],"author":[{"embeddable":true,"href":"https:\/\/senoticias.com.br\/se\/wp-json\/wp\/v2\/users\/2"}],"replies":[{"embeddable":true,"href":"https:\/\/senoticias.com.br\/se\/wp-json\/wp\/v2\/comments?post=98217"}],"version-history":[{"count":0,"href":"https:\/\/senoticias.com.br\/se\/wp-json\/wp\/v2\/posts\/98217\/revisions"}],"wp:featuredmedia":[{"embeddable":true,"href":"https:\/\/senoticias.com.br\/se\/wp-json\/wp\/v2\/media\/98218"}],"wp:attachment":[{"href":"https:\/\/senoticias.com.br\/se\/wp-json\/wp\/v2\/media?parent=98217"}],"wp:term":[{"taxonomy":"category","embeddable":true,"href":"https:\/\/senoticias.com.br\/se\/wp-json\/wp\/v2\/categories?post=98217"},{"taxonomy":"post_tag","embeddable":true,"href":"https:\/\/senoticias.com.br\/se\/wp-json\/wp\/v2\/tags?post=98217"}],"curies":[{"name":"wp","href":"https:\/\/api.w.org\/{rel}","templated":true}]}}