{"id":98215,"date":"2016-11-25T08:14:13","date_gmt":"2016-11-25T11:14:13","guid":{"rendered":"http:\/\/senoticias.com.br\/se\/?p=98215"},"modified":"2016-11-25T08:18:27","modified_gmt":"2016-11-25T11:18:27","slug":"98215-2","status":"publish","type":"post","link":"https:\/\/senoticias.com.br\/se\/98215-2\/","title":{"rendered":"Governo do Estado recua e vai revisar calend\u00e1rio do IPVA 2017"},"content":{"rendered":"<p style=\"text-align: justify;\">Na manh\u00e3 desta sexta-feira (25), o secret\u00e1rio de comunica\u00e7\u00e3o do estado, Sales Neto, disse que o Governo de Sergipe vai revisar o calend\u00e1rio de pagamento do Imposto sobre a Propriedade de Ve\u00edculos Automotores (IPVA) 2017. J\u00e1 o prazo para o pagamento integral com desconto de 10% deve permanecer apenas para o m\u00eas de janeiro.<\/p>\n<div id=\"attachment_82627\" style=\"width: 608px\" class=\"wp-caption aligncenter\"><img loading=\"lazy\" decoding=\"async\" aria-describedby=\"caption-attachment-82627\" class=\"size-full wp-image-82627\" src=\"http:\/\/senoticias.com.br\/se\/wp-content\/uploads\/2015\/08\/Secretario-da-Fazenda-Jeferson-Passos-e1438817687547.jpg\" alt=\"Portaria divulgada esta semana no Di\u00e1rio Oficial gerou pol\u00eamica.Secret\u00e1rio de Estado da Fazenda, Jefferson Passos. (Foto: Marcos Rodrigues\/ASN) \" width=\"598\" height=\"421\" \/><p id=\"caption-attachment-82627\" class=\"wp-caption-text\">Portaria divulgada esta semana pelo secret\u00e1rio de Estado da Fazenda, Jeferson Passos, no Di\u00e1rio Oficial gerou pol\u00eamica. (Foto: arquivo\/Marcos Rodrigues\/ASN)<\/p><\/div>\n<p style=\"text-align: justify;\">A Portaria da Secretaria de Estado da Fazenda (Sefaz), divulgada na quarta-feira (23), gerou pol\u00eamica ao determinar o pagamento do IPVA no per\u00edodo de janeiro a junho. \u201cAinda hoje o secret\u00e1rio da Fazenda vai apresentar as novas datas, que devem seguir o mesmo calend\u00e1rio de licenciamento feito em 2016.\u00a0 O achatamento iria fazer com que os motoristas, que pagaram o IPVA das placas de final 9 e 0, tivessem uma perda de quatro, cinco meses\u201d, observou.<\/p>\n<p style=\"text-align: justify;\">Sobre o desconto de 10%, que segundo a portaria seria concedido apenas no pagamento integral do IPVA at\u00e9 o dia 31 de janeiro, Sales Neto prefere aguardar uma posi\u00e7\u00e3o do secret\u00e1rio da Fazenda, Jeferson Passos. &#8220;O secret\u00e1rio disse que iria manter esta quest\u00e3o do desconto, mas esse posicionamento a gente vai aguardar a nova portaria, se vai manter ou n\u00e3o&#8221;, afirmou.<\/p>\n<p style=\"text-align: justify;\"><img loading=\"lazy\" decoding=\"async\" class=\"aligncenter size-full wp-image-98211\" src=\"http:\/\/senoticias.com.br\/se\/wp-content\/uploads\/2016\/11\/Logo-fone-1-2-1-3.jpg\" alt=\"logo-fone-1-2-1\" width=\"599\" height=\"78\" srcset=\"https:\/\/senoticias.com.br\/se\/wp-content\/uploads\/2016\/11\/Logo-fone-1-2-1-3.jpg 599w, https:\/\/senoticias.com.br\/se\/wp-content\/uploads\/2016\/11\/Logo-fone-1-2-1-3-300x39.jpg 300w\" sizes=\"(max-width: 599px) 100vw, 599px\" \/><\/p>\n<p style=\"text-align: justify;\"><strong>Acompanhe tamb\u00e9m o SE Not\u00edcias no<\/strong><strong>\u00a0<\/strong><strong><a href=\"https:\/\/twitter.com\/Senoticias\">Twitter<\/a>,<\/strong><strong>\u00a0<\/strong><strong><a href=\"https:\/\/www.facebook.com\/senoticias1\">Facebook\u00a0<\/a>e no<\/strong><strong>\u00a0<\/strong><strong><a href=\"https:\/\/www.instagram.com\/senoticias\/\">Instagram<\/a><\/strong><\/p>\n<p style=\"text-align: justify;\"><em>Com informa\u00e7\u00f5es do <a href=\"http:\/\/g1.globo.com\/se\/sergipe\/noticia\/2016\/11\/estado-recua-e-vai-revisar-calendario-do-ipva-2017.html\"><strong>G1<\/strong> <\/a>SE<\/em><\/p>\n","protected":false},"excerpt":{"rendered":"<p>Na manh\u00e3 desta sexta-feira (25), o secret\u00e1rio de comunica\u00e7\u00e3o do estado, Sales Neto, disse que o Governo de Sergipe vai revisar o calend\u00e1rio de pagamento do Imposto sobre a Propriedade de Ve\u00edculos Automotores (IPVA) 2017. J\u00e1 o prazo para o pagamento integral com desconto de 10% deve permanecer apenas para o m\u00eas de janeiro. A [&hellip;]<\/p>\n","protected":false},"author":2,"featured_media":82627,"comment_status":"closed","ping_status":"closed","sticky":false,"template":"","format":"standard","meta":{"footnotes":""},"categories":[15,6],"tags":[],"class_list":{"0":"post-98215","1":"post","2":"type-post","3":"status-publish","4":"format-standard","5":"has-post-thumbnail","7":"category-destaques","8":"category-politica"},"_links":{"self":[{"href":"https:\/\/senoticias.com.br\/se\/wp-json\/wp\/v2\/posts\/98215"}],"collection":[{"href":"https:\/\/senoticias.com.br\/se\/wp-json\/wp\/v2\/posts"}],"about":[{"href":"https:\/\/senoticias.com.br\/se\/wp-json\/wp\/v2\/types\/post"}],"author":[{"embeddable":true,"href":"https:\/\/senoticias.com.br\/se\/wp-json\/wp\/v2\/users\/2"}],"replies":[{"embeddable":true,"href":"https:\/\/senoticias.com.br\/se\/wp-json\/wp\/v2\/comments?post=98215"}],"version-history":[{"count":0,"href":"https:\/\/senoticias.com.br\/se\/wp-json\/wp\/v2\/posts\/98215\/revisions"}],"wp:featuredmedia":[{"embeddable":true,"href":"https:\/\/senoticias.com.br\/se\/wp-json\/wp\/v2\/media\/82627"}],"wp:attachment":[{"href":"https:\/\/senoticias.com.br\/se\/wp-json\/wp\/v2\/media?parent=98215"}],"wp:term":[{"taxonomy":"category","embeddable":true,"href":"https:\/\/senoticias.com.br\/se\/wp-json\/wp\/v2\/categories?post=98215"},{"taxonomy":"post_tag","embeddable":true,"href":"https:\/\/senoticias.com.br\/se\/wp-json\/wp\/v2\/tags?post=98215"}],"curies":[{"name":"wp","href":"https:\/\/api.w.org\/{rel}","templated":true}]}}