{"id":98213,"date":"2016-11-25T08:03:43","date_gmt":"2016-11-25T11:03:43","guid":{"rendered":"http:\/\/senoticias.com.br\/se\/?p=98213"},"modified":"2016-11-25T08:04:53","modified_gmt":"2016-11-25T11:04:53","slug":"cia-de-danca-carpe-diem-se-apresenta-hoje-no-teatro-atheneu","status":"publish","type":"post","link":"https:\/\/senoticias.com.br\/se\/cia-de-danca-carpe-diem-se-apresenta-hoje-no-teatro-atheneu\/","title":{"rendered":"Cia de Dan\u00e7a Carpe Diem se apresenta hoje no Teatro Atheneu"},"content":{"rendered":"<p style=\"text-align: justify;\">A Cia de Dan\u00e7a Carpe Diem apresentar\u00e1 nesta sexta-feira, 25, um grande espet\u00e1culo de fim de ano &#8216;BELLY MOVIES&#8217;, no Teatro Atheneu, a partir das 20h. A proposta ser\u00e1 uma gama de apresenta\u00e7\u00f5es de dan\u00e7a do ventre tem\u00e1tica, com trilha de cl\u00e1ssicos do cinema.\u00a0Para voc\u00ea que adere a cultura, n\u00e3o perca. Os ingressos est\u00e3o \u00e0 venda no valor de R$ 20 (inteira) e R$ 10 (meia).<\/p>\n<p style=\"text-align: justify;\"><img loading=\"lazy\" decoding=\"async\" class=\"aligncenter size-full wp-image-98214\" src=\"http:\/\/senoticias.com.br\/se\/wp-content\/uploads\/2016\/11\/Belly-Movies-SE-Noticias-e1480071410101.jpg\" alt=\"belly-movies-se-noticias\" width=\"599\" height=\"599\" \/><\/p>\n<p style=\"text-align: justify;\"><img loading=\"lazy\" decoding=\"async\" class=\"aligncenter size-full wp-image-98211\" src=\"http:\/\/senoticias.com.br\/se\/wp-content\/uploads\/2016\/11\/Logo-fone-1-2-1-3.jpg\" alt=\"logo-fone-1-2-1\" width=\"599\" height=\"78\" srcset=\"https:\/\/senoticias.com.br\/se\/wp-content\/uploads\/2016\/11\/Logo-fone-1-2-1-3.jpg 599w, https:\/\/senoticias.com.br\/se\/wp-content\/uploads\/2016\/11\/Logo-fone-1-2-1-3-300x39.jpg 300w\" sizes=\"(max-width: 599px) 100vw, 599px\" \/><\/p>\n<p style=\"text-align: justify;\"><strong>Acompanhe tamb\u00e9m o SE Not\u00edcias no<\/strong><strong>\u00a0<\/strong><strong><a href=\"https:\/\/twitter.com\/Senoticias\">Twitter<\/a>,<\/strong><strong>\u00a0<\/strong><strong><a href=\"https:\/\/www.facebook.com\/senoticias1\">Facebook\u00a0<\/a>e no<\/strong><strong>\u00a0<\/strong><strong><a href=\"https:\/\/www.instagram.com\/senoticias\/\">Instagram<\/a>.<\/strong><\/p>\n<p style=\"text-align: justify;\"><em>Da Assessoria de Imprensa<\/em><\/p>\n","protected":false},"excerpt":{"rendered":"<p>A Cia de Dan\u00e7a Carpe Diem apresentar\u00e1 nesta sexta-feira, 25, um grande espet\u00e1culo de fim de ano &#8216;BELLY MOVIES&#8217;, no Teatro Atheneu, a partir das 20h. A proposta ser\u00e1 uma gama de apresenta\u00e7\u00f5es de dan\u00e7a do ventre tem\u00e1tica, com trilha de cl\u00e1ssicos do cinema.\u00a0Para voc\u00ea que adere a cultura, n\u00e3o perca. Os ingressos est\u00e3o \u00e0 [&hellip;]<\/p>\n","protected":false},"author":2,"featured_media":98214,"comment_status":"closed","ping_status":"closed","sticky":false,"template":"","format":"standard","meta":{"footnotes":""},"categories":[8],"tags":[],"class_list":{"0":"post-98213","1":"post","2":"type-post","3":"status-publish","4":"format-standard","5":"has-post-thumbnail","7":"category-esporte-e-cultura"},"_links":{"self":[{"href":"https:\/\/senoticias.com.br\/se\/wp-json\/wp\/v2\/posts\/98213"}],"collection":[{"href":"https:\/\/senoticias.com.br\/se\/wp-json\/wp\/v2\/posts"}],"about":[{"href":"https:\/\/senoticias.com.br\/se\/wp-json\/wp\/v2\/types\/post"}],"author":[{"embeddable":true,"href":"https:\/\/senoticias.com.br\/se\/wp-json\/wp\/v2\/users\/2"}],"replies":[{"embeddable":true,"href":"https:\/\/senoticias.com.br\/se\/wp-json\/wp\/v2\/comments?post=98213"}],"version-history":[{"count":0,"href":"https:\/\/senoticias.com.br\/se\/wp-json\/wp\/v2\/posts\/98213\/revisions"}],"wp:featuredmedia":[{"embeddable":true,"href":"https:\/\/senoticias.com.br\/se\/wp-json\/wp\/v2\/media\/98214"}],"wp:attachment":[{"href":"https:\/\/senoticias.com.br\/se\/wp-json\/wp\/v2\/media?parent=98213"}],"wp:term":[{"taxonomy":"category","embeddable":true,"href":"https:\/\/senoticias.com.br\/se\/wp-json\/wp\/v2\/categories?post=98213"},{"taxonomy":"post_tag","embeddable":true,"href":"https:\/\/senoticias.com.br\/se\/wp-json\/wp\/v2\/tags?post=98213"}],"curies":[{"name":"wp","href":"https:\/\/api.w.org\/{rel}","templated":true}]}}