{"id":98206,"date":"2016-11-24T19:59:10","date_gmt":"2016-11-24T22:59:10","guid":{"rendered":"http:\/\/senoticias.com.br\/se\/?p=98206"},"modified":"2016-11-24T19:59:10","modified_gmt":"2016-11-24T22:59:10","slug":"na-alese-delegado-geral-pede-empenho-na-apreciacao-de-projetos-sobre-a-policia-civil","status":"publish","type":"post","link":"https:\/\/senoticias.com.br\/se\/na-alese-delegado-geral-pede-empenho-na-apreciacao-de-projetos-sobre-a-policia-civil\/","title":{"rendered":"Na Alese, delegado-geral pede empenho na aprecia\u00e7\u00e3o de projetos sobre a Pol\u00edcia Civil"},"content":{"rendered":"<p style=\"text-align: justify\">O delegado-geral da Pol\u00edcia Civil, Alessandro Vieira, esteve reunido nesta quinta-feira (24) na Assembleia Legislativa de Sergipe, com o deputado capit\u00e3o Samuel Barreto, presidente da comiss\u00e3o de Seguran\u00e7a P\u00fablica; e o presidente da Casa, deputado Luciano Bispo.<\/p>\n<div id=\"attachment_98207\" style=\"width: 517px\" class=\"wp-caption aligncenter\"><a href=\"http:\/\/senoticias.com.br\/se\/wp-content\/uploads\/2016\/11\/Na-Alese-delegado-geral-pede-empenho-na-apreciacao-de-projetos-sobre-a-Policia-Civil-SE-Noticia.jpeg\"><img loading=\"lazy\" decoding=\"async\" aria-describedby=\"caption-attachment-98207\" class=\"size-full wp-image-98207\" src=\"http:\/\/senoticias.com.br\/se\/wp-content\/uploads\/2016\/11\/Na-Alese-delegado-geral-pede-empenho-na-apreciacao-de-projetos-sobre-a-Policia-Civil-SE-Noticia.jpeg\" alt=\"Foto: SSP\/SE\" width=\"507\" height=\"380\" srcset=\"https:\/\/senoticias.com.br\/se\/wp-content\/uploads\/2016\/11\/Na-Alese-delegado-geral-pede-empenho-na-apreciacao-de-projetos-sobre-a-Policia-Civil-SE-Noticia.jpeg 507w, https:\/\/senoticias.com.br\/se\/wp-content\/uploads\/2016\/11\/Na-Alese-delegado-geral-pede-empenho-na-apreciacao-de-projetos-sobre-a-Policia-Civil-SE-Noticia-300x225.jpeg 300w, https:\/\/senoticias.com.br\/se\/wp-content\/uploads\/2016\/11\/Na-Alese-delegado-geral-pede-empenho-na-apreciacao-de-projetos-sobre-a-Policia-Civil-SE-Noticia-45x35.jpeg 45w\" sizes=\"(max-width: 507px) 100vw, 507px\" \/><\/a><p id=\"caption-attachment-98207\" class=\"wp-caption-text\">Foto: SSP\/SE<\/p><\/div>\n<p style=\"text-align: justify\">O encontro serviu para discutir Projetos de Lei que dever\u00e3o ser encaminhados pelo Executivo \u00e0 Alese nos pr\u00f3ximos dias e que tratam das carreiras de agentes, escriv\u00e3es e delegados.<\/p>\n<p style=\"text-align: justify\">Alessandro pediu empenho dos parlamentares no sentindo de recepcionar os projetos de lei e dar celeridade aos procedimentos legislativos para imediata aprova\u00e7\u00e3o das mat\u00e9rias.<\/p>\n<p style=\"text-align: justify\"><strong>Acompanhe tamb\u00e9m o SE Not\u00edcias no<\/strong><strong>\u00a0<\/strong><strong><a href=\"https:\/\/twitter.com\/Senoticias\">Twitter<\/a>,<\/strong><strong>\u00a0<\/strong><strong><a href=\"https:\/\/www.facebook.com\/senoticias1\">Facebook\u00a0<\/a>e no<\/strong><strong>\u00a0<\/strong><strong><a href=\"https:\/\/www.instagram.com\/senoticias\/\">Instagram<\/a>.<\/strong><\/p>\n<p style=\"text-align: justify\"><a href=\"http:\/\/senoticias.com.br\/se\/wp-content\/uploads\/2016\/11\/Logo-fone-1-2-1-2.jpg\"><img loading=\"lazy\" decoding=\"async\" class=\"aligncenter size-full wp-image-98122\" src=\"http:\/\/senoticias.com.br\/se\/wp-content\/uploads\/2016\/11\/Logo-fone-1-2-1-2.jpg\" alt=\"logo-fone-1-2-1\" width=\"599\" height=\"78\" srcset=\"https:\/\/senoticias.com.br\/se\/wp-content\/uploads\/2016\/11\/Logo-fone-1-2-1-2.jpg 599w, https:\/\/senoticias.com.br\/se\/wp-content\/uploads\/2016\/11\/Logo-fone-1-2-1-2-300x39.jpg 300w\" sizes=\"(max-width: 599px) 100vw, 599px\" \/><\/a><br \/>\nInforma\u00e7\u00f5es da SSP\/SE.<\/p>\n","protected":false},"excerpt":{"rendered":"<p>O delegado-geral da Pol\u00edcia Civil, Alessandro Vieira, esteve reunido nesta quinta-feira (24) na Assembleia Legislativa de Sergipe, com o deputado capit\u00e3o Samuel Barreto, presidente da comiss\u00e3o de Seguran\u00e7a P\u00fablica; e o presidente da Casa, deputado Luciano Bispo. O encontro serviu para discutir Projetos de Lei que dever\u00e3o ser encaminhados pelo Executivo \u00e0 Alese nos pr\u00f3ximos [&hellip;]<\/p>\n","protected":false},"author":5618,"featured_media":98207,"comment_status":"closed","ping_status":"closed","sticky":false,"template":"","format":"standard","meta":{"footnotes":""},"categories":[6],"tags":[1651,1650],"class_list":{"0":"post-98206","1":"post","2":"type-post","3":"status-publish","4":"format-standard","5":"has-post-thumbnail","7":"category-politica","8":"tag-delegado-geral-pede-empenho-na-apreciacao-de-projetos-sobre-a-policia-civil","9":"tag-na-alese"},"_links":{"self":[{"href":"https:\/\/senoticias.com.br\/se\/wp-json\/wp\/v2\/posts\/98206"}],"collection":[{"href":"https:\/\/senoticias.com.br\/se\/wp-json\/wp\/v2\/posts"}],"about":[{"href":"https:\/\/senoticias.com.br\/se\/wp-json\/wp\/v2\/types\/post"}],"author":[{"embeddable":true,"href":"https:\/\/senoticias.com.br\/se\/wp-json\/wp\/v2\/users\/5618"}],"replies":[{"embeddable":true,"href":"https:\/\/senoticias.com.br\/se\/wp-json\/wp\/v2\/comments?post=98206"}],"version-history":[{"count":0,"href":"https:\/\/senoticias.com.br\/se\/wp-json\/wp\/v2\/posts\/98206\/revisions"}],"wp:featuredmedia":[{"embeddable":true,"href":"https:\/\/senoticias.com.br\/se\/wp-json\/wp\/v2\/media\/98207"}],"wp:attachment":[{"href":"https:\/\/senoticias.com.br\/se\/wp-json\/wp\/v2\/media?parent=98206"}],"wp:term":[{"taxonomy":"category","embeddable":true,"href":"https:\/\/senoticias.com.br\/se\/wp-json\/wp\/v2\/categories?post=98206"},{"taxonomy":"post_tag","embeddable":true,"href":"https:\/\/senoticias.com.br\/se\/wp-json\/wp\/v2\/tags?post=98206"}],"curies":[{"name":"wp","href":"https:\/\/api.w.org\/{rel}","templated":true}]}}