{"id":98204,"date":"2016-11-24T19:48:33","date_gmt":"2016-11-24T22:48:33","guid":{"rendered":"http:\/\/senoticias.com.br\/se\/?p=98204"},"modified":"2016-11-24T19:48:33","modified_gmt":"2016-11-24T22:48:33","slug":"rogerio-ceni-e-o-novo-tecnico-do-sao-paulo-para-2017","status":"publish","type":"post","link":"https:\/\/senoticias.com.br\/se\/rogerio-ceni-e-o-novo-tecnico-do-sao-paulo-para-2017\/","title":{"rendered":"Rog\u00e9rio Ceni \u00e9 o novo t\u00e9cnico do S\u00e3o Paulo para 2017"},"content":{"rendered":"<p style=\"text-align: justify\">Em seu primeiro dia como t\u00e9cnico do S\u00e3o Paulo, Rog\u00e9rio Ceni foi ao Morumbi, sentou-se no banco de reservas de onde comandar\u00e1 a equipe a partir de janeiro de 2017, e falou ao site oficial sobre a sensa\u00e7\u00e3o de voltar ao clube, um ano depois de se despedir como goleiro. O principal vencedor da hist\u00f3ria tricolor deu algumas dicas de como ser\u00e1 seu trabalho na nova fun\u00e7\u00e3o.<\/p>\n<div id=\"attachment_98205\" style=\"width: 608px\" class=\"wp-caption aligncenter\"><a href=\"http:\/\/senoticias.com.br\/se\/wp-content\/uploads\/2016\/11\/Rogerio-ceni-e-novo-tecnico-do-sao-paulo-futebol-clube-SE-Noticias-e1480027622932.jpg\"><img loading=\"lazy\" decoding=\"async\" aria-describedby=\"caption-attachment-98205\" class=\"size-full wp-image-98205\" src=\"http:\/\/senoticias.com.br\/se\/wp-content\/uploads\/2016\/11\/Rogerio-ceni-e-novo-tecnico-do-sao-paulo-futebol-clube-SE-Noticias-e1480027622932.jpg\" alt=\"T\u00e9cnico deu entrevista no banco de reservas do est\u00e1dio do S\u00e3o Paulo (Foto: Igor Amorim\/saopaulofc.net) \" width=\"598\" height=\"399\" \/><\/a><p id=\"caption-attachment-98205\" class=\"wp-caption-text\">T\u00e9cnico deu entrevista no banco de reservas do est\u00e1dio do S\u00e3o Paulo (Foto: Igor Amorim\/saopaulofc.net)<\/p><\/div>\n<p style=\"text-align: justify\">VOLTA AO MORUMBI<\/p>\n<p style=\"text-align: justify\">\u2013 Acho que daqui eu nunca sa\u00ed. As mem\u00f3rias s\u00e3o ainda muito recentes. O Morumbi \u00e9 como se fosse minha casa. O que eu espero \u00e9 estar \u00e0 altura de um clube como o S\u00e3o Paulo, da grandeza do S\u00e3o Paulo. Tentei me aplicar bastante, estudar bastante nesse espa\u00e7o de tempo de quase um ano que eu fiquei afastado do futebol como atleta.<\/p>\n<p style=\"text-align: justify\">CENI T\u00c9CNICO<\/p>\n<p style=\"text-align: justify\">\u2013 Agora, em uma nova fun\u00e7\u00e3o, o que eu pretendo \u00e9 ter pessoas que tenham conhecimento, possam somar e ajudar muito a construir uma nova hist\u00f3ria para o S\u00e3o Paulo: jogadores, comiss\u00e3o t\u00e9cnica, integrados \u00e0 parte de futebol, de marketing, comunica\u00e7\u00e3o e \u00e0 presid\u00eancia do clube. Acho que isso \u00e9 o mais importante para que a gente possa fazer um S\u00e3o Paulo melhor do que vem sendo nos \u00faltimos tempos.<\/p>\n<p style=\"text-align: justify\">SAMPAOLI<\/p>\n<p style=\"text-align: justify\">\u2013 Ser goleiro e t\u00e9cnico numa mesma vida \u00e9 um desafio muito grande, s\u00e3o duas posi\u00e7\u00f5es em que a press\u00e3o \u00e9 muito forte. Me perguntaram por que escolhi assistir aos treinos do Jorge Sampaoli. E respondi que ele \u00e9 um treinador que tinha caracter\u00edsticas muito parecidas com a maneira que eu enxergava futebol. Fui muito bem recebido no Sevilha, escolhi passar uma semana at\u00e9 a prepara\u00e7\u00e3o para um jogo e pude aprender muito.<\/p>\n<p style=\"text-align: justify\">TORCIDA<\/p>\n<p style=\"text-align: justify\">\u2013 A grande estrutura do clube, o peso da camisa do S\u00e3o Paulo, isso tudo pode dar combust\u00edvel. E com o principal: ver o Morumbi cheio, ver o Morumbi a cada jogo com pelo menos seus 40 mil lugares da parte de cima lotados. O combust\u00edvel desse time, por mais contrata\u00e7\u00f5es que voc\u00ea fa\u00e7a, vem da arquibancada.<\/p>\n<p style=\"text-align: justify\">RELA\u00c7\u00c3O COM OS JOGADORES<\/p>\n<p style=\"text-align: justify\">\u2013 A rela\u00e7\u00e3o e o trato com os jogadores ser\u00e3o os mesmos de quando eu era atleta. Agora ocupando uma posi\u00e7\u00e3o diferente, mas com o mesmo respeito, o mesmo carinho pelos amigos, aqueles que ainda est\u00e3o aqui enquanto eu jogava, alguns jovens que subiram da categoria de base. Aqueles mais velhos que chegaram logo depois da minha sa\u00edda.<\/p>\n<p style=\"text-align: justify\">DESAFIO<\/p>\n<p style=\"text-align: justify\">\u2013 O grande segredo do futebol \u00e9 administrar pessoas e se relacionar bem com seus jogadores. S\u00e3o eles que podem fazer diferen\u00e7a. Eu quero que eles vejam futebol da maneira como eu via quando jogava, eu quero um time vencedor, que tenha uma mentalidade vencedora. Eu tenho certeza que eles v\u00e3o entender isso, j\u00e1 conhe\u00e7o muitos deles e sei da mentalidade vencedora que eles t\u00eam. N\u00f3s vamos ajustar apenas alguns detalhes. O mais importante \u00e9 destacar que n\u00e3o sou eu, mas toda a equipe de trabalho que ser\u00e1 colocada \u00e0 disposi\u00e7\u00e3o desses atletas.<\/p>\n<p style=\"text-align: justify\"><strong>Acompanhe tamb\u00e9m o SE Not\u00edcias no<\/strong><strong>\u00a0<\/strong><strong><a href=\"https:\/\/twitter.com\/Senoticias\">Twitter<\/a>,<\/strong><strong>\u00a0<\/strong><strong><a href=\"https:\/\/www.facebook.com\/senoticias1\">Facebook\u00a0<\/a>e no<\/strong><strong>\u00a0<\/strong><strong><a href=\"https:\/\/www.instagram.com\/senoticias\/\">Instagram<\/a>.<\/strong><\/p>\n<p style=\"text-align: justify\"><a href=\"http:\/\/senoticias.com.br\/se\/wp-content\/uploads\/2016\/11\/Logo-fone-1-2-1-2.jpg\"><img loading=\"lazy\" decoding=\"async\" class=\"aligncenter size-full wp-image-98122\" src=\"http:\/\/senoticias.com.br\/se\/wp-content\/uploads\/2016\/11\/Logo-fone-1-2-1-2.jpg\" alt=\"logo-fone-1-2-1\" width=\"599\" height=\"78\" srcset=\"https:\/\/senoticias.com.br\/se\/wp-content\/uploads\/2016\/11\/Logo-fone-1-2-1-2.jpg 599w, https:\/\/senoticias.com.br\/se\/wp-content\/uploads\/2016\/11\/Logo-fone-1-2-1-2-300x39.jpg 300w\" sizes=\"(max-width: 599px) 100vw, 599px\" \/><\/a><\/p>\n<p style=\"text-align: justify\">Informa\u00e7\u00f5es do Globo esporte .com<\/p>\n","protected":false},"excerpt":{"rendered":"<p>Em seu primeiro dia como t\u00e9cnico do S\u00e3o Paulo, Rog\u00e9rio Ceni foi ao Morumbi, sentou-se no banco de reservas de onde comandar\u00e1 a equipe a partir de janeiro de 2017, e falou ao site oficial sobre a sensa\u00e7\u00e3o de voltar ao clube, um ano depois de se despedir como goleiro. O principal vencedor da hist\u00f3ria [&hellip;]<\/p>\n","protected":false},"author":5618,"featured_media":98205,"comment_status":"closed","ping_status":"closed","sticky":false,"template":"","format":"standard","meta":{"footnotes":""},"categories":[26],"tags":[1649],"class_list":{"0":"post-98204","1":"post","2":"type-post","3":"status-publish","4":"format-standard","5":"has-post-thumbnail","7":"category-esportes","8":"tag-rogerio-ceni-e-o-novo-tecnico-do-sao-paulo-para-2017"},"_links":{"self":[{"href":"https:\/\/senoticias.com.br\/se\/wp-json\/wp\/v2\/posts\/98204"}],"collection":[{"href":"https:\/\/senoticias.com.br\/se\/wp-json\/wp\/v2\/posts"}],"about":[{"href":"https:\/\/senoticias.com.br\/se\/wp-json\/wp\/v2\/types\/post"}],"author":[{"embeddable":true,"href":"https:\/\/senoticias.com.br\/se\/wp-json\/wp\/v2\/users\/5618"}],"replies":[{"embeddable":true,"href":"https:\/\/senoticias.com.br\/se\/wp-json\/wp\/v2\/comments?post=98204"}],"version-history":[{"count":0,"href":"https:\/\/senoticias.com.br\/se\/wp-json\/wp\/v2\/posts\/98204\/revisions"}],"wp:featuredmedia":[{"embeddable":true,"href":"https:\/\/senoticias.com.br\/se\/wp-json\/wp\/v2\/media\/98205"}],"wp:attachment":[{"href":"https:\/\/senoticias.com.br\/se\/wp-json\/wp\/v2\/media?parent=98204"}],"wp:term":[{"taxonomy":"category","embeddable":true,"href":"https:\/\/senoticias.com.br\/se\/wp-json\/wp\/v2\/categories?post=98204"},{"taxonomy":"post_tag","embeddable":true,"href":"https:\/\/senoticias.com.br\/se\/wp-json\/wp\/v2\/tags?post=98204"}],"curies":[{"name":"wp","href":"https:\/\/api.w.org\/{rel}","templated":true}]}}