{"id":98194,"date":"2016-11-24T21:25:17","date_gmt":"2016-11-25T00:25:17","guid":{"rendered":"http:\/\/senoticias.com.br\/se\/?p=98194"},"modified":"2016-11-24T21:32:08","modified_gmt":"2016-11-25T00:32:08","slug":"policial-militar-da-pmse-e-preso-em-alagoas-suspeito-de-participar-de-roubo-de-cargas","status":"publish","type":"post","link":"https:\/\/senoticias.com.br\/se\/policial-militar-da-pmse-e-preso-em-alagoas-suspeito-de-participar-de-roubo-de-cargas\/","title":{"rendered":"Policial Militar da PM\/SE \u00e9 preso em Alagoas suspeito de participar de roubo de cargas"},"content":{"rendered":"<p style=\"text-align: justify;\">Duas pessoas presas, carga recuperada e quadrilha desarticulada. Esse \u00e9 o saldo de uma opera\u00e7\u00e3o deflagrada no final da manh\u00e3 desta quinta-feira, 24 de novembro, em Penedo, pela Divis\u00e3o Especial de Investiga\u00e7\u00e3o e Capturas (Deic) em parceria com 7\u00aa Delegacia Regional de Pol\u00edcia e com o 11\u00ba Batalh\u00e3o de Pol\u00edcia Militar. Entre os presos, um policial militar de Sergipe.<\/p>\n<div id=\"attachment_98209\" style=\"width: 609px\" class=\"wp-caption aligncenter\"><img loading=\"lazy\" decoding=\"async\" aria-describedby=\"caption-attachment-98209\" class=\"size-full wp-image-98209\" src=\"http:\/\/senoticias.com.br\/se\/wp-content\/uploads\/2016\/11\/PM-de-Sergipe-\u00e9-suspeito-de-integrar-quadrilha-de-ladroes-de-cargas-SE-Noticias-e1480033811277.jpg\" alt=\"Parte de carga roubada foi encontrada em mercadinho localizado na Vila Matias, em Penedo. (Foto: Aqui Acontece)\" width=\"599\" height=\"449\" \/><p id=\"caption-attachment-98209\" class=\"wp-caption-text\">Parte de carga roubada foi encontrada em mercadinho localizado na Vila Matias, em Penedo. (Foto: Aqui Acontece)<\/p><\/div>\n<p style=\"text-align: justify;\">De acordo com o delegado da Deic, Guilherme Martim Iusten, o policial Jos\u00e9 Ant\u00f4nio dos Santos, o comerciante Jos\u00e9 Carlos Nunes Ferreira e sua esposa, Simone Ferreira da Silva Santos, j\u00e1 estavam sendo investigados como suspeitos de integrar uma quadrilha especializada em roubo de cargas que estava agindo na regi\u00e3o.<\/p>\n<p style=\"text-align: justify;\">\u201cN\u00f3s j\u00e1 est\u00e1vamos investigando o grupo e nos preparando para dar o bote. No entanto, nesta quarta-feira, mais uma carga foi roubada nas imedia\u00e7\u00f5es do munic\u00edpio de Igreja Nova e como o modus operandi foi o mesmo e as caracter\u00edsticas dos respons\u00e1veis pelo crime tamb\u00e9m, n\u00f3s aproveitamos o estado de flagr\u00e2ncia e efetuamos a pris\u00e3o dos suspeitos. As investiga\u00e7\u00f5es continuam e outras pessoas dever\u00e3o ser presas\u201d, explicou o delegado em participa\u00e7\u00e3o no Programa Vida Real da R\u00e1dio Penedo FM (97,3 Mhz e <a href=\"http:\/\/www.penedofm.com.br\/\"><strong>www.penedofm.com.br<\/strong><\/a>).<\/p>\n<p style=\"text-align: justify;\">Iusten declarou ainda que o militar sergipano Jos\u00e9 Ant\u00f4nio participava diretamente dos roubos, assim como Jos\u00e9 Carlos. \u201cO policial \u00e9 propriet\u00e1rio de um mercadinho no povoado Retiro, em Pia\u00e7abu\u00e7u. J\u00e1 o Jos\u00e9 Carlos, que conseguiu fugir, \u00e9 o dono do JC Mercadinho, na Vila Matias. Esses dois estabelecimentos comerciais eram beneficiados com as cargas roubadas na regi\u00e3o\u201d, complementou o delegado que h\u00e1 pouco tempo deixou a titularidade da Delegacia Regional de Penedo.<\/p>\n<p style=\"text-align: justify;\">Ao chegar no JC Mercadinho, na Vila Matias, para dar cumprimento aos mandados, a pol\u00edcia conseguiu encontrar parte da carga roubada nesta quarta-feira, 23. V\u00eddeos gravados por populares mostram o exato momento em que as mercadorias s\u00e3o retiradas do estabelecimento comercial, local onde Simone Ferreira da Silva, esposa do propriet\u00e1rio, acabou sendo presa, segundo a pol\u00edcia, por tamb\u00e9m participar do esquema.<\/p>\n<p style=\"text-align: justify;\">A pol\u00edcia investiga se outros mercadinhos de Penedo tamb\u00e9m foram beneficiados com o esquema. Quem tiver informa\u00e7\u00f5es sobre o caso e quiser colaborar pode entrar em contato com o Disk Den\u00fancia da Pol\u00edcia Civil, atrav\u00e9s do 181. A liga\u00e7\u00e3o \u00e9 gratuita e o denunciante n\u00e3o precisa se identificar.<\/p>\n<p><strong>Clique <a href=\"http:\/\/aquiacontece.com.br\/noticia\/2016\/11\/24\/policial-militar-e-preso-em-penedo-suspeito-de-participar-de-roubo-de-carga\">AQUI<\/a> e leia mat\u00e9ria que foi postada na originalmente\u00a0no site www.aquiacontece.com.br<\/strong><\/p>\n<p><img loading=\"lazy\" decoding=\"async\" class=\"aligncenter size-full wp-image-98211\" src=\"http:\/\/senoticias.com.br\/se\/wp-content\/uploads\/2016\/11\/Logo-fone-1-2-1-3.jpg\" alt=\"logo-fone-1-2-1\" width=\"599\" height=\"78\" srcset=\"https:\/\/senoticias.com.br\/se\/wp-content\/uploads\/2016\/11\/Logo-fone-1-2-1-3.jpg 599w, https:\/\/senoticias.com.br\/se\/wp-content\/uploads\/2016\/11\/Logo-fone-1-2-1-3-300x39.jpg 300w\" sizes=\"(max-width: 599px) 100vw, 599px\" \/><\/p>\n<p><strong>Acompanhe tamb\u00e9m o SE Not\u00edcias no<\/strong><span class=\"apple-converted-space\"><b>\u00a0<\/b><\/span><strong><a href=\"https:\/\/twitter.com\/Senoticias\" target=\"_blank\">Twitter<\/a>,<\/strong><span class=\"apple-converted-space\"><b>\u00a0<\/b><\/span><strong><a href=\"https:\/\/www.facebook.com\/senoticias1\" target=\"_blank\">Facebook<span class=\"apple-converted-space\">\u00a0<\/span><\/a>e no<\/strong><span class=\"apple-converted-space\"><b>\u00a0<\/b><\/span><strong><a href=\"https:\/\/www.instagram.com\/senoticias\/\" target=\"_blank\">Instagram<\/a><\/strong><\/p>\n","protected":false},"excerpt":{"rendered":"<p>Duas pessoas presas, carga recuperada e quadrilha desarticulada. Esse \u00e9 o saldo de uma opera\u00e7\u00e3o deflagrada no final da manh\u00e3 desta quinta-feira, 24 de novembro, em Penedo, pela Divis\u00e3o Especial de Investiga\u00e7\u00e3o e Capturas (Deic) em parceria com 7\u00aa Delegacia Regional de Pol\u00edcia e com o 11\u00ba Batalh\u00e3o de Pol\u00edcia Militar. Entre os presos, um [&hellip;]<\/p>\n","protected":false},"author":2,"featured_media":98209,"comment_status":"closed","ping_status":"closed","sticky":false,"template":"","format":"standard","meta":{"footnotes":""},"categories":[15],"tags":[],"class_list":{"0":"post-98194","1":"post","2":"type-post","3":"status-publish","4":"format-standard","5":"has-post-thumbnail","7":"category-destaques"},"_links":{"self":[{"href":"https:\/\/senoticias.com.br\/se\/wp-json\/wp\/v2\/posts\/98194"}],"collection":[{"href":"https:\/\/senoticias.com.br\/se\/wp-json\/wp\/v2\/posts"}],"about":[{"href":"https:\/\/senoticias.com.br\/se\/wp-json\/wp\/v2\/types\/post"}],"author":[{"embeddable":true,"href":"https:\/\/senoticias.com.br\/se\/wp-json\/wp\/v2\/users\/2"}],"replies":[{"embeddable":true,"href":"https:\/\/senoticias.com.br\/se\/wp-json\/wp\/v2\/comments?post=98194"}],"version-history":[{"count":0,"href":"https:\/\/senoticias.com.br\/se\/wp-json\/wp\/v2\/posts\/98194\/revisions"}],"wp:featuredmedia":[{"embeddable":true,"href":"https:\/\/senoticias.com.br\/se\/wp-json\/wp\/v2\/media\/98209"}],"wp:attachment":[{"href":"https:\/\/senoticias.com.br\/se\/wp-json\/wp\/v2\/media?parent=98194"}],"wp:term":[{"taxonomy":"category","embeddable":true,"href":"https:\/\/senoticias.com.br\/se\/wp-json\/wp\/v2\/categories?post=98194"},{"taxonomy":"post_tag","embeddable":true,"href":"https:\/\/senoticias.com.br\/se\/wp-json\/wp\/v2\/tags?post=98194"}],"curies":[{"name":"wp","href":"https:\/\/api.w.org\/{rel}","templated":true}]}}