{"id":98155,"date":"2016-11-23T13:09:58","date_gmt":"2016-11-23T16:09:58","guid":{"rendered":"http:\/\/senoticias.com.br\/se\/?p=98155"},"modified":"2016-11-23T13:09:58","modified_gmt":"2016-11-23T16:09:58","slug":"mais-de-30-deputados-se-inscrevem-para-debater-medidas-contra-corrupcao","status":"publish","type":"post","link":"https:\/\/senoticias.com.br\/se\/mais-de-30-deputados-se-inscrevem-para-debater-medidas-contra-corrupcao\/","title":{"rendered":"Mais de 30 deputados se inscrevem para debater medidas contra corrup\u00e7\u00e3o"},"content":{"rendered":"<p style=\"text-align: justify\">Deputados que integram a comiss\u00e3o especial criada para tratar do Projeto de Lei (PL) 4.850\/16, das chamadas medidas de combate \u00e0 corrup\u00e7\u00e3o, j\u00e1 est\u00e3o h\u00e1 mais de duas horas reunidos. Com a expectativa de que o texto seja votado hoje (23) e depois de seis horas de debate na sess\u00e3o de ontem (22), mas ainda h\u00e1 uma lista extensa de inscritos que querem se manifestar sobre a terceira vers\u00e3o do relat\u00f3rio apresentado pelo relator Onyx Lorenzoni (DEM-RS).<\/p>\n<div id=\"attachment_79865\" style=\"width: 608px\" class=\"wp-caption aligncenter\"><a href=\"http:\/\/senoticias.com.br\/se\/wp-content\/uploads\/2015\/05\/grande-040913camara_dos_deputados.jpg\"><img loading=\"lazy\" decoding=\"async\" aria-describedby=\"caption-attachment-79865\" class=\"wp-image-79865\" src=\"http:\/\/senoticias.com.br\/se\/wp-content\/uploads\/2015\/05\/grande-040913camara_dos_deputados.jpg\" alt=\"(Foto: Ag\u00eancia C\u00e2mara dos Deputados) \" width=\"598\" height=\"397\" srcset=\"https:\/\/senoticias.com.br\/se\/wp-content\/uploads\/2015\/05\/grande-040913camara_dos_deputados.jpg 1000w, https:\/\/senoticias.com.br\/se\/wp-content\/uploads\/2015\/05\/grande-040913camara_dos_deputados-300x199.jpg 300w, https:\/\/senoticias.com.br\/se\/wp-content\/uploads\/2015\/05\/grande-040913camara_dos_deputados-342x227.jpg 342w\" sizes=\"(max-width: 598px) 100vw, 598px\" \/><\/a><p id=\"caption-attachment-79865\" class=\"wp-caption-text\">(Foto: Ag\u00eancia C\u00e2mara dos Deputados)<\/p><\/div>\n<p style=\"text-align: justify\">Na reuni\u00e3o que come\u00e7ou \u00e0s 9h40, mais de 20 deputados estavam inscritos para falar a favor da proposta e 14 contra, em discursos que alternam os dois posicionamentos. As cr\u00edticas destacavam a exclus\u00e3o do dispositivo que previa crime de responsabilidade para ju\u00edzes e promotores. O relator tirou o artigo na segunda vers\u00e3o do texto depois de conversar com o procurador Deltan Dallagnol, chefe da Opera\u00e7\u00e3o Lava Jato no Minist\u00e9rio P\u00fablico Federal.<\/p>\n<p style=\"text-align: justify\">Depois de elogiar o parecer, Fausto Pinato (PP-SP), que foi autor de um dos votos em separado para que o dispositivo seja inclu\u00eddo novamente, afirmou que n\u00e3o h\u00e1 maioria na comiss\u00e3o para a inclus\u00e3o e pediu para que outros parlamentares que defendem a proposta apenas aprovem o texto se o artigo voltar a integrar as medidas. \u201cEstamos vendo uma imposi\u00e7\u00e3o do Minist\u00e9rio P\u00fablico, mas quem vota e v\u00ea o tempo necess\u00e1rio somos n\u00f3s, parlamentares. Quem n\u00e3o deve n\u00e3o teme. Promotor e juiz t\u00eam que ter medo de bandido\u201d, afirmou.<\/p>\n<p style=\"text-align: justify\">O deputado Delegado Edson Moreira (PR-MG) se uniu \u00e0 cr\u00edtica e afirmou que h\u00e1 uma &#8220;ditadura&#8221; do Minist\u00e9rio P\u00fablico. \u201c\u00c9 muito poder para pouca responsabiliza\u00e7\u00e3o de quem acha que pode investigar a vida de qualquer cidad\u00e3o brasileiro e depois descobrir que \u00e9 inocente. Ningu\u00e9m sabe a tortura psicol\u00f3gica de ter sob sua cabe\u00e7a uma investiga\u00e7\u00e3o ou processo e ficar sendo processado por anos a fio\u201d, disse.<\/p>\n<p style=\"text-align: justify\">Lorenzoni tentou minimizar as cr\u00edticas, reconhecendo que o assunto precisa ser tratado, mas em outro momento, e se comprometeu a formular uma proposta j\u00e1 na pr\u00f3xima semana. Segundo ele, h\u00e1 um estudo em andamento para identificar em que legisla\u00e7\u00e3o a tipifica\u00e7\u00e3o de crimes e penas atribu\u00eddas a ju\u00edzes e promotores deveria ser inclu\u00edda. \u201cPodemos concluir as dez medidas e logo depois abrir uma comiss\u00e3o especial para tratar deste ponto e chamar representantes de promotores e magistrados\u201d, afirmou.<\/p>\n<p style=\"text-align: justify\">Em apoio ao relator, Carlos Sampaio (PSDB-SP) concordou que \u201cn\u00e3o \u00e9 o momento\u201d de incluir o debate sobre as puni\u00e7\u00f5es. \u201cEstamos aprovando o relat\u00f3rio de medidas de combate \u00e0 corrup\u00e7\u00e3o. N\u00e3o tem por que neste relat\u00f3rio falar sobre puni\u00e7\u00f5es. N\u00e3o me parece oportuno agora abordarmos crime de responsabilidade de quem de fato combate a corrup\u00e7\u00e3o\u201d, disse.<\/p>\n<p style=\"text-align: justify\">A sess\u00e3o foi suspensa, a pedido do relator, para que, junto com t\u00e9cnicos legislativos da comiss\u00e3o, pudesse incluir algumas contribui\u00e7\u00f5es de texto apresentadas pelos integrantes do colegiado. A sess\u00e3o deve ser retomada \u00e0s 14h30. A expectativa \u00e9 que o texto seja votado ainda hoje (23).<\/p>\n<p style=\"line-height: 14.25pt\"><strong><span style=\"font-size: 10.0pt;font-family: 'Georgia','serif';color: #333333\">Acompanhe tamb\u00e9m o SE Not\u00edcias no<\/span><\/strong><span class=\"apple-converted-space\"><b><span style=\"font-size: 10.0pt;font-family: 'Georgia','serif';color: #333333\">\u00a0<\/span><\/b><\/span><strong><span style=\"font-size: 10.0pt;font-family: 'Georgia','serif';color: #333333\"><a href=\"https:\/\/twitter.com\/Senoticias\" target=\"_blank\">Twitter<\/a>,<\/span><\/strong><span class=\"apple-converted-space\"><b><span style=\"font-size: 10.0pt;font-family: 'Georgia','serif';color: #333333\">\u00a0<\/span><\/b><\/span><strong><span style=\"font-size: 10.0pt;font-family: 'Georgia','serif';color: #333333\"><a href=\"https:\/\/www.facebook.com\/senoticias1\" target=\"_blank\">Facebook<span class=\"apple-converted-space\"><span style=\"color: windowtext;text-decoration: none\">\u00a0<\/span><\/span><\/a>e no<\/span><\/strong><span class=\"apple-converted-space\"><b><span style=\"font-size: 10.0pt;font-family: 'Georgia','serif';color: #333333\">\u00a0<\/span><\/b><\/span><strong><span style=\"font-size: 10.0pt;font-family: 'Georgia','serif';color: #333333\"><a href=\"https:\/\/www.instagram.com\/senoticias\/\" target=\"_blank\">Instagram<\/a>.<\/span><\/strong><\/p>\n<p style=\"text-align: justify\"><a href=\"http:\/\/senoticias.com.br\/se\/wp-content\/uploads\/2016\/11\/Logo-fone-1-2-1-2.jpg\"><img loading=\"lazy\" decoding=\"async\" class=\"aligncenter size-full wp-image-98122\" src=\"http:\/\/senoticias.com.br\/se\/wp-content\/uploads\/2016\/11\/Logo-fone-1-2-1-2.jpg\" alt=\"logo-fone-1-2-1\" width=\"599\" height=\"78\" srcset=\"https:\/\/senoticias.com.br\/se\/wp-content\/uploads\/2016\/11\/Logo-fone-1-2-1-2.jpg 599w, https:\/\/senoticias.com.br\/se\/wp-content\/uploads\/2016\/11\/Logo-fone-1-2-1-2-300x39.jpg 300w\" sizes=\"(max-width: 599px) 100vw, 599px\" \/><\/a><\/p>\n<p style=\"text-align: justify\"><em>Informa\u00e7\u00f5es da Ag\u00eancia Brasil de Noticias.<\/em><\/p>\n","protected":false},"excerpt":{"rendered":"<p>Deputados que integram a comiss\u00e3o especial criada para tratar do Projeto de Lei (PL) 4.850\/16, das chamadas medidas de combate \u00e0 corrup\u00e7\u00e3o, j\u00e1 est\u00e3o h\u00e1 mais de duas horas reunidos. Com a expectativa de que o texto seja votado hoje (23) e depois de seis horas de debate na sess\u00e3o de ontem (22), mas ainda [&hellip;]<\/p>\n","protected":false},"author":5618,"featured_media":79865,"comment_status":"closed","ping_status":"closed","sticky":false,"template":"","format":"standard","meta":{"footnotes":""},"categories":[6],"tags":[1629],"class_list":{"0":"post-98155","1":"post","2":"type-post","3":"status-publish","4":"format-standard","5":"has-post-thumbnail","7":"category-politica","8":"tag-mais-de-30-deputados-se-inscrevem-para-debater-medidas-contra-corrupcao"},"_links":{"self":[{"href":"https:\/\/senoticias.com.br\/se\/wp-json\/wp\/v2\/posts\/98155"}],"collection":[{"href":"https:\/\/senoticias.com.br\/se\/wp-json\/wp\/v2\/posts"}],"about":[{"href":"https:\/\/senoticias.com.br\/se\/wp-json\/wp\/v2\/types\/post"}],"author":[{"embeddable":true,"href":"https:\/\/senoticias.com.br\/se\/wp-json\/wp\/v2\/users\/5618"}],"replies":[{"embeddable":true,"href":"https:\/\/senoticias.com.br\/se\/wp-json\/wp\/v2\/comments?post=98155"}],"version-history":[{"count":0,"href":"https:\/\/senoticias.com.br\/se\/wp-json\/wp\/v2\/posts\/98155\/revisions"}],"wp:featuredmedia":[{"embeddable":true,"href":"https:\/\/senoticias.com.br\/se\/wp-json\/wp\/v2\/media\/79865"}],"wp:attachment":[{"href":"https:\/\/senoticias.com.br\/se\/wp-json\/wp\/v2\/media?parent=98155"}],"wp:term":[{"taxonomy":"category","embeddable":true,"href":"https:\/\/senoticias.com.br\/se\/wp-json\/wp\/v2\/categories?post=98155"},{"taxonomy":"post_tag","embeddable":true,"href":"https:\/\/senoticias.com.br\/se\/wp-json\/wp\/v2\/tags?post=98155"}],"curies":[{"name":"wp","href":"https:\/\/api.w.org\/{rel}","templated":true}]}}