{"id":98152,"date":"2016-11-23T11:10:14","date_gmt":"2016-11-23T14:10:14","guid":{"rendered":"http:\/\/senoticias.com.br\/se\/?p=98152"},"modified":"2016-11-23T11:11:24","modified_gmt":"2016-11-23T14:11:24","slug":"suposto-latrocinio-e-elucidado-pela-policia-civil","status":"publish","type":"post","link":"https:\/\/senoticias.com.br\/se\/suposto-latrocinio-e-elucidado-pela-policia-civil\/","title":{"rendered":"Suposto latroc\u00ednio \u00e9 elucidado pela Pol\u00edcia Civil"},"content":{"rendered":"<div id=\"attachment_98153\" style=\"width: 392px\" class=\"wp-caption alignright\"><img loading=\"lazy\" decoding=\"async\" aria-describedby=\"caption-attachment-98153\" class=\"size-full wp-image-98153\" src=\"http:\/\/senoticias.com.br\/se\/wp-content\/uploads\/2016\/11\/Policia-Apresenta-suspeito-de-homicidio-no-Santa-Maria-SE-noticias.jpeg\" alt=\"A pris\u00e3o ocorreu em fun\u00e7\u00e3o de mandado de pris\u00e3o. (Foto: SSP\/SE)\" width=\"382\" height=\"380\" srcset=\"https:\/\/senoticias.com.br\/se\/wp-content\/uploads\/2016\/11\/Policia-Apresenta-suspeito-de-homicidio-no-Santa-Maria-SE-noticias.jpeg 382w, https:\/\/senoticias.com.br\/se\/wp-content\/uploads\/2016\/11\/Policia-Apresenta-suspeito-de-homicidio-no-Santa-Maria-SE-noticias-150x150.jpeg 150w, https:\/\/senoticias.com.br\/se\/wp-content\/uploads\/2016\/11\/Policia-Apresenta-suspeito-de-homicidio-no-Santa-Maria-SE-noticias-300x298.jpeg 300w\" sizes=\"(max-width: 382px) 100vw, 382px\" \/><p id=\"caption-attachment-98153\" class=\"wp-caption-text\">A pris\u00e3o ocorreu em fun\u00e7\u00e3o de mandado de pris\u00e3o. (Foto: SSP\/SE)<\/p><\/div>\n<p style=\"text-align: justify;\">Nessa ter\u00e7a-feira, 22, foi preso Magno Santos Moura, de 28 anos de idade, suspeito de ter praticado um latroc\u00ednio no in\u00edcio deste ano. O indiv\u00edduo j\u00e1 vinha sendo investigado por policiais civis da 9\u00aa Delegacia Metropolitana e, durante as buscas \u00e0 sua resid\u00eancia, foi encontrado o celular roubado da v\u00edtima Jos\u00e9 Valtene Santos, o que confirmou sua participa\u00e7\u00e3o no delito.<\/p>\n<p style=\"text-align: justify;\">O crime ocorreu no dia 03 do m\u00eas de fevereiro do presente ano. &#8220;No momento em que a v\u00edtima se dirigia a sua resid\u00eancia, localizada no bairro Santa Maria, ela foi abordada por indiv\u00edduos, que desferiram onze disparos fatais contra ela. A maioria dos tiros atingiu suas costas, o que sup\u00f5e que pode ter sido uma execu\u00e7\u00e3o&#8221;, disse Gilberto Guimar\u00e3es, delegado respons\u00e1vel pelo caso. Foram roubados ainda R$1.850,00, uma carteira porta c\u00e9dulas e um aparelho celular.<\/p>\n<p style=\"text-align: justify;\">Magno \u00e9 irm\u00e3o do detento Cristiano Santos Moura, preso no m\u00eas de junho de 2014, acusado de integrar uma quadrilha respons\u00e1vel por diversas explos\u00f5es de cash de ag\u00eancias banc\u00e1rias em Sergipe e Alagoas. O suspeito foi interrogado e conduzido para a 4\u00aa Delegacia Metropolitana, onde permanecer\u00e1 sob cust\u00f3dia para a tomada das devidas provid\u00eancias.<\/p>\n<p style=\"text-align: justify;\"><img loading=\"lazy\" decoding=\"async\" class=\"aligncenter size-full wp-image-98122\" src=\"http:\/\/senoticias.com.br\/se\/wp-content\/uploads\/2016\/11\/Logo-fone-1-2-1-2.jpg\" alt=\"logo-fone-1-2-1\" width=\"599\" height=\"78\" srcset=\"https:\/\/senoticias.com.br\/se\/wp-content\/uploads\/2016\/11\/Logo-fone-1-2-1-2.jpg 599w, https:\/\/senoticias.com.br\/se\/wp-content\/uploads\/2016\/11\/Logo-fone-1-2-1-2-300x39.jpg 300w\" sizes=\"(max-width: 599px) 100vw, 599px\" \/><\/p>\n<p style=\"text-align: justify;\"><strong>Acompanhe tamb\u00e9m o SE Not\u00edcias no<\/strong><span class=\"apple-converted-space\"><b>\u00a0<\/b><\/span><strong><a href=\"https:\/\/twitter.com\/Senoticias\" target=\"_blank\">Twitter<\/a>,<\/strong><span class=\"apple-converted-space\"><b>\u00a0<\/b><\/span><strong><a href=\"https:\/\/www.facebook.com\/senoticias1\" target=\"_blank\">Facebook<span class=\"apple-converted-space\">\u00a0<\/span><\/a>e no<\/strong><span class=\"apple-converted-space\"><b>\u00a0<\/b><\/span><strong><a href=\"https:\/\/www.instagram.com\/senoticias\/\" target=\"_blank\">Instagram<\/a><\/strong><\/p>\n<p style=\"text-align: justify;\"><em><strong>Informa\u00e7\u00f5es extra\u00eddas do <a href=\"http:\/\/www.ssp.se.gov.br\/modules\/news\/article.php?storyid=6696\">site<\/a> da SSP\/SE<\/strong><\/em><\/p>\n<p style=\"text-align: justify;\">\n","protected":false},"excerpt":{"rendered":"<p>Nessa ter\u00e7a-feira, 22, foi preso Magno Santos Moura, de 28 anos de idade, suspeito de ter praticado um latroc\u00ednio no in\u00edcio deste ano. O indiv\u00edduo j\u00e1 vinha sendo investigado por policiais civis da 9\u00aa Delegacia Metropolitana e, durante as buscas \u00e0 sua resid\u00eancia, foi encontrado o celular roubado da v\u00edtima Jos\u00e9 Valtene Santos, o que [&hellip;]<\/p>\n","protected":false},"author":2,"featured_media":98153,"comment_status":"closed","ping_status":"closed","sticky":false,"template":"","format":"standard","meta":{"footnotes":""},"categories":[7],"tags":[],"class_list":{"0":"post-98152","1":"post","2":"type-post","3":"status-publish","4":"format-standard","5":"has-post-thumbnail","7":"category-policia"},"_links":{"self":[{"href":"https:\/\/senoticias.com.br\/se\/wp-json\/wp\/v2\/posts\/98152"}],"collection":[{"href":"https:\/\/senoticias.com.br\/se\/wp-json\/wp\/v2\/posts"}],"about":[{"href":"https:\/\/senoticias.com.br\/se\/wp-json\/wp\/v2\/types\/post"}],"author":[{"embeddable":true,"href":"https:\/\/senoticias.com.br\/se\/wp-json\/wp\/v2\/users\/2"}],"replies":[{"embeddable":true,"href":"https:\/\/senoticias.com.br\/se\/wp-json\/wp\/v2\/comments?post=98152"}],"version-history":[{"count":0,"href":"https:\/\/senoticias.com.br\/se\/wp-json\/wp\/v2\/posts\/98152\/revisions"}],"wp:featuredmedia":[{"embeddable":true,"href":"https:\/\/senoticias.com.br\/se\/wp-json\/wp\/v2\/media\/98153"}],"wp:attachment":[{"href":"https:\/\/senoticias.com.br\/se\/wp-json\/wp\/v2\/media?parent=98152"}],"wp:term":[{"taxonomy":"category","embeddable":true,"href":"https:\/\/senoticias.com.br\/se\/wp-json\/wp\/v2\/categories?post=98152"},{"taxonomy":"post_tag","embeddable":true,"href":"https:\/\/senoticias.com.br\/se\/wp-json\/wp\/v2\/tags?post=98152"}],"curies":[{"name":"wp","href":"https:\/\/api.w.org\/{rel}","templated":true}]}}