{"id":98146,"date":"2016-11-23T07:05:15","date_gmt":"2016-11-23T10:05:15","guid":{"rendered":"http:\/\/senoticias.com.br\/se\/?p=98146"},"modified":"2016-11-23T07:16:14","modified_gmt":"2016-11-23T10:16:14","slug":"tribunal-divulga-calendario-de-pagamento-do-magisterio-nos-municipios","status":"publish","type":"post","link":"https:\/\/senoticias.com.br\/se\/tribunal-divulga-calendario-de-pagamento-do-magisterio-nos-municipios\/","title":{"rendered":"Tribunal divulga calend\u00e1rio de pagamento do magist\u00e9rio nos munic\u00edpios"},"content":{"rendered":"<p style=\"text-align: justify;\">A Diretoria T\u00e9cnica do Tribunal de Contas do Estado (TCE) divulgou nesta ter\u00e7a-feira, 22, um levantamento com o cronograma de pagamento dos servidores do magist\u00e9rio apresentado pelos gestores de todos os munic\u00edpios sergipanos. A Diretoria T\u00e9cnica do Tribunal de Contas do Estado (TCE) divulgou nesta ter\u00e7a-feira, 22, um levantamento com o cronograma de pagamento dos servidores do magist\u00e9rio apresentado pelos gestores de todos \u00a0os munic\u00edpios sergipanos.<\/p>\n<div id=\"attachment_92604\" style=\"width: 609px\" class=\"wp-caption aligncenter\"><img loading=\"lazy\" decoding=\"async\" aria-describedby=\"caption-attachment-92604\" class=\"size-full wp-image-92604\" src=\"http:\/\/senoticias.com.br\/se\/wp-content\/uploads\/2016\/06\/TCE-SE-NOTICIAS-e1464807551396.jpg\" alt=\"TCE manda Prefeitura de S\u00e3o Crist\u00f3v\u00e3o suspender edital de terceiriza\u00e7\u00e3o da ilumina\u00e7\u00e3o p\u00fablica\" width=\"599\" height=\"398\" \/><p id=\"caption-attachment-92604\" class=\"wp-caption-text\">TCE divulga calend\u00e1rio de pagamento dos professores. (Foto: Cleverton Ribeiro\/TCE)\u00a0<\/p><\/div>\n<p style=\"text-align: justify;\">O calend\u00e1rio com os vencimentos correspondentes a 2016 \u2013 incluindo o d\u00e9cimo terceiro sal\u00e1rio \u2013 foi exigido pela Corte de Contas por meio de of\u00edcio circular ap\u00f3s delibera\u00e7\u00e3o do Pleno.<\/p>\n<p style=\"text-align: justify;\">Na sess\u00e3o do dia 20 de outubro, o conselheiro-presidente Cl\u00f3vis Barbosa apresentou ao colegiado uma manifesta\u00e7\u00e3o t\u00e9cnica elaborada pela Diretoria de Controle Externo de Obras e Servi\u00e7os (Dceos) confirmando que muitos munic\u00edpios atrasam os sal\u00e1rios do magist\u00e9rio injustificadamente, j\u00e1 que a verba do Fundeb, quando n\u00e3o \u00e9 suficiente, cobre quase inteiramente a folha da educa\u00e7\u00e3o.<\/p>\n<p style=\"text-align: justify;\">Conforme o diretor t\u00e9cnico Gustavo Gurgel Maia, a apresenta\u00e7\u00e3o do calend\u00e1rio de obriga\u00e7\u00f5es traduz uma obriga\u00e7\u00e3o assumida pelo ente: &#8220;Se o prefeito do munic\u00edpio descumprir o pr\u00f3prio cronograma que apresentou como sendo poss\u00edvel para pagamento, \u00e9 preciso adotar medidas en\u00e9rgicas para que n\u00e3o se tripudie do Tribunal&#8221;, afirma o diretor.<\/p>\n<p style=\"text-align: justify;\">Segundo ele, se estiver previsto pagar no dia 31, por exemplo, e no dia 01 n\u00e3o houver not\u00edcias do pagamento, a orienta\u00e7\u00e3o \u00e0s Coordenadorias de Controle e Inspe\u00e7\u00e3o ser\u00e1 pelo bloqueio das contas, aplica\u00e7\u00e3o de multa e rejei\u00e7\u00e3o das contas<\/p>\n<p style=\"text-align: justify;\">O calend\u00e1rio com os vencimentos correspondentes a 2016 \u2013 incluindo o d\u00e9cimo terceiro sal\u00e1rio \u2013 foi exigido pela Corte de Contas por meio de of\u00edcio circular ap\u00f3s delibera\u00e7\u00e3o do Pleno.<\/p>\n<p style=\"text-align: justify;\">Na sess\u00e3o do dia 20 de outubro, o conselheiro-presidente Cl\u00f3vis Barbosa apresentou ao colegiado uma manifesta\u00e7\u00e3o t\u00e9cnica elaborada pela Diretoria de Controle Externo de Obras e Servi\u00e7os (Dceos) confirmando que muitos munic\u00edpios atrasam os sal\u00e1rios do magist\u00e9rio injustificadamente, j\u00e1 que a verba do Fundeb, quando n\u00e3o \u00e9 suficiente, cobre quase inteiramente a folha da educa\u00e7\u00e3o.<\/p>\n<p style=\"text-align: justify;\">Conforme o diretor t\u00e9cnico Gustavo Gurgel Maia, a apresenta\u00e7\u00e3o do calend\u00e1rio de obriga\u00e7\u00f5es traduz uma obriga\u00e7\u00e3o assumida pelo ente: &#8220;Se o prefeito do munic\u00edpio descumprir o pr\u00f3prio cronograma que apresentou como sendo poss\u00edvel para pagamento, \u00e9 preciso adotar medidas en\u00e9rgicas para que n\u00e3o se tripudie do Tribunal&#8221;, afirma o diretor.<\/p>\n<p style=\"text-align: justify;\">Segundo ele, se estiver previsto pagar no dia 31, por exemplo, e no dia 01 n\u00e3o houver not\u00edcias do pagamento, a orienta\u00e7\u00e3o \u00e0s Coordenadorias de Controle e Inspe\u00e7\u00e3o ser\u00e1 pelo bloqueio das contas, aplica\u00e7\u00e3o de multa e rejei\u00e7\u00e3o das contas.<\/p>\n<p style=\"text-align: justify;\"><div class=\"ead-preview\"><div class=\"ead-document\" style=\"position: relative;padding-top: 90%;\"><div class=\"ead-iframe-wrapper\"><iframe src=\"\/\/docs.google.com\/viewer?url=http%3A%2F%2Fsenoticias.com.br%2Fse%2Fwp-content%2Fuploads%2F2016%2F11%2FCalendario-de-pagamento-TCE-SE-Noticias.pdf&amp;embedded=true&amp;hl=en\" title=\"Embedded Document\" class=\"ead-iframe\" style=\"width: 100%;height: 100%;border: none;position: absolute;left: 0;top: 0;visibility: hidden;\"><\/iframe><\/div>\t\t\t<div class=\"ead-document-loading\" style=\"width:100%;height:100%;position:absolute;left:0;top:0;z-index:10;\">\n\t\t\t\t<div class=\"ead-loading-wrap\">\n\t\t\t\t\t<div class=\"ead-loading-main\">\n\t\t\t\t\t\t<div class=\"ead-loading\">\n\t\t\t\t\t\t\t<img loading=\"lazy\" decoding=\"async\" src=\"https:\/\/senoticias.com.br\/se\/wp-content\/plugins\/embed-any-document\/images\/loading.svg\" width=\"55\" height=\"55\" alt=\"Loader\">\n\t\t\t\t\t\t\t<span>Loading...<\/span>\n\t\t\t\t\t\t<\/div>\n\t\t\t\t\t<\/div>\n\t\t\t\t\t<div class=\"ead-loading-foot\">\n\t\t\t\t\t\t<div class=\"ead-loading-foot-title\">\n\t\t\t\t\t\t\t<img loading=\"lazy\" decoding=\"async\" src=\"https:\/\/senoticias.com.br\/se\/wp-content\/plugins\/embed-any-document\/images\/EAD-logo.svg\" alt=\"EAD Logo\" width=\"36\" height=\"23\"\/>\n\t\t\t\t\t\t\t<span>Taking too long?<\/span>\n\t\t\t\t\t\t<\/div>\n\t\t\t\t\t\t<div class=\"ead-document-btn ead-reload-btn\" role=\"button\">\n\t\t\t\t\t\t\t\t<img loading=\"lazy\" decoding=\"async\" src=\"https:\/\/senoticias.com.br\/se\/wp-content\/plugins\/embed-any-document\/images\/reload.svg\" alt=\"Reload\" width=\"12\" height=\"12\"\/> Reload document\t\t\t\t\t\t\t<\/div>\n\t\t\t\t\t\t\t<span>|<\/span>\n\t\t\t\t\t\t\t<a href=\"http:\/\/senoticias.com.br\/se\/wp-content\/uploads\/2016\/11\/Calendario-de-pagamento-TCE-SE-Noticias.pdf\" class=\"ead-document-btn\" target=\"_blank\">\n\t\t\t\t\t\t\t\t<img loading=\"lazy\" decoding=\"async\" src=\"https:\/\/senoticias.com.br\/se\/wp-content\/plugins\/embed-any-document\/images\/open.svg\" alt=\"Open\" width=\"12\" height=\"12\"\/> Open in new tab\t\t\t\t\t\t\t<\/a>\n\t\t\t\t\t<\/div>\n\t\t\t\t<\/div>\n\t\t\t<\/div>\n\t\t<\/div><p class=\"embed_download\"><a href=\"http:\/\/senoticias.com.br\/se\/wp-content\/uploads\/2016\/11\/Calendario-de-pagamento-TCE-SE-Noticias.pdf\" download>Download [162.00 B] <\/a><\/p><\/div>\n<p style=\"text-align: justify;\"><img loading=\"lazy\" decoding=\"async\" class=\"aligncenter size-full wp-image-98122\" src=\"http:\/\/senoticias.com.br\/se\/wp-content\/uploads\/2016\/11\/Logo-fone-1-2-1-2.jpg\" alt=\"logo-fone-1-2-1\" width=\"599\" height=\"78\" srcset=\"https:\/\/senoticias.com.br\/se\/wp-content\/uploads\/2016\/11\/Logo-fone-1-2-1-2.jpg 599w, https:\/\/senoticias.com.br\/se\/wp-content\/uploads\/2016\/11\/Logo-fone-1-2-1-2-300x39.jpg 300w\" sizes=\"(max-width: 599px) 100vw, 599px\" \/><\/p>\n<p style=\"text-align: justify;\"><em><strong>Acompanhe tamb\u00e9m o SE Not\u00edcias no<\/strong><span class=\"apple-converted-space\"><b>\u00a0<\/b><\/span><strong><a href=\"https:\/\/twitter.com\/Senoticias\" target=\"_blank\">Twitter<\/a>,<\/strong><span class=\"apple-converted-space\"><b>\u00a0<\/b><\/span><strong><a href=\"https:\/\/www.facebook.com\/senoticias1\" target=\"_blank\">Facebook<span class=\"apple-converted-space\">\u00a0<\/span><\/a>e no<\/strong><span class=\"apple-converted-space\"><b>\u00a0<\/b><\/span><strong><a href=\"https:\/\/www.instagram.com\/senoticias\/\" target=\"_blank\">Instagram<\/a><\/strong><\/em><\/p>\n<p style=\"text-align: justify;\"><em>Ascom\/TCE<\/em><\/p>\n","protected":false},"excerpt":{"rendered":"<p>A Diretoria T\u00e9cnica do Tribunal de Contas do Estado (TCE) divulgou nesta ter\u00e7a-feira, 22, um levantamento com o cronograma de pagamento dos servidores do magist\u00e9rio apresentado pelos gestores de todos os munic\u00edpios sergipanos. A Diretoria T\u00e9cnica do Tribunal de Contas do Estado (TCE) divulgou nesta ter\u00e7a-feira, 22, um levantamento com o cronograma de pagamento dos [&hellip;]<\/p>\n","protected":false},"author":2,"featured_media":96364,"comment_status":"closed","ping_status":"closed","sticky":false,"template":"","format":"standard","meta":{"footnotes":""},"categories":[6],"tags":[],"class_list":{"0":"post-98146","1":"post","2":"type-post","3":"status-publish","4":"format-standard","5":"has-post-thumbnail","7":"category-politica"},"_links":{"self":[{"href":"https:\/\/senoticias.com.br\/se\/wp-json\/wp\/v2\/posts\/98146"}],"collection":[{"href":"https:\/\/senoticias.com.br\/se\/wp-json\/wp\/v2\/posts"}],"about":[{"href":"https:\/\/senoticias.com.br\/se\/wp-json\/wp\/v2\/types\/post"}],"author":[{"embeddable":true,"href":"https:\/\/senoticias.com.br\/se\/wp-json\/wp\/v2\/users\/2"}],"replies":[{"embeddable":true,"href":"https:\/\/senoticias.com.br\/se\/wp-json\/wp\/v2\/comments?post=98146"}],"version-history":[{"count":0,"href":"https:\/\/senoticias.com.br\/se\/wp-json\/wp\/v2\/posts\/98146\/revisions"}],"wp:featuredmedia":[{"embeddable":true,"href":"https:\/\/senoticias.com.br\/se\/wp-json\/wp\/v2\/media\/96364"}],"wp:attachment":[{"href":"https:\/\/senoticias.com.br\/se\/wp-json\/wp\/v2\/media?parent=98146"}],"wp:term":[{"taxonomy":"category","embeddable":true,"href":"https:\/\/senoticias.com.br\/se\/wp-json\/wp\/v2\/categories?post=98146"},{"taxonomy":"post_tag","embeddable":true,"href":"https:\/\/senoticias.com.br\/se\/wp-json\/wp\/v2\/tags?post=98146"}],"curies":[{"name":"wp","href":"https:\/\/api.w.org\/{rel}","templated":true}]}}