{"id":98113,"date":"2016-11-22T12:54:50","date_gmt":"2016-11-22T15:54:50","guid":{"rendered":"http:\/\/senoticias.com.br\/se\/?p=98113"},"modified":"2016-11-22T12:56:15","modified_gmt":"2016-11-22T15:56:15","slug":"quadrilha-responsavel-por-roubos-de-veiculos-e-a-transeuntes-e-desarticulada-pela-drfv","status":"publish","type":"post","link":"https:\/\/senoticias.com.br\/se\/quadrilha-responsavel-por-roubos-de-veiculos-e-a-transeuntes-e-desarticulada-pela-drfv\/","title":{"rendered":"Quadrilha respons\u00e1vel por roubos de ve\u00edculos e a transeuntes \u00e9 desarticulada pela Pol\u00edcia Civil"},"content":{"rendered":"<p style=\"text-align: justify;\">Policiais civis lotados na Divis\u00e3o de Combate a Roubos e Furtos de Ve\u00edculos (DRFV) deflagraram, na manh\u00e3 desta segunda-feira, 21, uma opera\u00e7\u00e3o com o objetivo de desarticular uma quadrilha respons\u00e1vel por roubos a transeutes e de ve\u00edculos nas regi\u00f5es da Grande Aracaju e no Vale do Cotinguiba.<\/p>\n<div id=\"attachment_98115\" style=\"width: 390px\" class=\"wp-caption aligncenter\"><img loading=\"lazy\" decoding=\"async\" aria-describedby=\"caption-attachment-98115\" class=\"size-full wp-image-98115\" src=\"http:\/\/senoticias.com.br\/se\/wp-content\/uploads\/2016\/11\/Policia-prende-quadrilha-suspeita-de-roubos-SE-Noticias.jpg\" alt=\"A quadrilha \u00e9 respons\u00e1vel pela execu\u00e7\u00e3o de roubos de ve\u00edculos e arrast\u00f5es na Barra dos Coqueiros, Santo Amaro das Brotas, Maruim e Ros\u00e1rio do Catete. (Foto: SSP\/SE)\" width=\"380\" height=\"380\" srcset=\"https:\/\/senoticias.com.br\/se\/wp-content\/uploads\/2016\/11\/Policia-prende-quadrilha-suspeita-de-roubos-SE-Noticias.jpg 380w, https:\/\/senoticias.com.br\/se\/wp-content\/uploads\/2016\/11\/Policia-prende-quadrilha-suspeita-de-roubos-SE-Noticias-150x150.jpg 150w, https:\/\/senoticias.com.br\/se\/wp-content\/uploads\/2016\/11\/Policia-prende-quadrilha-suspeita-de-roubos-SE-Noticias-300x300.jpg 300w\" sizes=\"(max-width: 380px) 100vw, 380px\" \/><p id=\"caption-attachment-98115\" class=\"wp-caption-text\">A quadrilha \u00e9 respons\u00e1vel pela execu\u00e7\u00e3o de roubos de ve\u00edculos e arrast\u00f5es na Barra dos Coqueiros, Santo Amaro das Brotas, Maruim e Ros\u00e1rio do Catete. (Foto: SSP\/SE)<\/p><\/div>\n<p style=\"text-align: justify;\">Foram presos Ronnaldy Santos Marcos, conhecido por Ronny; Jos\u00e9 Alessandro da Silva de Jesus; Paulo Ricardo Alves Santos e \u00cdtalo Hon\u00f3rio dos Santos, conhecido por Gordinho. As pris\u00f5es foram efetuadas nos munic\u00edpios de Ros\u00e1rio do Catete e Maruim.<\/p>\n<p style=\"text-align: justify;\">As investiga\u00e7\u00f5es foram iniciadas a partir do roubo de uma motocicleta,\u00a0 ocorrido na \u00faltima quarta-feira, 16, nas proximidades do Porto, na Barra dos Coqueiros.<\/p>\n<p style=\"text-align: justify;\">Segundo o delegado Hildemar Rios, diretor da DRFV, os indiv\u00edduos s\u00e3o apontados como articuladores de diversos a\u00e7\u00f5es criminosas. \u201cEm poder de \u00cdtalo estava o ve\u00edculo Fiat P\u00e1lio de cor branca, que havia sido roubado. Este ve\u00edculo e outro, de marca GOL de cor verde, eram usados pelo grupo na execu\u00e7\u00e3o de roubos de motocicletas e arrast\u00f5es na Barra dos Coqueiros, Santo Amaro das Brotas, Maruim e Ros\u00e1rio do Catete\u201d, esclareceu.<\/p>\n<p style=\"text-align: justify;\">Em poder do grupo os policiais apreenderam um carro roubado, um rev\u00f3lver calibre .38, com numera\u00e7\u00e3o raspada, e v\u00e1rios\u00a0 aparelhos telef\u00f4nicos.<\/p>\n<p style=\"text-align: justify;\">Algumas v\u00edtimas j\u00e1 compareceram \u00e0 DRFV e reconheceram os investigados como autores de roubos ocorridos nos \u00faltimos dias. Ap\u00f3s a divulga\u00e7\u00e3o das imagens a pol\u00edcia espera que outras v\u00edtimas reconhe\u00e7am os autores e outros crimes sejam esclarecidos.<\/p>\n<p style=\"text-align: justify;\">Eventuais informa\u00e7\u00f5es sobre outros crimes e demais integrantes do grupo criminoso podem ser encaminhadas \u00e0 Pol\u00edcia Civil por meio do DISK-DENUNCIA (181).<\/p>\n<p><img loading=\"lazy\" decoding=\"async\" class=\"aligncenter size-full wp-image-98024\" src=\"http:\/\/senoticias.com.br\/se\/wp-content\/uploads\/2016\/11\/Logo-fone-1-2-1-1.jpg\" alt=\"logo-fone-1-2-1\" width=\"599\" height=\"78\" srcset=\"https:\/\/senoticias.com.br\/se\/wp-content\/uploads\/2016\/11\/Logo-fone-1-2-1-1.jpg 599w, https:\/\/senoticias.com.br\/se\/wp-content\/uploads\/2016\/11\/Logo-fone-1-2-1-1-300x39.jpg 300w\" sizes=\"(max-width: 599px) 100vw, 599px\" \/><\/p>\n<p><strong>Acompanhe tamb\u00e9m o SE Not\u00edcias no<\/strong><span class=\"apple-converted-space\"><b>\u00a0<\/b><\/span><strong><a href=\"https:\/\/twitter.com\/Senoticias\" target=\"_blank\">Twitter<\/a>,<\/strong><span class=\"apple-converted-space\"><b>\u00a0<\/b><\/span><strong><a href=\"https:\/\/www.facebook.com\/senoticias1\" target=\"_blank\">Facebook<span class=\"apple-converted-space\">\u00a0<\/span><\/a>e no<\/strong><span class=\"apple-converted-space\"><b>\u00a0<\/b><\/span><strong><a href=\"https:\/\/www.instagram.com\/senoticias\/\" target=\"_blank\">Instagram<\/a><\/strong><\/p>\n<p><em>Informa\u00e7\u00f5es da SSP\/SE<\/em><\/p>\n","protected":false},"excerpt":{"rendered":"<p>Policiais civis lotados na Divis\u00e3o de Combate a Roubos e Furtos de Ve\u00edculos (DRFV) deflagraram, na manh\u00e3 desta segunda-feira, 21, uma opera\u00e7\u00e3o com o objetivo de desarticular uma quadrilha respons\u00e1vel por roubos a transeutes e de ve\u00edculos nas regi\u00f5es da Grande Aracaju e no Vale do Cotinguiba. Foram presos Ronnaldy Santos Marcos, conhecido por Ronny; [&hellip;]<\/p>\n","protected":false},"author":2,"featured_media":98115,"comment_status":"closed","ping_status":"closed","sticky":false,"template":"","format":"standard","meta":{"footnotes":""},"categories":[15,7],"tags":[],"class_list":{"0":"post-98113","1":"post","2":"type-post","3":"status-publish","4":"format-standard","5":"has-post-thumbnail","7":"category-destaques","8":"category-policia"},"_links":{"self":[{"href":"https:\/\/senoticias.com.br\/se\/wp-json\/wp\/v2\/posts\/98113"}],"collection":[{"href":"https:\/\/senoticias.com.br\/se\/wp-json\/wp\/v2\/posts"}],"about":[{"href":"https:\/\/senoticias.com.br\/se\/wp-json\/wp\/v2\/types\/post"}],"author":[{"embeddable":true,"href":"https:\/\/senoticias.com.br\/se\/wp-json\/wp\/v2\/users\/2"}],"replies":[{"embeddable":true,"href":"https:\/\/senoticias.com.br\/se\/wp-json\/wp\/v2\/comments?post=98113"}],"version-history":[{"count":0,"href":"https:\/\/senoticias.com.br\/se\/wp-json\/wp\/v2\/posts\/98113\/revisions"}],"wp:featuredmedia":[{"embeddable":true,"href":"https:\/\/senoticias.com.br\/se\/wp-json\/wp\/v2\/media\/98115"}],"wp:attachment":[{"href":"https:\/\/senoticias.com.br\/se\/wp-json\/wp\/v2\/media?parent=98113"}],"wp:term":[{"taxonomy":"category","embeddable":true,"href":"https:\/\/senoticias.com.br\/se\/wp-json\/wp\/v2\/categories?post=98113"},{"taxonomy":"post_tag","embeddable":true,"href":"https:\/\/senoticias.com.br\/se\/wp-json\/wp\/v2\/tags?post=98113"}],"curies":[{"name":"wp","href":"https:\/\/api.w.org\/{rel}","templated":true}]}}