{"id":98106,"date":"2016-11-21T20:54:40","date_gmt":"2016-11-21T23:54:40","guid":{"rendered":"http:\/\/senoticias.com.br\/se\/?p=98106"},"modified":"2016-11-21T21:07:22","modified_gmt":"2016-11-22T00:07:22","slug":"extincao-de-orgaos-deve-causar-pelo-menos-11-mil-demissoes-no-rs","status":"publish","type":"post","link":"https:\/\/senoticias.com.br\/se\/extincao-de-orgaos-deve-causar-pelo-menos-11-mil-demissoes-no-rs\/","title":{"rendered":"Extin\u00e7\u00e3o de \u00f3rg\u00e3os deve causar pelo menos 1,1 mil demiss\u00f5es no Rio Grande do Sul"},"content":{"rendered":"<p style=\"text-align: justify;\">Pelo menos 1,1 mil pessoas devem ser demitidas a partir do pacote de medidas anunciado nesta segunda-feira (21) com o objetivo de conter a crise financeira no Rio Grande do Sul, que ser\u00e1 encaminhado para a Assembleia Legislativa. Os funcion\u00e1rios pertencem a 11 \u00f3rg\u00e3os ligados ao Executivo estadual \u2013 nove funda\u00e7\u00f5es, uma companhia e uma autarquia &#8211; que devem ser extintos. Al\u00e9m disso, o governo anunciou a redu\u00e7\u00e3o no n\u00famero de secretarias, que passa de 20 para 17 com tr\u00eas fus\u00f5es.<\/p>\n<div id=\"attachment_98107\" style=\"width: 609px\" class=\"wp-caption aligncenter\"><img loading=\"lazy\" decoding=\"async\" aria-describedby=\"caption-attachment-98107\" class=\"size-full wp-image-98107\" src=\"http:\/\/senoticias.com.br\/se\/wp-content\/uploads\/2016\/11\/Governo-do-Rs-anuncia-demissoes-SE-Noticias-e1479772296244.jpg\" alt=\"Ao todo ser\u00e3o extintos 11 \u00f3rg\u00e3os, e o governo permanecer\u00e1 com 16 secretarias (Foto: Reprodu\u00e7\u00e3o\/RBSTV)\" width=\"599\" height=\"449\" \/><p id=\"caption-attachment-98107\" class=\"wp-caption-text\">Ao todo ser\u00e3o extintos 11 \u00f3rg\u00e3os, e o governo permanecer\u00e1 com 16 secretarias (Foto: Reprodu\u00e7\u00e3o\/RBSTV)<\/p><\/div>\n<p style=\"text-align: justify;\">&#8220;Entre efetivos, que s\u00e3o regidos pelo regime da CLT; servidores e cargos de confian\u00e7a \u00e9 em torno de 1,1 mil a 1,2 mil servidores&#8221;, observou o secret\u00e1rio-geral de governo, Carlos B\u00fcrigo, em coletiva de imprensa. Atualmente, o estado tem 157 mil servidores ativos.<\/p>\n<p style=\"text-align: justify;\">Questionado sobre o impacto negativo das demiss\u00f5es no mercado de trabalho, B\u00fcrigo ressaltou a situa\u00e7\u00e3o financeira do estado. &#8220;N\u00e3o podemos viver mais em um estado que n\u00e3o consegue pagar sal\u00e1rio dos servidores. O governador anunciou medidas duras e dif\u00edceis&#8221;, observou o secret\u00e1rio.<\/p>\n<p style=\"text-align: justify;\">O governo diz que o estado deve fechar o ano com d\u00e9ficit de R$ 2,359 bilh\u00f5es. O d\u00e9ficit acumulado sem as medidas propostas pode chegar a R$ 5,194 bilh\u00f5es em 2017 e R$ 8,822 bilh\u00f5es em 2018, conforme n\u00fameros apresentados pelo Piratini.<\/p>\n<p style=\"text-align: justify;\">O governo espera que as medidas proporcionem aos cofres do estado uma economia de R$ 146,9 milh\u00f5es por ano. Caso o pacote seja aprovado pela Assembleia Legislativa, ser\u00e1 institu\u00eddo um grupo de trabalho para acompanhar a implementa\u00e7\u00e3o das mudan\u00e7as.<\/p>\n<p style=\"text-align: justify;\">&#8220;Trago a bem verdade medidas duras, mas que desenham um novo estado e novo futuro com mais qualidade de vida apoiado no empreendedorismo na sustentabilidade e na justi\u00e7a social. Um estado mais moderno que sirva as pessoas e promova o desenvolvimento&#8221;, disse o governador durante a apresenta\u00e7\u00e3o do tema. &#8220;Lamento que uma parte da esquerda n\u00e3o tenha entendido isso. N\u00e3o se faz justi\u00e7a social sem equil\u00edbrio das contas, e quem diz o contr\u00e1rio est\u00e1 mentindo para a popula\u00e7\u00e3o.&#8221;<\/p>\n<p style=\"text-align: justify;\">O governo estadual passa por uma grave crise financeira, com nove parcelamentos salariais consecutivos e sem confirma\u00e7\u00e3o de que poder\u00e1 pagar o 13\u00ba do funcionalismo p\u00fablico em 2016, sendo que em 2015 o saldo de final de ano j\u00e1 havia sido parcelado, ou adiantado por meio de empr\u00e9stimo banc\u00e1rio no qual o servidor arcava com os juros e taxas banc\u00e1rias.<\/p>\n<p style=\"text-align: justify;\"><strong>Funda\u00e7\u00f5es extintas:<br \/>\n<\/strong><br \/>\nFunda\u00e7\u00e3o de Ci\u00eancia e Tecnologia (Cientec).<br \/>\nFunda\u00e7\u00e3o Cultural Piratini (FPC, que mant\u00e9m a TVE).<br \/>\nFunda\u00e7\u00e3o para o Desenvolvimento de Recursos Humanos (FDRH).<br \/>\nFunda\u00e7\u00e3o de Economia e Estat\u00edstica (FEE).<br \/>\nFunda\u00e7\u00e3o Estadual de Pesquisa Agropecu\u00e1ria (Fepagro).<br \/>\nFunda\u00e7\u00e3o Estadual de Produ\u00e7\u00e3o e Pesquisa em Sa\u00fade (Fepps).<br \/>\nFunda\u00e7\u00e3o Instituto Ga\u00facho de Tradi\u00e7\u00e3o e Folclore (FIGTF).<br \/>\nFunda\u00e7\u00e3o de Zoobot\u00e2nica (FZB).<br \/>\nFunda\u00e7\u00e3o Estadual de Planejamento Metropolitano e Regional (Metroplan).<\/p>\n<p style=\"text-align: justify;\"><strong>Autarquia extinta:<br \/>\n<\/strong><br \/>\nSuperintend\u00eancia de Portos e Hidrovias (SPH).<\/p>\n<p style=\"text-align: justify;\"><strong>Companhia extinta:<br \/>\n<\/strong><br \/>\nCompanhia Rio-grandense de Artes Gr\u00e1ficas (Corag).<\/p>\n<p style=\"text-align: justify;\"><strong>Secretarias cortadas:<br \/>\n<\/strong><br \/>\nSecretaria Geral do Governo (SGG) &#8211; incorporada \u00e0 Secretaria do Planejamento, Governan\u00e7a e Gest\u00e3o;<br \/>\nSecretaria do Planejamento (Seplan) &#8211; incorporada \u00e0 Secretaria do Planejamento, Governan\u00e7a e Gest\u00e3o;<br \/>\nSecretaria da Justi\u00e7a e dos Direitos Humanos (SJDH) &#8211; incorporada \u00e0 Secretaria do Desenvolvimento Social, Trabalho e Justi\u00e7a;<br \/>\nSecretaria do Trabalho e Desenvolvimento Social (STDS) &#8211; incorporada \u00e0 Secretaria do Desenvolvimento Social, Trabalho e Justi\u00e7a;<br \/>\nSecretaria de Turismo, Esporte e Lazer (Setel) &#8211; incorporada \u00e0 Secretaria da Cultura, Turismo e Esporte;<br \/>\nSecretaria da Cultura (Sedac) &#8211; incorporada \u00e0 Secretaria da Cultura, Turismo e Esporte;<br \/>\nSecretaria de Moderniza\u00e7\u00e3o Administrativa e dos Recursos Humanos (Smarh) &#8211; incorporada \u00e0 Secretaria de Administra\u00e7\u00e3o, Recursos Humanos e Patrim\u00f4nio;<br \/>\nSecretaria de Obras, Saneamento e Habita\u00e7\u00e3o (SOP) &#8211; incorporada \u00e0 Secretaria de Administra\u00e7\u00e3o, Recursos Humanos e Patrim\u00f4nio.<\/p>\n<p style=\"text-align: justify;\">Ser\u00e3o desligados os funcion\u00e1rios da Cientec, FCP, FDRH, FZB e Metroplan. No caso da FEE, ser\u00e3o mantidos os 52 servidores que t\u00eam estabilidade. Os estatut\u00e1rios da Fepagro ser\u00e3o vinculados \u00e0 Secretaria da Agricultura. No caso da FIGTF, o governo diz que o quadro ficar\u00e1 em extin\u00e7\u00e3o, vinculado \u00e0 Secretaria da Cultura.<\/p>\n<p style=\"text-align: justify;\">Em rela\u00e7\u00e3o \u00e0 FEPPS, os trabalhadores cedidos retornar\u00e3o \u00e0s secretarias de origem e os cargos de confian\u00e7a ser\u00e3o extintos. O governo tamb\u00e9m vai extinguir 1.250 cargos abertos, e abrir 74 cargos na Sa\u00fade para manter os servi\u00e7os prestados pela funda\u00e7\u00e3o. O projeto prev\u00ea ainda que o Laborat\u00f3rio Farmac\u00eautico do RS (Lafergs) fique vinculado \u00e0 Secretaria do Desenvolvimento Econ\u00f4mico, Ci\u00eancia e Tecnologia.<\/p>\n<p style=\"text-align: justify;\">O governo ainda extinguir\u00e1 outros dois \u00f3rg\u00e3os: a Companhia Rio-grandense de Artes Gr\u00e1ficas (Corag) e a Superintend\u00eancia de Portos e Hidrovias (SPH). Respectivamente, a Companhia de Processamento de Dados do Rio Grande do Sul (Procergs) e a Superintend\u00eancia do Porto do Rio Grande absorver\u00e3o as demandas.<\/p>\n<p style=\"text-align: justify;\">Quatro companhias estatais poder\u00e3o ser privatizadas ou federalizadas: a Companhia Estadual de Energia El\u00e9trica (CEEE), a Companhia Rio-grandense de Minera\u00e7\u00e3o (CRM), a Companhia de G\u00e1s do Rio Grande do Sul (Sulg\u00e1s) e a Companhia Estadual de Silos e Armaz\u00e9ns (Cesa).<\/p>\n<p style=\"text-align: justify;\"><img loading=\"lazy\" decoding=\"async\" class=\"aligncenter size-full wp-image-98024\" src=\"http:\/\/senoticias.com.br\/se\/wp-content\/uploads\/2016\/11\/Logo-fone-1-2-1-1.jpg\" alt=\"logo-fone-1-2-1\" width=\"599\" height=\"78\" srcset=\"https:\/\/senoticias.com.br\/se\/wp-content\/uploads\/2016\/11\/Logo-fone-1-2-1-1.jpg 599w, https:\/\/senoticias.com.br\/se\/wp-content\/uploads\/2016\/11\/Logo-fone-1-2-1-1-300x39.jpg 300w\" sizes=\"(max-width: 599px) 100vw, 599px\" \/><\/p>\n<p style=\"text-align: justify;\"><em><strong>Acompanhe tamb\u00e9m o SE Not\u00edcias no<\/strong><span class=\"apple-converted-space\"><b>\u00a0<\/b><\/span><strong><a href=\"https:\/\/twitter.com\/Senoticias\" target=\"_blank\">Twitter<\/a>,<\/strong><span class=\"apple-converted-space\"><b>\u00a0<\/b><\/span><strong><a href=\"https:\/\/www.facebook.com\/senoticias1\" target=\"_blank\">Facebook<span class=\"apple-converted-space\">\u00a0<\/span><\/a>e no<\/strong><span class=\"apple-converted-space\"><b>\u00a0<\/b><\/span><strong><a href=\"https:\/\/www.instagram.com\/senoticias\/\" target=\"_blank\">Instagram<\/a><\/strong><\/em><\/p>\n<p style=\"text-align: justify;\"><em>Informa\u00e7\u00f5es do <a href=\"http:\/\/g1.globo.com\/rs\/rio-grande-do-sul\/noticia\/2016\/11\/extincao-de-orgaos-deve-causar-pelo-menos-11-mil-demissoes-no-rs.html\"><strong>G1 RS<\/strong><\/a><\/em><\/p>\n","protected":false},"excerpt":{"rendered":"<p>Pelo menos 1,1 mil pessoas devem ser demitidas a partir do pacote de medidas anunciado nesta segunda-feira (21) com o objetivo de conter a crise financeira no Rio Grande do Sul, que ser\u00e1 encaminhado para a Assembleia Legislativa. Os funcion\u00e1rios pertencem a 11 \u00f3rg\u00e3os ligados ao Executivo estadual \u2013 nove funda\u00e7\u00f5es, uma companhia e uma [&hellip;]<\/p>\n","protected":false},"author":2,"featured_media":98107,"comment_status":"closed","ping_status":"closed","sticky":false,"template":"","format":"standard","meta":{"footnotes":""},"categories":[6],"tags":[],"class_list":{"0":"post-98106","1":"post","2":"type-post","3":"status-publish","4":"format-standard","5":"has-post-thumbnail","7":"category-politica"},"_links":{"self":[{"href":"https:\/\/senoticias.com.br\/se\/wp-json\/wp\/v2\/posts\/98106"}],"collection":[{"href":"https:\/\/senoticias.com.br\/se\/wp-json\/wp\/v2\/posts"}],"about":[{"href":"https:\/\/senoticias.com.br\/se\/wp-json\/wp\/v2\/types\/post"}],"author":[{"embeddable":true,"href":"https:\/\/senoticias.com.br\/se\/wp-json\/wp\/v2\/users\/2"}],"replies":[{"embeddable":true,"href":"https:\/\/senoticias.com.br\/se\/wp-json\/wp\/v2\/comments?post=98106"}],"version-history":[{"count":0,"href":"https:\/\/senoticias.com.br\/se\/wp-json\/wp\/v2\/posts\/98106\/revisions"}],"wp:featuredmedia":[{"embeddable":true,"href":"https:\/\/senoticias.com.br\/se\/wp-json\/wp\/v2\/media\/98107"}],"wp:attachment":[{"href":"https:\/\/senoticias.com.br\/se\/wp-json\/wp\/v2\/media?parent=98106"}],"wp:term":[{"taxonomy":"category","embeddable":true,"href":"https:\/\/senoticias.com.br\/se\/wp-json\/wp\/v2\/categories?post=98106"},{"taxonomy":"post_tag","embeddable":true,"href":"https:\/\/senoticias.com.br\/se\/wp-json\/wp\/v2\/tags?post=98106"}],"curies":[{"name":"wp","href":"https:\/\/api.w.org\/{rel}","templated":true}]}}