{"id":98055,"date":"2016-11-19T22:56:56","date_gmt":"2016-11-20T01:56:56","guid":{"rendered":"http:\/\/senoticias.com.br\/se\/?p=98055"},"modified":"2016-11-20T09:42:31","modified_gmt":"2016-11-20T12:42:31","slug":"paula-fernandes-comemora-solteirice-e-exibe-otima-forma-renovar","status":"publish","type":"post","link":"https:\/\/senoticias.com.br\/se\/paula-fernandes-comemora-solteirice-e-exibe-otima-forma-renovar\/","title":{"rendered":"Paula Fernandes comemora solteirice e exibe \u00f3tima forma: &#8216;Renovar&#8217;"},"content":{"rendered":"<p style=\"text-align: justify;\">Solteira, a cantora Paula Fernandes est\u00e1 comemorando nova fase profissional pessoal. Ap\u00f3s ganhar trof\u00e9u do Grammy Latino, a beldade voltou ao Brasil e fez um post em clima de recome\u00e7o neste s\u00e1bado, 19, com foto de biqu\u00edni em cen\u00e1rio paradis\u00edaco: &#8220;Renovar: fazer ficar ou ficar outra vez como novo. Alterar(-se) para melhor. De volta ao Brasil. Bom estar de volta. Saudade dos meus amores! Pulinha feliz&#8221;, afirmou ela em rede social.<\/p>\n<div id=\"attachment_98056\" style=\"width: 608px\" class=\"wp-caption aligncenter\"><a href=\"http:\/\/senoticias.com.br\/se\/wp-content\/uploads\/2016\/11\/paula.jpg\"><img loading=\"lazy\" decoding=\"async\" aria-describedby=\"caption-attachment-98056\" class=\"wp-image-98056\" src=\"http:\/\/senoticias.com.br\/se\/wp-content\/uploads\/2016\/11\/paula.jpg\" alt=\"Paula Fernandes posa de biqu\u00edni (Foto: Reprodu\u00e7\u00e3o\/Instagram)\" width=\"598\" height=\"598\" srcset=\"https:\/\/senoticias.com.br\/se\/wp-content\/uploads\/2016\/11\/paula.jpg 620w, https:\/\/senoticias.com.br\/se\/wp-content\/uploads\/2016\/11\/paula-150x150.jpg 150w, https:\/\/senoticias.com.br\/se\/wp-content\/uploads\/2016\/11\/paula-300x300.jpg 300w\" sizes=\"(max-width: 598px) 100vw, 598px\" \/><\/a><p id=\"caption-attachment-98056\" class=\"wp-caption-text\">Paula Fernandes posa de biqu\u00edni (Foto: Reprodu\u00e7\u00e3o\/Instagram)<\/p><\/div>\n<p style=\"text-align: justify;\">Claro, f\u00e3s e seguidores elogiaram a \u00f3tima forma f\u00edsica da cantora, que est\u00e1 solteira h\u00e1 menos de 10 dias. Palavras como &#8220;maravilhosa&#8221;, &#8220;perfeita&#8221; e &#8220;lacradora&#8221; estavam entre as mais repetidas. No entanto, a quantidade de pedidos de Namoro dos rapazes impressionou. Em 60 segundos eram mais de 15 candidatos a cuidar do cora\u00e7\u00e3o da mineira de 32 anos. T\u00e1 podendo.<\/p>\n<p style=\"line-height: 14.25pt;\"><strong><span style=\"font-size: 10.0pt; font-family: 'Georgia','serif'; color: #333333;\">Acompanhe tamb\u00e9m o SE Not\u00edcias no<\/span><\/strong><span class=\"apple-converted-space\"><b><span style=\"font-size: 10.0pt; font-family: 'Georgia','serif'; color: #333333;\">\u00a0<\/span><\/b><\/span><strong><span style=\"font-size: 10.0pt; font-family: 'Georgia','serif'; color: #333333;\"><a href=\"https:\/\/twitter.com\/Senoticias\" target=\"_blank\">Twitter<\/a>,<\/span><\/strong><span class=\"apple-converted-space\"><b><span style=\"font-size: 10.0pt; font-family: 'Georgia','serif'; color: #333333;\">\u00a0<\/span><\/b><\/span><strong><span style=\"font-size: 10.0pt; font-family: 'Georgia','serif'; color: #333333;\"><a href=\"https:\/\/www.facebook.com\/senoticias1\" target=\"_blank\">Facebook<span class=\"apple-converted-space\"><span style=\"color: windowtext; text-decoration: none;\">\u00a0<\/span><\/span><\/a>e no<\/span><\/strong><span class=\"apple-converted-space\"><b><span style=\"font-size: 10.0pt; font-family: 'Georgia','serif'; color: #333333;\">\u00a0<\/span><\/b><\/span><strong><span style=\"font-size: 10.0pt; font-family: 'Georgia','serif'; color: #333333;\"><a href=\"https:\/\/www.instagram.com\/senoticias\/\" target=\"_blank\">Instagram<\/a>.<\/span><\/strong><\/p>\n<p style=\"text-align: justify;\"><a href=\"http:\/\/senoticias.com.br\/se\/wp-content\/uploads\/2016\/11\/Logo-fone-1-2-1-1.jpg\"><img loading=\"lazy\" decoding=\"async\" class=\"aligncenter size-full wp-image-98024\" src=\"http:\/\/senoticias.com.br\/se\/wp-content\/uploads\/2016\/11\/Logo-fone-1-2-1-1.jpg\" alt=\"logo-fone-1-2-1\" width=\"599\" height=\"78\" srcset=\"https:\/\/senoticias.com.br\/se\/wp-content\/uploads\/2016\/11\/Logo-fone-1-2-1-1.jpg 599w, https:\/\/senoticias.com.br\/se\/wp-content\/uploads\/2016\/11\/Logo-fone-1-2-1-1-300x39.jpg 300w\" sizes=\"(max-width: 599px) 100vw, 599px\" \/><\/a><\/p>\n<p style=\"text-align: justify;\"><em>Por Revista Ego .com<\/em><\/p>\n","protected":false},"excerpt":{"rendered":"<p>Solteira, a cantora Paula Fernandes est\u00e1 comemorando nova fase profissional pessoal. Ap\u00f3s ganhar trof\u00e9u do Grammy Latino, a beldade voltou ao Brasil e fez um post em clima de recome\u00e7o neste s\u00e1bado, 19, com foto de biqu\u00edni em cen\u00e1rio paradis\u00edaco: &#8220;Renovar: fazer ficar ou ficar outra vez como novo. Alterar(-se) para melhor. De volta ao [&hellip;]<\/p>\n","protected":false},"author":5618,"featured_media":98056,"comment_status":"closed","ping_status":"closed","sticky":false,"template":"","format":"standard","meta":{"footnotes":""},"categories":[22,8],"tags":[1600],"class_list":{"0":"post-98055","1":"post","2":"type-post","3":"status-publish","4":"format-standard","5":"has-post-thumbnail","7":"category-famosos","8":"category-esporte-e-cultura","9":"tag-paula-fernandes-comemora-solteirice-e-exibe-otima-forma-renovar"},"_links":{"self":[{"href":"https:\/\/senoticias.com.br\/se\/wp-json\/wp\/v2\/posts\/98055"}],"collection":[{"href":"https:\/\/senoticias.com.br\/se\/wp-json\/wp\/v2\/posts"}],"about":[{"href":"https:\/\/senoticias.com.br\/se\/wp-json\/wp\/v2\/types\/post"}],"author":[{"embeddable":true,"href":"https:\/\/senoticias.com.br\/se\/wp-json\/wp\/v2\/users\/5618"}],"replies":[{"embeddable":true,"href":"https:\/\/senoticias.com.br\/se\/wp-json\/wp\/v2\/comments?post=98055"}],"version-history":[{"count":0,"href":"https:\/\/senoticias.com.br\/se\/wp-json\/wp\/v2\/posts\/98055\/revisions"}],"wp:featuredmedia":[{"embeddable":true,"href":"https:\/\/senoticias.com.br\/se\/wp-json\/wp\/v2\/media\/98056"}],"wp:attachment":[{"href":"https:\/\/senoticias.com.br\/se\/wp-json\/wp\/v2\/media?parent=98055"}],"wp:term":[{"taxonomy":"category","embeddable":true,"href":"https:\/\/senoticias.com.br\/se\/wp-json\/wp\/v2\/categories?post=98055"},{"taxonomy":"post_tag","embeddable":true,"href":"https:\/\/senoticias.com.br\/se\/wp-json\/wp\/v2\/tags?post=98055"}],"curies":[{"name":"wp","href":"https:\/\/api.w.org\/{rel}","templated":true}]}}