{"id":98053,"date":"2016-11-19T22:32:44","date_gmt":"2016-11-20T01:32:44","guid":{"rendered":"http:\/\/senoticias.com.br\/se\/?p=98053"},"modified":"2016-11-19T22:32:44","modified_gmt":"2016-11-20T01:32:44","slug":"drama-vasco-perde-para-o-criciuma-e-depende-da-ultima-rodada-para-subir","status":"publish","type":"post","link":"https:\/\/senoticias.com.br\/se\/drama-vasco-perde-para-o-criciuma-e-depende-da-ultima-rodada-para-subir\/","title":{"rendered":"Drama! Vasco perde para o Crici\u00fama e depende da \u00faltima rodada para subir"},"content":{"rendered":"<p style=\"text-align: justify\">Era o dia do acesso \u00e0 Primeira Divis\u00e3o. Toda a delega\u00e7\u00e3o cruz-maltina, contando com dirigentes do alto escal\u00e3o, viajou a Santa Catarina para presenciar o momento esperado em toda a temporada. Se o Vasco vencesse o Crici\u00fama, j\u00e1 estaria garantido na S\u00e9rie A de 2017. N\u00e3o foi o que aconteceu. Fazendo jus ao segundo semestre modorrento, a equipe de Jorginho n\u00e3o teve boa atua\u00e7\u00e3o no Heriberto H\u00fclse e foi derrotada pelo advers\u00e1rio, que j\u00e1 n\u00e3o tem nenhuma pretens\u00e3o na tabela, por 1 a 0.<\/p>\n<div id=\"attachment_98054\" style=\"width: 608px\" class=\"wp-caption aligncenter\"><a href=\"http:\/\/senoticias.com.br\/se\/wp-content\/uploads\/2016\/11\/31080458236_f57c03490f_o.jpg\"><img loading=\"lazy\" decoding=\"async\" aria-describedby=\"caption-attachment-98054\" class=\"wp-image-98054\" src=\"http:\/\/senoticias.com.br\/se\/wp-content\/uploads\/2016\/11\/31080458236_f57c03490f_o.jpg\" alt=\"Foto: Carlos Greg\u00f3rio Jr.\" width=\"598\" height=\"337\" srcset=\"https:\/\/senoticias.com.br\/se\/wp-content\/uploads\/2016\/11\/31080458236_f57c03490f_o.jpg 625w, https:\/\/senoticias.com.br\/se\/wp-content\/uploads\/2016\/11\/31080458236_f57c03490f_o-300x169.jpg 300w\" sizes=\"(max-width: 598px) 100vw, 598px\" \/><\/a><p id=\"caption-attachment-98054\" class=\"wp-caption-text\">Foto: Carlos Greg\u00f3rio Jr.<\/p><\/div>\n<p style=\"text-align: justify\">Agora, o Vasco est\u00e1 na quarta coloca\u00e7\u00e3o da tabela e precisa vencer o Cear\u00e1 na 38\u00aa e \u00faltima rodada para n\u00e3o depender de outros resultados e subir \u00e0 S\u00e9rie A. Para o Crici\u00fama, nada muda: ocupa o nono lugar e n\u00e3o tem chances de classifica\u00e7\u00e3o ou rebaixamento. A equipe catarinense enfrenta o Paysandu, no Curuzu, em Bel\u00e9m, sexta-feira (25), \u00e0s 20h30 (de Bras\u00edlia). O jogo do Cruz-Maltino acontecer\u00e1 em S\u00e3o Janu\u00e1rio, no Rio de Janeiro, s\u00e1bado (26), \u00e0s 17h30 (de Bras\u00edlia).<\/p>\n<p style=\"text-align: justify\"><strong>PRIMEIRO TEMPO<\/strong><\/p>\n<p style=\"text-align: justify\">No in\u00edcio do primeiro tempo, o Vasco parecia disposto a assustar o Crici\u00fama. Nen\u00ea sofreu falta na entrada da \u00e1rea, e Andrezinho fez cobran\u00e7a com efeito na trave. Logo depois, o meia novamente arriscou, para defesa de Luiz. Thalles teve as duas principais chances, mas perdeu ambas, com finaliza\u00e7\u00f5es sem for\u00e7a.<\/p>\n<p style=\"text-align: justify\">No lado da equipe catarinense, Roberto fez boa jogada ap\u00f3s sa\u00edda errada do Cruz-Maltino, invadiu a \u00e1rea e chutou para fora, quase marcando o primeiro gol do jogo. Ianson tamb\u00e9m teve sua oportunidade, ao receber cruzamento e cabecear, obrigando Mart\u00edn Silva a se esticar e defender no alto. Apesar desses lances de perigo, faltou emo\u00e7\u00e3o \u00e0 primeira etapa e organiza\u00e7\u00e3o na parte criativa, principalmente na do Vasco.<\/p>\n<p style=\"text-align: justify\"><strong>SEGUNDO TEMPO<\/strong><\/p>\n<p style=\"text-align: justify\">Se faltava emo\u00e7\u00e3o, o come\u00e7o do segundo tempo tratou de resolver isso. Aos sete minutos, Roberto tentou invadir a \u00e1rea pela esquerda, e Diguinho esticou a perna direto no corpo do advers\u00e1rio, provocando a queda. P\u00eanalti bem marcado pelo \u00e1rbitro e convertido com tranquilidade pelo pr\u00f3prio Roberto. Jorginho, que j\u00e1 havia substitu\u00eddo Bruno Gallo por Yago Pikachu, fez outra mudan\u00e7a: \u00c9derson no lugar de Julio Cesar; Pikachu, que antes era para compor o meio, assumiu a lateral esquerda.<\/p>\n<p style=\"text-align: justify\">Nen\u00ea cobrou falta da entrada da \u00e1rea com chute venenoso, e Luiz fez grande defesa. Thalles tamb\u00e9m arriscou, forte, mas para fora. A tens\u00e3o dos vasca\u00ednos era vis\u00edvel. Em cobran\u00e7a de escanteio, Madson desviou, e Rodrigo mandou de cabe\u00e7a no travess\u00e3o, para desespero da equipe carioca. No fim, Roberto saiu em contra-ataque, e Luan deu um carrinho por tr\u00e1s, dentro da \u00e1rea. P\u00eanalti de novo. Novamente, o jogador do Crici\u00fama cobrou, mas desta vez foi fraco, e Mart\u00edn Silva defendeu.<\/p>\n<p style=\"text-align: justify\"><strong>TR\u00caS MINUTOS<\/strong><\/p>\n<p style=\"text-align: justify\">Esse foi o tempo que \u00c9derson ficou em campo no Heriberto H\u00fclse. O atacante, que entrou no lugar de Julio Cesar, sentiu dores ap\u00f3s sua primeira participa\u00e7\u00e3o no jogo. Depois, ficou ca\u00eddo no gramado, sem condi\u00e7\u00f5es de correr. N\u00e3o teve jeito. Jorginho teve que colocar Junior Dutra e perdeu sua \u00faltima substitui\u00e7\u00e3o em momento dram\u00e1tico do Vasco na partida.<\/p>\n<p style=\"text-align: justify\"><strong>VIL\u00c3O CRUZ-MALTINO<\/strong><\/p>\n<p style=\"text-align: justify\">Diguinho terminou o jogo como o vil\u00e3o do Vasco. Isso porque cometeu, em cima de Roberto, o p\u00eanalti que deu a vit\u00f3ria ao Crici\u00fama. Levantou a perna direto no corpo do advers\u00e1rio. Sem sombra de d\u00favidas para o \u00e1rbitro.<\/p>\n<p style=\"text-align: justify\"><strong>ANIMADO<\/strong><\/p>\n<p style=\"text-align: justify\">Roberto foi o nome do Crici\u00fama na partida. Al\u00e9m de perturbar a defesa vasca\u00edna, sofreu os dois p\u00eanaltis a favor de sua equipe. Converteu o primeiro, sem chances para Mart\u00edn Silva. No segundo, por\u00e9m, j\u00e1 no fim do jogo, bateu fraco e deu ao goleiro uruguaio a chance da defesa. Mesmo assim, o saldo foi bom para ele e p\u00e9ssimo para o Vasco.<\/p>\n<p style=\"line-height: 14.25pt\"><strong><span style=\"font-size: 10.0pt;font-family: 'Georgia','serif';color: #333333\">Acompanhe tamb\u00e9m o SE Not\u00edcias no<\/span><\/strong><span class=\"apple-converted-space\"><b><span style=\"font-size: 10.0pt;font-family: 'Georgia','serif';color: #333333\">\u00a0<\/span><\/b><\/span><strong><span style=\"font-size: 10.0pt;font-family: 'Georgia','serif';color: #333333\"><a href=\"https:\/\/twitter.com\/Senoticias\" target=\"_blank\">Twitter<\/a>,<\/span><\/strong><span class=\"apple-converted-space\"><b><span style=\"font-size: 10.0pt;font-family: 'Georgia','serif';color: #333333\">\u00a0<\/span><\/b><\/span><strong><span style=\"font-size: 10.0pt;font-family: 'Georgia','serif';color: #333333\"><a href=\"https:\/\/www.facebook.com\/senoticias1\" target=\"_blank\">Facebook<span class=\"apple-converted-space\"><span style=\"color: windowtext;text-decoration: none\">\u00a0<\/span><\/span><\/a>e no<\/span><\/strong><span class=\"apple-converted-space\"><b><span style=\"font-size: 10.0pt;font-family: 'Georgia','serif';color: #333333\">\u00a0<\/span><\/b><\/span><strong><span style=\"font-size: 10.0pt;font-family: 'Georgia','serif';color: #333333\"><a href=\"https:\/\/www.instagram.com\/senoticias\/\" target=\"_blank\">Instagram<\/a>.<\/span><\/strong><\/p>\n<p style=\"line-height: 14.25pt\"><a href=\"http:\/\/senoticias.com.br\/se\/wp-content\/uploads\/2016\/11\/Logo-fone-1-2-1-1.jpg\"><img loading=\"lazy\" decoding=\"async\" class=\"aligncenter size-full wp-image-98024\" src=\"http:\/\/senoticias.com.br\/se\/wp-content\/uploads\/2016\/11\/Logo-fone-1-2-1-1.jpg\" alt=\"logo-fone-1-2-1\" width=\"599\" height=\"78\" srcset=\"https:\/\/senoticias.com.br\/se\/wp-content\/uploads\/2016\/11\/Logo-fone-1-2-1-1.jpg 599w, https:\/\/senoticias.com.br\/se\/wp-content\/uploads\/2016\/11\/Logo-fone-1-2-1-1-300x39.jpg 300w\" sizes=\"(max-width: 599px) 100vw, 599px\" \/><\/a><\/p>\n<p style=\"text-align: justify\">Por Globo Esporte .com<\/p>\n","protected":false},"excerpt":{"rendered":"<p>Era o dia do acesso \u00e0 Primeira Divis\u00e3o. Toda a delega\u00e7\u00e3o cruz-maltina, contando com dirigentes do alto escal\u00e3o, viajou a Santa Catarina para presenciar o momento esperado em toda a temporada. Se o Vasco vencesse o Crici\u00fama, j\u00e1 estaria garantido na S\u00e9rie A de 2017. N\u00e3o foi o que aconteceu. Fazendo jus ao segundo semestre [&hellip;]<\/p>\n","protected":false},"author":5618,"featured_media":98054,"comment_status":"closed","ping_status":"closed","sticky":false,"template":"","format":"standard","meta":{"footnotes":""},"categories":[26],"tags":[1599],"class_list":{"0":"post-98053","1":"post","2":"type-post","3":"status-publish","4":"format-standard","5":"has-post-thumbnail","7":"category-esportes","8":"tag-drama-vasco-perde-para-o-criciuma-e-depende-da-ultima-rodada-para-subir"},"_links":{"self":[{"href":"https:\/\/senoticias.com.br\/se\/wp-json\/wp\/v2\/posts\/98053"}],"collection":[{"href":"https:\/\/senoticias.com.br\/se\/wp-json\/wp\/v2\/posts"}],"about":[{"href":"https:\/\/senoticias.com.br\/se\/wp-json\/wp\/v2\/types\/post"}],"author":[{"embeddable":true,"href":"https:\/\/senoticias.com.br\/se\/wp-json\/wp\/v2\/users\/5618"}],"replies":[{"embeddable":true,"href":"https:\/\/senoticias.com.br\/se\/wp-json\/wp\/v2\/comments?post=98053"}],"version-history":[{"count":0,"href":"https:\/\/senoticias.com.br\/se\/wp-json\/wp\/v2\/posts\/98053\/revisions"}],"wp:featuredmedia":[{"embeddable":true,"href":"https:\/\/senoticias.com.br\/se\/wp-json\/wp\/v2\/media\/98054"}],"wp:attachment":[{"href":"https:\/\/senoticias.com.br\/se\/wp-json\/wp\/v2\/media?parent=98053"}],"wp:term":[{"taxonomy":"category","embeddable":true,"href":"https:\/\/senoticias.com.br\/se\/wp-json\/wp\/v2\/categories?post=98053"},{"taxonomy":"post_tag","embeddable":true,"href":"https:\/\/senoticias.com.br\/se\/wp-json\/wp\/v2\/tags?post=98053"}],"curies":[{"name":"wp","href":"https:\/\/api.w.org\/{rel}","templated":true}]}}