{"id":98051,"date":"2016-11-19T21:40:46","date_gmt":"2016-11-20T00:40:46","guid":{"rendered":"http:\/\/senoticias.com.br\/se\/?p=98051"},"modified":"2016-11-21T07:14:21","modified_gmt":"2016-11-21T10:14:21","slug":"98051-2","status":"publish","type":"post","link":"https:\/\/senoticias.com.br\/se\/98051-2\/","title":{"rendered":"Quatro PMs morrem em queda de helic\u00f3ptero no Rio de Janeiro"},"content":{"rendered":"<p><em><strong>Do <a href=\"http:\/\/g1.globo.com\/rio-de-janeiro\/noticia\/2016\/11\/video-mostra-helicoptero-da-pm-caindo-na-zona-oeste-do-rio.html\">G1<\/a> Rio<\/strong><\/em><\/p>\n<p>&nbsp;<\/p>\n<p style=\"text-align: justify;\">Imagens divulgadas pelo Jornal Nacional mostram a queda do helic\u00f3ptero do do Grupamento Aerom\u00f3vel da Pol\u00edcia Militar \u00e0s 19h deste s\u00e1bado (19), na Zona Oeste do Rio. As imagens foram flagradas por uma pessoa que passava pela regi\u00e3o. Os quatro ocupantes da aeronave, todos policiais militares, morreram. A informa\u00e7\u00e3o foi confirmada pelo coordenador de comunica\u00e7\u00e3o social da Pol\u00edcia Militar, Major Ivan Blaz. A \u00e1rea foi palco de intensos tiroteios. Policiais da UPP da Cidade de Deus, trocaram tiros com criminosos.<\/p>\n<div id=\"attachment_98052\" style=\"width: 609px\" class=\"wp-caption aligncenter\"><img loading=\"lazy\" decoding=\"async\" aria-describedby=\"caption-attachment-98052\" class=\"size-full wp-image-98052\" src=\"http:\/\/senoticias.com.br\/se\/wp-content\/uploads\/2016\/11\/Helicoptero-da-PM-cai-e-mata-4-pessoas-SE-Noticias-e1479602347670.jpg\" alt=\"Per\u00edcia trabalha em helic\u00f3ptero que caiu na Zona Oeste do Rio (Foto: Reprodu\u00e7\u00e3o\/ TV Globo)\" width=\"599\" height=\"449\" \/><p id=\"caption-attachment-98052\" class=\"wp-caption-text\">Per\u00edcia trabalha em helic\u00f3ptero que caiu na Zona Oeste do Rio (Foto: Reprodu\u00e7\u00e3o\/ TV Globo)<\/p><\/div>\n<p style=\"text-align: justify;\">De acordo com o oficial, tudo indica que o helic\u00f3ptero fez um pouso for\u00e7ado. Desde cedo, o Comando de Opera\u00e7\u00f5es Especiais da PM estava no local dando apoio \u00e0 Unidade de Pol\u00edcia Pacificadora (UPP) da regi\u00e3o.<\/p>\n<p style=\"text-align: justify;\">A queda aconteceu no come\u00e7o da Avenida Ayrton Senna, perto do acesso \u00e0 Linha Amarela.<\/p>\n<p style=\"text-align: justify;\">A Lamsa, concession\u00e1ria que administra a Linha Amarela, pede que os motoristas evitem a regi\u00e3o. Os dois sentidos da Linha Amarela, na altura da Cidade de Deus, e trechos da Av. Ayrton Senna, da altura do Via Parque ao acesso \u00e0 Cidade de Deus, ficaram fechados das 19h, quando o helic\u00f3ptero caiu, \u00e0s 21h40.<\/p>\n<p style=\"text-align: justify;\"><strong>Tiroteio mais cedo<br \/>\n<\/strong><br \/>\nMotoristas que passavam pela Linha Amarela, na manh\u00e3 deste s\u00e1bado (19) ficaram no meio de um intenso tiroteio. A via expressa chegou a ficar fechada por quase meia hora, perto das 10h, no sentido Barra.<\/p>\n<p style=\"text-align: justify;\">A concession\u00e1ria Lamsa disse que o tiroteio foi perto do viaduto da Estrada do Gabinal, na Zona Oeste, que d\u00e1 acesso a via expressa. A Pol\u00edcia Militar informou que policiais da Unidade de Pol\u00edcia Pacificadora (UPP) da Cidade de Deus foram atacados quando passavam pelo viaduto. Outros PMs foram chamados e houve o tiroteio. At\u00e9 as 11h30 n\u00e3o havia informa\u00e7\u00f5es sobre feridos.<\/p>\n<p style=\"text-align: justify;\">Por causa dessa troca de tiros, muitos motoristas tentaram voltar na contram\u00e3o. O tr\u00e1fego ficou complicado na regi\u00e3o, inclusive com reflexos na Avenida Gerem\u00e1rio Dantas, em Jacarepagu\u00e1, na Zona Oeste, que d\u00e1 acesso \u00e0 Linha Amarela.<\/p>\n<p style=\"text-align: justify;\"><img loading=\"lazy\" decoding=\"async\" class=\"aligncenter size-full wp-image-98024\" src=\"http:\/\/senoticias.com.br\/se\/wp-content\/uploads\/2016\/11\/Logo-fone-1-2-1-1.jpg\" alt=\"logo-fone-1-2-1\" width=\"599\" height=\"78\" srcset=\"https:\/\/senoticias.com.br\/se\/wp-content\/uploads\/2016\/11\/Logo-fone-1-2-1-1.jpg 599w, https:\/\/senoticias.com.br\/se\/wp-content\/uploads\/2016\/11\/Logo-fone-1-2-1-1-300x39.jpg 300w\" sizes=\"(max-width: 599px) 100vw, 599px\" \/><\/p>\n<p style=\"text-align: justify;\"><em><strong>Acompanhe tamb\u00e9m o SE Not\u00edcias no<\/strong><strong>\u00a0<\/strong><strong><a href=\"https:\/\/twitter.com\/Senoticias\">Twitter<\/a>,<\/strong><strong>\u00a0<\/strong><strong><a href=\"https:\/\/www.facebook.com\/senoticias1\">Facebook<\/a><\/strong><strong>\u00a0<\/strong><strong>e no<\/strong><a href=\"https:\/\/www.instagram.com\/senoticias\/\"><strong>\u00a0<\/strong><strong>Instagram<\/strong><\/a><\/em><\/p>\n","protected":false},"excerpt":{"rendered":"<p>Do G1 Rio &nbsp; Imagens divulgadas pelo Jornal Nacional mostram a queda do helic\u00f3ptero do do Grupamento Aerom\u00f3vel da Pol\u00edcia Militar \u00e0s 19h deste s\u00e1bado (19), na Zona Oeste do Rio. As imagens foram flagradas por uma pessoa que passava pela regi\u00e3o. Os quatro ocupantes da aeronave, todos policiais militares, morreram. A informa\u00e7\u00e3o foi confirmada [&hellip;]<\/p>\n","protected":false},"author":2,"featured_media":98052,"comment_status":"closed","ping_status":"closed","sticky":false,"template":"","format":"standard","meta":{"footnotes":""},"categories":[15,7],"tags":[],"class_list":{"0":"post-98051","1":"post","2":"type-post","3":"status-publish","4":"format-standard","5":"has-post-thumbnail","7":"category-destaques","8":"category-policia"},"_links":{"self":[{"href":"https:\/\/senoticias.com.br\/se\/wp-json\/wp\/v2\/posts\/98051"}],"collection":[{"href":"https:\/\/senoticias.com.br\/se\/wp-json\/wp\/v2\/posts"}],"about":[{"href":"https:\/\/senoticias.com.br\/se\/wp-json\/wp\/v2\/types\/post"}],"author":[{"embeddable":true,"href":"https:\/\/senoticias.com.br\/se\/wp-json\/wp\/v2\/users\/2"}],"replies":[{"embeddable":true,"href":"https:\/\/senoticias.com.br\/se\/wp-json\/wp\/v2\/comments?post=98051"}],"version-history":[{"count":0,"href":"https:\/\/senoticias.com.br\/se\/wp-json\/wp\/v2\/posts\/98051\/revisions"}],"wp:featuredmedia":[{"embeddable":true,"href":"https:\/\/senoticias.com.br\/se\/wp-json\/wp\/v2\/media\/98052"}],"wp:attachment":[{"href":"https:\/\/senoticias.com.br\/se\/wp-json\/wp\/v2\/media?parent=98051"}],"wp:term":[{"taxonomy":"category","embeddable":true,"href":"https:\/\/senoticias.com.br\/se\/wp-json\/wp\/v2\/categories?post=98051"},{"taxonomy":"post_tag","embeddable":true,"href":"https:\/\/senoticias.com.br\/se\/wp-json\/wp\/v2\/tags?post=98051"}],"curies":[{"name":"wp","href":"https:\/\/api.w.org\/{rel}","templated":true}]}}