{"id":97913,"date":"2016-11-13T09:15:36","date_gmt":"2016-11-13T12:15:36","guid":{"rendered":"http:\/\/senoticias.com.br\/se\/?p=97913"},"modified":"2016-11-13T09:19:32","modified_gmt":"2016-11-13T12:19:32","slug":"concursos-9-orgaos-abrem-inscricoes-para-621-vagas-na-segunda","status":"publish","type":"post","link":"https:\/\/senoticias.com.br\/se\/concursos-9-orgaos-abrem-inscricoes-para-621-vagas-na-segunda\/","title":{"rendered":"Concursos: 9 \u00f3rg\u00e3os abrem inscri\u00e7\u00f5es para 621 vagas na segunda"},"content":{"rendered":"<p style=\"text-align: justify;\">Pelo menos 9 \u00f3rg\u00e3os abrem, na segunda-feira (10), as inscri\u00e7\u00f5es de concursos p\u00fablicos para 621 vagas e forma\u00e7\u00e3o de cadastro de reserva em cargos de n\u00edveis fundamental, m\u00e9dio\/ t\u00e9cnico e superior.<\/p>\n<div id=\"attachment_92119\" style=\"width: 609px\" class=\"wp-caption aligncenter\"><img loading=\"lazy\" decoding=\"async\" aria-describedby=\"caption-attachment-92119\" class=\"size-full wp-image-92119\" src=\"http:\/\/senoticias.com.br\/se\/wp-content\/uploads\/2016\/05\/Concursos-p\u00fablicos-SENot\u00edcias1-e1475772112966.jpeg\" alt=\"9 \u00f3rg\u00e3os abrem inscri\u00e7\u00f5es para 621 vagas na segunda \" width=\"599\" height=\"399\" \/><p id=\"caption-attachment-92119\" class=\"wp-caption-text\">9 \u00f3rg\u00e3os abrem inscri\u00e7\u00f5es para 621 vagas na segunda.<\/p><\/div>\n<p style=\"text-align: justify;\">Nos concursos para forma\u00e7\u00e3o de cadastro de reserva, os candidatos aprovados s\u00e3o chamados conforme a abertura de vagas durante a validade do concurso.<\/p>\n<p style=\"text-align: justify;\">Os sal\u00e1rios chegam a R$ 10 mil na Prefeitura de Divino (MG). Somente na Prefeitura de Arax\u00e1(MG) s\u00e3o 301 vagas.<\/p>\n<p style=\"text-align: justify;\"><strong>C\u00e2mara Municipal de Aracruz (ES)<\/strong><br \/>\nA C\u00e2mara Municipal de Aracruz (ES) divulgou edital de concurso p\u00fablico para um total de 17 vagas em cargos de n\u00edveis m\u00e9dio e superior. Os sal\u00e1rios v\u00e3o de R$ 1.468,80 a R$ 5.997,60. As inscri\u00e7\u00f5es podem ser feitas de 10 a 24 de outubro pelo site www.idecan.org.br. A sele\u00e7\u00e3o ser\u00e1 feita por meio de provas objetiva e discursiva. A validade do concurso ser\u00e1 de 2 anos, podendo ser prorrogado pelo mesmo per\u00edodo.<\/p>\n<p style=\"text-align: justify;\"><strong>C\u00e2mara Municipal de Miguel Pereira (RJ)<\/strong><br \/>\nA C\u00e2mara Municipal de Miguel Pereira (RJ) far\u00e1 concurso para 10 vagas em cargos de todos os n\u00edveis de escolaridade. As remunera\u00e7\u00f5es v\u00e3o de R$ 880 a R$ 2.090. As inscri\u00e7\u00f5es estar\u00e3o abertas de 10 a 27 de outubro pelo site www.ian.org.br. A prova objetiva ser\u00e1 aplicada na data prov\u00e1vel de 20 de novembro.<\/p>\n<p style=\"text-align: justify;\"><strong>Instituto Federal de Bras\u00edlia (IFB)<\/strong><br \/>\nO Instituto Federal de Bras\u00edlia (IFB) vai abrir as inscri\u00e7\u00f5es do concurso para 39 vagas em cargos de n\u00edvel superior. O sal\u00e1rio \u00e9 de R$ 4.879,90. Os candidatos podem se inscrever de 10 a 30 de outubro pelo site http:\/\/concurso.ifb.edu.br. A prova ser\u00e1 aplicada em 22 de janeiro de 2017. O concurso ter\u00e1 validade de 2 anos e poder\u00e1 ser prorrogado uma vez, pelo mesmo per\u00edodo.<\/p>\n<p style=\"text-align: justify;\"><strong>Prefeitura de Arax\u00e1 (MG)<\/strong><br \/>\nA Prefeitura de Arax\u00e1 (MG) far\u00e1 concurso para 301 vagas em cargos de n\u00edveis fundamental, m\u00e9dio e superior. As remunera\u00e7\u00f5es variam de R$ 938,62 a R$ 2.376,49. As inscri\u00e7\u00f5es podem ser feitas pelo site www.imam.org.br de 10 de outubro a 10 de novembro. Todos os candidatos ser\u00e3o avaliados por meio de prova objetiva. A validade doo concurso ser\u00e1 de dois anos, podendo ser prorrogado, uma vez, por igual per\u00edodo.<\/p>\n<p style=\"text-align: justify;\"><strong>Prefeitura de Carmo do Rio Verde (GO)<\/strong><br \/>\nA Prefeitura de Carmo do Rio Verde (GO) vai abrir concurso para 29 vagas em cargos de n\u00edveis fundamental, m\u00e9dio e superior. As remunera\u00e7\u00f5es v\u00e3o de R$ 880 a R$ 9.500. Os candidatos podem se inscrever de 10 de outubro a 9 de novembro pelo site www.ethosconcursos.com.br. Os candidatos ser\u00e3o avaliados por meio de prova objetiva, que ser\u00e1 aplicada em 18 de dezembro.<\/p>\n<p style=\"text-align: justify;\"><strong>Prefeitura de Divino (MG)<\/strong><br \/>\nA Prefeitura de Divino (MG) far\u00e1 processo seletivo para 26 vagas em cargos de n\u00edveis fundamental, m\u00e9dio e superior. Os sal\u00e1rios variam de R$ 880 a R$ 10 mil. As inscri\u00e7\u00f5es podem ser feitas pelo site www.exameconsultores.com.br no per\u00edodo de 10 a 25 de outubro. A prova est\u00e1 prevista para o dia 13 de novembro.<\/p>\n<p><strong>Prefeitura de Pen\u00e1polis (SP)<\/strong><br \/>\nA Prefeitura de Pen\u00e1polis (SP) divulgou edital de concurso para 19 vagas em cargos de todos os n\u00edveis de escolaridade. Os sal\u00e1rios v\u00e3o de R$ 957,87 a R$ 1.757,67. As inscri\u00e7\u00f5es estar\u00e3o abertas de 10 de outubro a 6 de novembro pelo site www.consesp.com.br. A prova objetiva ser\u00e1 aplicada em 27 de novembro\u00a0.<\/p>\n<p style=\"text-align: justify;\"><strong>Prefeitura de Sobral (CE)<\/strong><br \/>\nA Prefeitura de Sobral (CE) vai abrir as inscri\u00e7\u00f5es do concurso p\u00fablico para 100 vagas de agente administrativo (n\u00edvel fundamental). O sal\u00e1rio \u00e9 de R$ 880. Os candidatos podem se inscrever de 12 a 28 de outubro pelo site http:\/\/concursos.uvanet.br. A prova objetiva est\u00e1 prevista para o dia 27 de novembro.<\/p>\n<p style=\"text-align: justify;\"><strong>Secretaria de Desenvolvimento Econ\u00f4mico, Cient\u00edfico e Tecnol\u00f3gico e de Agricultura, Pecu\u00e1ria e Irriga\u00e7\u00e3o de Goi\u00e1s<\/strong><br \/>\nA Secretaria de Desenvolvimento Econ\u00f4mico, Cient\u00edfico e Tecnol\u00f3gico e de Agricultura, Pecu\u00e1ria e Irriga\u00e7\u00e3o de Goi\u00e1s divulgou edital de processo seletivo para 80 vagas em cargos de n\u00edveis m\u00e9dio e superior. As remunera\u00e7\u00f5es variam de R$ 2.184 a R$ 6.698. As inscri\u00e7\u00f5es devem ser feitas de 10 a 31 de outubro pelo site www.portaldoservidor.go.gov.br. A prova ser\u00e1 aplicada em 27 de novembro.<\/p>\n<p style=\"text-align: justify;\"><em><strong>Acompanhe tamb\u00e9m o SE Not\u00edcias no<\/strong><strong>\u00a0<\/strong><strong><a href=\"https:\/\/twitter.com\/Senoticias\">Twitter<\/a>,<\/strong><strong>\u00a0<\/strong><strong><a href=\"https:\/\/www.facebook.com\/senoticias1\">Facebook<\/a><\/strong><strong>\u00a0<\/strong><strong>e no<\/strong><a href=\"https:\/\/www.instagram.com\/senoticias\/\"><strong>\u00a0<\/strong><strong>Instagram<\/strong><\/a><\/em><\/p>\n<p style=\"text-align: justify;\"><img loading=\"lazy\" decoding=\"async\" class=\"aligncenter size-full wp-image-97770\" src=\"http:\/\/senoticias.com.br\/se\/wp-content\/uploads\/2016\/11\/Logo-fone-1-2-1.jpg\" alt=\"logo-fone-1-2-1\" width=\"599\" height=\"78\" srcset=\"https:\/\/senoticias.com.br\/se\/wp-content\/uploads\/2016\/11\/Logo-fone-1-2-1.jpg 599w, https:\/\/senoticias.com.br\/se\/wp-content\/uploads\/2016\/11\/Logo-fone-1-2-1-300x39.jpg 300w\" sizes=\"(max-width: 599px) 100vw, 599px\" \/><\/p>\n<p style=\"text-align: justify;\"><strong><em>por\u00a0P\u00e2mela Kometani, d<span class=\"adr\"><span class=\"locality\">o <a href=\"http:\/\/g1.globo.com\/economia\/concursos-e-emprego\/noticia\/2016\/10\/concursos-9-orgaos-abrem-inscricoes-para-621-vagas-na-segunda.html\">G1<\/a>, em S\u00e3o Paulo<\/span><\/span><\/em><\/strong><\/p>\n","protected":false},"excerpt":{"rendered":"<p>Pelo menos 9 \u00f3rg\u00e3os abrem, na segunda-feira (10), as inscri\u00e7\u00f5es de concursos p\u00fablicos para 621 vagas e forma\u00e7\u00e3o de cadastro de reserva em cargos de n\u00edveis fundamental, m\u00e9dio\/ t\u00e9cnico e superior. Nos concursos para forma\u00e7\u00e3o de cadastro de reserva, os candidatos aprovados s\u00e3o chamados conforme a abertura de vagas durante a validade do concurso. Os [&hellip;]<\/p>\n","protected":false},"author":2,"featured_media":92119,"comment_status":"closed","ping_status":"closed","sticky":false,"template":"","format":"standard","meta":{"footnotes":""},"categories":[9,15],"tags":[],"class_list":{"0":"post-97913","1":"post","2":"type-post","3":"status-publish","4":"format-standard","5":"has-post-thumbnail","7":"category-concursos","8":"category-destaques"},"_links":{"self":[{"href":"https:\/\/senoticias.com.br\/se\/wp-json\/wp\/v2\/posts\/97913"}],"collection":[{"href":"https:\/\/senoticias.com.br\/se\/wp-json\/wp\/v2\/posts"}],"about":[{"href":"https:\/\/senoticias.com.br\/se\/wp-json\/wp\/v2\/types\/post"}],"author":[{"embeddable":true,"href":"https:\/\/senoticias.com.br\/se\/wp-json\/wp\/v2\/users\/2"}],"replies":[{"embeddable":true,"href":"https:\/\/senoticias.com.br\/se\/wp-json\/wp\/v2\/comments?post=97913"}],"version-history":[{"count":0,"href":"https:\/\/senoticias.com.br\/se\/wp-json\/wp\/v2\/posts\/97913\/revisions"}],"wp:featuredmedia":[{"embeddable":true,"href":"https:\/\/senoticias.com.br\/se\/wp-json\/wp\/v2\/media\/92119"}],"wp:attachment":[{"href":"https:\/\/senoticias.com.br\/se\/wp-json\/wp\/v2\/media?parent=97913"}],"wp:term":[{"taxonomy":"category","embeddable":true,"href":"https:\/\/senoticias.com.br\/se\/wp-json\/wp\/v2\/categories?post=97913"},{"taxonomy":"post_tag","embeddable":true,"href":"https:\/\/senoticias.com.br\/se\/wp-json\/wp\/v2\/tags?post=97913"}],"curies":[{"name":"wp","href":"https:\/\/api.w.org\/{rel}","templated":true}]}}