{"id":97911,"date":"2016-11-13T08:56:27","date_gmt":"2016-11-13T11:56:27","guid":{"rendered":"http:\/\/senoticias.com.br\/se\/?p=97911"},"modified":"2016-11-13T08:56:27","modified_gmt":"2016-11-13T11:56:27","slug":"novenario-e-festa-de-nossa-senhora-da-conceicao","status":"publish","type":"post","link":"https:\/\/senoticias.com.br\/se\/novenario-e-festa-de-nossa-senhora-da-conceicao\/","title":{"rendered":"Noven\u00e1rio e Festa de Nossa Senhora da Concei\u00e7\u00e3o"},"content":{"rendered":"<p style=\"text-align: justify;\">De 29 desse m\u00eas at\u00e9 o dia 7 de dezembro desse ano acontecer\u00e1 o Noven\u00e1rio e Festa de Nossa Senhora da Concei\u00e7\u00e3o. A programa\u00e7\u00e3o completa pode ser conferida na imagem abaixo.<\/p>\n<p style=\"text-align: justify;\">A Festa ser\u00e1 no dia 8 de dezembro. O noven\u00e1rio e a festa ser\u00e3o realizadas na Par\u00f3quia Nossa Senhora da Concei\u00e7\u00e3o e Catedral Metropolitana de Aracaju. Nossa Senhora da Concei\u00e7\u00e3o \u00e9 a padroeira da Arquidiocese de Aracaju. Clique na imagem abaixo para conferir toda a programa\u00e7\u00e3o.<\/p>\n<p style=\"text-align: justify;\"><img loading=\"lazy\" decoding=\"async\" class=\"aligncenter size-full wp-image-97912\" src=\"http:\/\/senoticias.com.br\/se\/wp-content\/uploads\/2016\/11\/Novenario-de-Nossa-Senhora-da-Conceicao-SE-Noticias-e1479038060597.jpg\" alt=\"novenario-de-nossa-senhora-da-conceicao-se-noticias\" width=\"599\" height=\"398\" \/><\/p>\n<p style=\"text-align: justify;\"><img loading=\"lazy\" decoding=\"async\" class=\"aligncenter size-full wp-image-97770\" src=\"http:\/\/senoticias.com.br\/se\/wp-content\/uploads\/2016\/11\/Logo-fone-1-2-1.jpg\" alt=\"logo-fone-1-2-1\" width=\"599\" height=\"78\" srcset=\"https:\/\/senoticias.com.br\/se\/wp-content\/uploads\/2016\/11\/Logo-fone-1-2-1.jpg 599w, https:\/\/senoticias.com.br\/se\/wp-content\/uploads\/2016\/11\/Logo-fone-1-2-1-300x39.jpg 300w\" sizes=\"(max-width: 599px) 100vw, 599px\" \/><\/p>\n<p style=\"text-align: justify;\"><em><strong>Acompanhe tamb\u00e9m o SE Not\u00edcias no<\/strong><strong>\u00a0<\/strong><strong><a href=\"https:\/\/twitter.com\/Senoticias\">Twitter<\/a>,<\/strong><strong>\u00a0<\/strong><strong><a href=\"https:\/\/www.facebook.com\/senoticias1\">Facebook<\/a><\/strong><strong>\u00a0<\/strong><strong>e no<\/strong><a href=\"https:\/\/www.instagram.com\/senoticias\/\"><strong>\u00a0<\/strong><strong>Instagram<\/strong><\/a><\/em><\/p>\n<p style=\"text-align: justify;\"><em>Informa\u00e7\u00f5es da Arquidiocese de Aracaju<\/em><\/p>\n","protected":false},"excerpt":{"rendered":"<p>De 29 desse m\u00eas at\u00e9 o dia 7 de dezembro desse ano acontecer\u00e1 o Noven\u00e1rio e Festa de Nossa Senhora da Concei\u00e7\u00e3o. A programa\u00e7\u00e3o completa pode ser conferida na imagem abaixo. A Festa ser\u00e1 no dia 8 de dezembro. O noven\u00e1rio e a festa ser\u00e3o realizadas na Par\u00f3quia Nossa Senhora da Concei\u00e7\u00e3o e Catedral Metropolitana [&hellip;]<\/p>\n","protected":false},"author":2,"featured_media":97912,"comment_status":"closed","ping_status":"closed","sticky":false,"template":"","format":"standard","meta":{"footnotes":""},"categories":[46],"tags":[],"class_list":{"0":"post-97911","1":"post","2":"type-post","3":"status-publish","4":"format-standard","5":"has-post-thumbnail","7":"category-religiao"},"_links":{"self":[{"href":"https:\/\/senoticias.com.br\/se\/wp-json\/wp\/v2\/posts\/97911"}],"collection":[{"href":"https:\/\/senoticias.com.br\/se\/wp-json\/wp\/v2\/posts"}],"about":[{"href":"https:\/\/senoticias.com.br\/se\/wp-json\/wp\/v2\/types\/post"}],"author":[{"embeddable":true,"href":"https:\/\/senoticias.com.br\/se\/wp-json\/wp\/v2\/users\/2"}],"replies":[{"embeddable":true,"href":"https:\/\/senoticias.com.br\/se\/wp-json\/wp\/v2\/comments?post=97911"}],"version-history":[{"count":0,"href":"https:\/\/senoticias.com.br\/se\/wp-json\/wp\/v2\/posts\/97911\/revisions"}],"wp:featuredmedia":[{"embeddable":true,"href":"https:\/\/senoticias.com.br\/se\/wp-json\/wp\/v2\/media\/97912"}],"wp:attachment":[{"href":"https:\/\/senoticias.com.br\/se\/wp-json\/wp\/v2\/media?parent=97911"}],"wp:term":[{"taxonomy":"category","embeddable":true,"href":"https:\/\/senoticias.com.br\/se\/wp-json\/wp\/v2\/categories?post=97911"},{"taxonomy":"post_tag","embeddable":true,"href":"https:\/\/senoticias.com.br\/se\/wp-json\/wp\/v2\/tags?post=97911"}],"curies":[{"name":"wp","href":"https:\/\/api.w.org\/{rel}","templated":true}]}}