{"id":97907,"date":"2016-11-12T21:47:04","date_gmt":"2016-11-13T00:47:04","guid":{"rendered":"http:\/\/senoticias.com.br\/se\/?p=97907"},"modified":"2016-11-14T14:26:33","modified_gmt":"2016-11-14T17:26:33","slug":"dia-nacional-da-juventude-acontece-neste-domingo-em-aracaju","status":"publish","type":"post","link":"https:\/\/senoticias.com.br\/se\/dia-nacional-da-juventude-acontece-neste-domingo-em-aracaju\/","title":{"rendered":"Dia Nacional da Juventude acontece neste domingo, em Aracaju"},"content":{"rendered":"<p style=\"text-align: justify;\">O Dia Nacional da Juventude (DNJ) \u00e9 o evento mais esperado pelos jovens cat\u00f3licos do Estado de Sergipe. Esse ano o DNJ ser\u00e1 realizado dia 13 de novembro, a partir das 8h no gin\u00e1sio de esportes do Col\u00e9gio Salesiano e conta com uma programa\u00e7\u00e3o bastante diversificada.<\/p>\n<div id=\"attachment_97908\" style=\"width: 609px\" class=\"wp-caption aligncenter\"><img loading=\"lazy\" decoding=\"async\" aria-describedby=\"caption-attachment-97908\" class=\"size-full wp-image-97908\" src=\"http:\/\/senoticias.com.br\/se\/wp-content\/uploads\/2016\/11\/Dia-nacional-da-Juventude-SE-Noticias-e1478998196831.jpg\" alt=\"Mais de 2 mil jovens s\u00e3o esperados na 31\u00aa edi\u00e7\u00e3o do DNJ\" width=\"599\" height=\"398\" \/><p id=\"caption-attachment-97908\" class=\"wp-caption-text\">Mais de 2 mil jovens s\u00e3o esperados na 31\u00aa edi\u00e7\u00e3o do DNJ<\/p><\/div>\n<p style=\"text-align: justify;\">A partir do lema \u201cJuventude e nossa Casa Comum\u201d, os jovens sergipanos participar\u00e3o de momentos de louvor, prega\u00e7\u00e3o, shows, adora\u00e7\u00e3o ao Sant\u00edssimo Sacramento e Santa Missa presidida pelo Arcebispo da Arquidiocese de Aracaju, Dom Jos\u00e9 Palmeira Lessa, que enfatiza a import\u00e2ncia de celebrar o DNJ e anima os jovens a participar do evento. \u201cO DNJ se constitui numa manifesta\u00e7\u00e3o corajosa e entusiasmante da Juventude no Brasil e na Arquidiocese de Aracaju n\u00e3o seria diferente, que a cada ano de forma brilhante promove essa unidade e comunh\u00e3o entre a Igreja e os jovens, sempre no compromisso de tornar o mundo melhor, atrav\u00e9s da Civiliza\u00e7\u00e3o do Amor. E voc\u00ea, jovem, deve estar a cada dia ligado \u00e0 fonte da juventude que \u00e9 Cristo\u201d, explica Dom Lessa.<\/p>\n<p style=\"text-align: justify;\">O evento contar\u00e1 com momento de evangeliza\u00e7\u00e3o por meio da feira vocacional, onde os diversos carismas presentes na Arquidiocese ser\u00e3o apresentados ao p\u00fablico, haver\u00e1 tamb\u00e9m uma pra\u00e7a de alimenta\u00e7\u00e3o e o grande festival da juventude, onde diversos jovens da Arquidiocese expressar\u00e3o seus dons art\u00edsticos por meio da m\u00fasica, teatro e dan\u00e7a. E para aprofundar tem\u00e1ticas especiais relacionadas \u00e0 juventude, workshops acontecer\u00e3o com momentos de partilha e debate. Nesta edi\u00e7\u00e3o haver\u00e1 ainda atividades esportivas, para incentivar o bem-estar e a qualidade de vida.<\/p>\n<p style=\"text-align: justify;\">O presidente do Setor Juventude da Arquidiocese, Felipe Bastos, fala da import\u00e2ncia de celebrar o Dia Nacional da Juventude em Aracaju. \u201c\u00c9 um grande momento celebrativo onde a juventude de Cristo se une com diversos carismas que o Esp\u00edrito Santo suscita na Santa Igreja, para celebrar uma juventude que busca construir uma nova sociedade atrav\u00e9s de a\u00e7\u00f5es, encontros, retiros em suas realidades de comunidade\u201d, relata Felipe.<\/p>\n<p><strong>Programa\u00e7\u00e3o<\/strong><\/p>\n<p>08:00- Acolhida pelos volunt\u00e1rios;<br \/>\n09:00- Santa Missa de Abertura<br \/>\n10:30- In\u00edcio da Feira Vocacional, Workshops e Lanchonete<br \/>\n&#8211; Festival da Juventude- Parte 1 (Palco principal)<br \/>\n&#8211; \u00c1rea de esportes<br \/>\n12:00- Intervalo<br \/>\n13:30 &#8211; Retorno<br \/>\n&#8211; Adora\u00e7\u00e3o ao Sant\u00edssimo Sacramento<br \/>\n&#8211; Workshops<br \/>\n15:30 &#8211; Festival da Juventude &#8211; Parte 2 (Palco Principal)<br \/>\n18:00 &#8211; Encerramento<\/p>\n<p style=\"text-align: justify;\"><strong>Servi\u00e7o<\/strong><\/p>\n<p>Dia Nacional da Juventude &#8211; DNJ 2016<br \/>\nData: 13 de novembro<br \/>\nHor\u00e1rio: 08h<br \/>\nLocal: Gin\u00e1sio de Esportes do Col\u00e9gio Salesiano, ao lado da Igreja Nossa Senhora Auxiliadora. Rua Ribeir\u00f3polis \u2013 Bairro Cirurgia.<\/p>\n<p><strong>Entrada Franca<\/strong><\/p>\n<p><strong><img loading=\"lazy\" decoding=\"async\" class=\"aligncenter size-full wp-image-97770\" src=\"http:\/\/senoticias.com.br\/se\/wp-content\/uploads\/2016\/11\/Logo-fone-1-2-1.jpg\" alt=\"logo-fone-1-2-1\" width=\"599\" height=\"78\" srcset=\"https:\/\/senoticias.com.br\/se\/wp-content\/uploads\/2016\/11\/Logo-fone-1-2-1.jpg 599w, https:\/\/senoticias.com.br\/se\/wp-content\/uploads\/2016\/11\/Logo-fone-1-2-1-300x39.jpg 300w\" sizes=\"(max-width: 599px) 100vw, 599px\" \/><\/strong><\/p>\n<p><em><strong>Acompanhe tamb\u00e9m o SE Not\u00edcias no<\/strong><strong>\u00a0<\/strong><strong><a href=\"https:\/\/twitter.com\/Senoticias\">Twitter<\/a>,<\/strong><strong>\u00a0<\/strong><strong><a href=\"https:\/\/www.facebook.com\/senoticias1\">Facebook<\/a><\/strong><strong>\u00a0<\/strong><strong>e no<\/strong><a href=\"https:\/\/www.instagram.com\/senoticias\/\"><strong>\u00a0<\/strong><strong>Instagram<\/strong><\/a><\/em><\/p>\n<p><em>Da\u00a0Assessoria de Comunica\u00e7\u00e3o<\/em><\/p>\n","protected":false},"excerpt":{"rendered":"<p>O Dia Nacional da Juventude (DNJ) \u00e9 o evento mais esperado pelos jovens cat\u00f3licos do Estado de Sergipe. Esse ano o DNJ ser\u00e1 realizado dia 13 de novembro, a partir das 8h no gin\u00e1sio de esportes do Col\u00e9gio Salesiano e conta com uma programa\u00e7\u00e3o bastante diversificada. A partir do lema \u201cJuventude e nossa Casa Comum\u201d, [&hellip;]<\/p>\n","protected":false},"author":2,"featured_media":97908,"comment_status":"closed","ping_status":"closed","sticky":false,"template":"","format":"standard","meta":{"footnotes":""},"categories":[38],"tags":[],"class_list":{"0":"post-97907","1":"post","2":"type-post","3":"status-publish","4":"format-standard","5":"has-post-thumbnail","7":"category-municipios"},"_links":{"self":[{"href":"https:\/\/senoticias.com.br\/se\/wp-json\/wp\/v2\/posts\/97907"}],"collection":[{"href":"https:\/\/senoticias.com.br\/se\/wp-json\/wp\/v2\/posts"}],"about":[{"href":"https:\/\/senoticias.com.br\/se\/wp-json\/wp\/v2\/types\/post"}],"author":[{"embeddable":true,"href":"https:\/\/senoticias.com.br\/se\/wp-json\/wp\/v2\/users\/2"}],"replies":[{"embeddable":true,"href":"https:\/\/senoticias.com.br\/se\/wp-json\/wp\/v2\/comments?post=97907"}],"version-history":[{"count":0,"href":"https:\/\/senoticias.com.br\/se\/wp-json\/wp\/v2\/posts\/97907\/revisions"}],"wp:featuredmedia":[{"embeddable":true,"href":"https:\/\/senoticias.com.br\/se\/wp-json\/wp\/v2\/media\/97908"}],"wp:attachment":[{"href":"https:\/\/senoticias.com.br\/se\/wp-json\/wp\/v2\/media?parent=97907"}],"wp:term":[{"taxonomy":"category","embeddable":true,"href":"https:\/\/senoticias.com.br\/se\/wp-json\/wp\/v2\/categories?post=97907"},{"taxonomy":"post_tag","embeddable":true,"href":"https:\/\/senoticias.com.br\/se\/wp-json\/wp\/v2\/tags?post=97907"}],"curies":[{"name":"wp","href":"https:\/\/api.w.org\/{rel}","templated":true}]}}