{"id":97904,"date":"2016-11-12T18:54:38","date_gmt":"2016-11-12T21:54:38","guid":{"rendered":"http:\/\/senoticias.com.br\/se\/?p=97904"},"modified":"2016-11-12T19:20:55","modified_gmt":"2016-11-12T22:20:55","slug":"em-tarde-de-thalles-e-nene-vasco-vence-bragantino-fora-de-casa","status":"publish","type":"post","link":"https:\/\/senoticias.com.br\/se\/em-tarde-de-thalles-e-nene-vasco-vence-bragantino-fora-de-casa\/","title":{"rendered":"Em tarde de Thalles e Nen\u00ea, Vasco vence Bragantino fora de casa; confira a classifica\u00e7\u00e3o"},"content":{"rendered":"<p style=\"text-align: justify;\">Pela 36\u00aa rodada do Campeonato Brasileiro da S\u00e9rie B, o Vasco venceu o Bragantino por 2 a 1, no Est\u00e1dio Nabi Abi Chedid, em Bragan\u00e7a Paulista (SP). Thalles, de cabe\u00e7a, e Nen\u00ea, de p\u00eanalti, marcaram para os vasca\u00ednos. Rafael Grampola descontou para o advers\u00e1rio. Com o resultado, a equipe carioca fica muito pr\u00f3xima de garantir o acesso \u00e0 S\u00e9rie A do Brasileir\u00e3o. O pr\u00f3ximo jogo do Gigante da Colina ser\u00e1 contra o Crici\u00fama, dia 19 de novembro,\u00a0no Heriberto Hulse (SC), \u00e0s 16h30<\/p>\n<div id=\"attachment_97905\" style=\"width: 609px\" class=\"wp-caption aligncenter\"><img loading=\"lazy\" decoding=\"async\" aria-describedby=\"caption-attachment-97905\" class=\"size-full wp-image-97905\" src=\"http:\/\/senoticias.com.br\/se\/wp-content\/uploads\/2016\/11\/Vasco-vence-Bragantino-SE-Noticias-e1478987785545.jpg\" alt=\"Douglas Luiz deu trabalho aos defensores do Bragantino - Foto: Nelson. (Costa\/Vasco.com.br)\" width=\"599\" height=\"375\" \/><p id=\"caption-attachment-97905\" class=\"wp-caption-text\">Douglas Luiz deu trabalho aos defensores do Bragantino. ( Foto: Nelson Costa\/Vasco.com.br)<\/p><\/div>\n<p style=\"text-align: justify;\"><b>O JOGO<br \/>\n<\/b><br \/>\nO primeiro tempo foi melhor para o Vasco no Est\u00e1dio Nabi Abi Chedid, em Bragan\u00e7a Paulista (SP). O time vasca\u00edno teve as melhores chances e sofreu com um gol mal anulado. Quem come\u00e7ou no ataque foi o Gigante da Colina. Logo aos sete minutos, ap\u00f3s boa troca de passes, Douglas tabelou com \u00c9derson, que escorou para o volante finalizar com for\u00e7a no travess\u00e3o. Quase o primeiro gol!<\/p>\n<p style=\"text-align: justify;\">Momentos depois, o atacante Thalles recebeu cruzamento de Nen\u00ea e cabeceou para fora, incomodando a zaga do Bragantino. A equipe da casa respondeu na sequ\u00eancia,\u00a0aos 18 minutos, em cabe\u00e7ada perigosa de Juliano, obrigando Jordi a fazer boa defesa para afastar o perigo. Ap\u00f3s as chances dos dois lados, o jogo esfriou, mas Thalles fez quest\u00e3o de reacender o \u00edmpeto do Vasco. Aos 36 minutos, o jogador chutou da entrada da \u00e1rea e finalizou com categoria no canto de Renan Rocha, mas a arbitragem assinalou impedimento de Madson, de forma errada, e anulou o gol vasca\u00edno.<\/p>\n<p style=\"text-align: justify;\">O camisa 9 do Vasco respondeu com gol. Dois minutos depois, Nen\u00ea cobrou escanteio na cabe\u00e7a de Thalles, que n\u00e3o perdoou e abriu o placar para o Gigante da Colina: 1 a 0. Aos 43 minutos, a arbitragem marcou p\u00eanalti de Madson em Lucas Rocha na \u00e1rea vasca\u00edna. Na cobran\u00e7a, Jordi pulou no lado certo, mas n\u00e3o impediu o gol de empate de Rafael Grampola: 1 a 1.<\/p>\n<div>\n<div>\n<div style=\"text-align: justify;\">\n<p>Na segunda etapa, a superioridade do Vasco se manteve.\u00a0Aos dois minutos, ap\u00f3s confus\u00e3o na \u00e1rea, \u00c9derson finalizou com muito perigo \u00e0 esquerda do gol de Renan.\u00a0Destaque na partida, o atacante Thalles foi derrubado por Fabiano dentro da \u00e1rea aos 8 minutos. Na cobran\u00e7a, Nen\u00ea chutou com categoria e colocou o Vasco novamente \u00e0 frente: 2 a 1.<\/p>\n<p>O Bragantino buscou uma resposta e, aos 17 minutos, conseguiu acertar uma bola na trave com Diego Sacoman.\u00a0O goleiro advers\u00e1rio ainda protagonizou boas defesas durante a segunda etapa em finaliza\u00e7\u00f5es de Thalles e Nen\u00ea. Muito segura, a equipe cruzmaltina garantiu uma vit\u00f3ria importante rumo ao acesso \u00e0 S\u00e9rie A.<\/p>\n<\/div>\n<\/div>\n<div style=\"text-align: justify;\">\n<p>\u00a0<b>FICHA T\u00c9CNICA \u2013 BRAGANTINO 1X2 VASCO<\/b><\/p>\n<p>Clique <a href=\"http:\/\/www.vasco.com.br\/site\/\"><strong>AQUI<\/strong> <\/a>e confira a classifica\u00e7\u00e3o<\/p>\n<\/div>\n<\/div>\n<div style=\"text-align: justify;\"><b>Competi\u00e7\u00e3o: <\/b>36\u00aa rodada do Campeonato Brasileiro da S\u00e9rie B<\/div>\n<div style=\"text-align: justify;\"><b>Local:<\/b> Nabi Abi Chedid, Bragan\u00e7a Paulista &#8211; SP<\/div>\n<div><b>Data:<\/b> 12 de novembro de 2016<\/div>\n<div><b>Hor\u00e1rio:<\/b> 16h30 (Hor\u00e1rio de Bras\u00edlia)<\/div>\n<div><b>P\u00fablico: <\/b>2320<\/div>\n<div style=\"text-align: justify;\"><b>Renda:<\/b>\u00a0R$ 64.860,00<\/div>\n<div style=\"text-align: justify;\"><b>\u00c1rbitro:<\/b> Emerson de Almeida Ferreira (MG)<\/div>\n<div style=\"text-align: justify;\"><b>Assistentes:<\/b> Marconi Helbert Vieira (MG) e Luiz Antonio Barbosa (MG)<\/div>\n<div style=\"text-align: justify;\"><b>Cart\u00e3o amarelo:<\/b>\u00a0Gabriel Nunes, Anderson Ligeiro e Everton Dias (Bragantino) \/ Thalles, \u00a0Bruno Gallo e Jordi (Vasco)<\/div>\n<div style=\"text-align: justify;\"><b>Gols:<\/b>\u00a0Rafael Grampola (45&#8242; \/ 1\u00ba Tempo) &#8211; Bragantino \/ Thalles (38&#8242; \/ 1\u00ba Tempo) e Nen\u00ea (08&#8242; \/ 2\u00ba Tempo) &#8211; Vasco<\/div>\n<div style=\"text-align: justify;\"><b>Bragantino:<\/b>\u00a0Renan Rocha; Juliano (Claudinho), Lucas Rocha, Diego Sacoman e Fabiano; Edson Sitta, Everton Dias e Gabriel Nunes (Lincom); Anderson Ligeiro, Vitor Hugo e Rafael Grampola (Dod\u00f4). T\u00e9cnico: Estevam Soares<b><br \/>\nVASCO:<\/b>\u00a0Jordi; Madson, Luan (Rafael Marques), Rodrigo e Julio Cesar; Diguinho, Bruno Gallo (Julio dos Santos), Douglas e Nen\u00ea; \u00c9derson (Yago Pikachu) \u00a0e Thalles. T\u00e9cnico: Jorginho.<\/div>\n<div><\/div>\n<div><img loading=\"lazy\" decoding=\"async\" class=\"aligncenter size-full wp-image-97770\" src=\"http:\/\/senoticias.com.br\/se\/wp-content\/uploads\/2016\/11\/Logo-fone-1-2-1.jpg\" alt=\"logo-fone-1-2-1\" width=\"599\" height=\"78\" srcset=\"https:\/\/senoticias.com.br\/se\/wp-content\/uploads\/2016\/11\/Logo-fone-1-2-1.jpg 599w, https:\/\/senoticias.com.br\/se\/wp-content\/uploads\/2016\/11\/Logo-fone-1-2-1-300x39.jpg 300w\" sizes=\"(max-width: 599px) 100vw, 599px\" \/><\/div>\n<div><\/div>\n<div><em><strong>Acompanhe tamb\u00e9m o SE Not\u00edcias no<\/strong><strong>\u00a0<\/strong><strong><a href=\"https:\/\/twitter.com\/Senoticias\">Twitter<\/a>,<\/strong><strong>\u00a0<\/strong><strong><a href=\"https:\/\/www.facebook.com\/senoticias1\">Facebook<\/a><\/strong><strong>\u00a0<\/strong><strong>e no<\/strong><a href=\"https:\/\/www.instagram.com\/senoticias\/\"><strong>\u00a0<\/strong><strong>Instagram<\/strong><\/a><\/em><\/div>\n<div><\/div>\n<div><em>Mat\u00e9ria extra\u00edda do <a href=\"http:\/\/www.vasco.com.br\/site\/noticia\/detalhe\/14077\/em-tarde-de-thalles-e-nene-vasco-bate-bragantino-fora-de-casa\"><strong>site<\/strong><\/a> do Vasco da Gama<\/em><\/div>\n<div><\/div>\n","protected":false},"excerpt":{"rendered":"<p>Pela 36\u00aa rodada do Campeonato Brasileiro da S\u00e9rie B, o Vasco venceu o Bragantino por 2 a 1, no Est\u00e1dio Nabi Abi Chedid, em Bragan\u00e7a Paulista (SP). Thalles, de cabe\u00e7a, e Nen\u00ea, de p\u00eanalti, marcaram para os vasca\u00ednos. Rafael Grampola descontou para o advers\u00e1rio. Com o resultado, a equipe carioca fica muito pr\u00f3xima de garantir [&hellip;]<\/p>\n","protected":false},"author":2,"featured_media":97905,"comment_status":"closed","ping_status":"closed","sticky":false,"template":"","format":"standard","meta":{"footnotes":""},"categories":[26],"tags":[],"class_list":{"0":"post-97904","1":"post","2":"type-post","3":"status-publish","4":"format-standard","5":"has-post-thumbnail","7":"category-esportes"},"_links":{"self":[{"href":"https:\/\/senoticias.com.br\/se\/wp-json\/wp\/v2\/posts\/97904"}],"collection":[{"href":"https:\/\/senoticias.com.br\/se\/wp-json\/wp\/v2\/posts"}],"about":[{"href":"https:\/\/senoticias.com.br\/se\/wp-json\/wp\/v2\/types\/post"}],"author":[{"embeddable":true,"href":"https:\/\/senoticias.com.br\/se\/wp-json\/wp\/v2\/users\/2"}],"replies":[{"embeddable":true,"href":"https:\/\/senoticias.com.br\/se\/wp-json\/wp\/v2\/comments?post=97904"}],"version-history":[{"count":0,"href":"https:\/\/senoticias.com.br\/se\/wp-json\/wp\/v2\/posts\/97904\/revisions"}],"wp:featuredmedia":[{"embeddable":true,"href":"https:\/\/senoticias.com.br\/se\/wp-json\/wp\/v2\/media\/97905"}],"wp:attachment":[{"href":"https:\/\/senoticias.com.br\/se\/wp-json\/wp\/v2\/media?parent=97904"}],"wp:term":[{"taxonomy":"category","embeddable":true,"href":"https:\/\/senoticias.com.br\/se\/wp-json\/wp\/v2\/categories?post=97904"},{"taxonomy":"post_tag","embeddable":true,"href":"https:\/\/senoticias.com.br\/se\/wp-json\/wp\/v2\/tags?post=97904"}],"curies":[{"name":"wp","href":"https:\/\/api.w.org\/{rel}","templated":true}]}}