{"id":97901,"date":"2016-11-12T18:32:26","date_gmt":"2016-11-12T21:32:26","guid":{"rendered":"http:\/\/senoticias.com.br\/se\/?p=97901"},"modified":"2016-11-14T08:36:01","modified_gmt":"2016-11-14T11:36:01","slug":"apos-meses-de-discussoes-aracaju-recebera-plano-nacional-de-seguranca","status":"publish","type":"post","link":"https:\/\/senoticias.com.br\/se\/apos-meses-de-discussoes-aracaju-recebera-plano-nacional-de-seguranca\/","title":{"rendered":"Ap\u00f3s meses de discuss\u00f5es, Aracaju receber\u00e1 For\u00e7a Nacional de Seguran\u00e7a"},"content":{"rendered":"<p style=\"text-align: justify;\">Aracaju \u00e9 uma das tr\u00eas capitais escolhidas no pa\u00eds para receber o piloto do Plano Nacional de Seguran\u00e7a, em elabora\u00e7\u00e3o pelo Minist\u00e9rio da Justi\u00e7a, que dever\u00e1 ser estendido para todas as capitais at\u00e9 o fim de mar\u00e7o do ano que vem. Natal e Porto Alegre tamb\u00e9m v\u00e3o receber a\u00e7\u00f5es do Plano Nacional. Desde maio, o secret\u00e1rio da Seguran\u00e7a P\u00fablica de Sergipe, Jo\u00e3o Batista Santos J\u00fanior, e demais gestores da for\u00e7as policiais de Sergipe alinham detalhes com o Minist\u00e9rio da Justi\u00e7a.<\/p>\n<div id=\"attachment_97903\" style=\"width: 610px\" class=\"wp-caption aligncenter\"><img loading=\"lazy\" decoding=\"async\" aria-describedby=\"caption-attachment-97903\" class=\"size-full wp-image-97903\" src=\"http:\/\/senoticias.com.br\/se\/wp-content\/uploads\/2016\/11\/Forca-Nacional-de-Seguranca-SE-Noticias.jpg\" alt=\"A a\u00e7\u00e3o federal ir\u00e1 destinar tropas da For\u00e7a Nacional para opera\u00e7\u00f5es ostensivas nas \u00e1reas de maior incid\u00eancia criminal violenta. (Foto: Senasp\/SE)\" width=\"600\" height=\"399\" srcset=\"https:\/\/senoticias.com.br\/se\/wp-content\/uploads\/2016\/11\/Forca-Nacional-de-Seguranca-SE-Noticias.jpg 600w, https:\/\/senoticias.com.br\/se\/wp-content\/uploads\/2016\/11\/Forca-Nacional-de-Seguranca-SE-Noticias-300x200.jpg 300w, https:\/\/senoticias.com.br\/se\/wp-content\/uploads\/2016\/11\/Forca-Nacional-de-Seguranca-SE-Noticias-90x60.jpg 90w, https:\/\/senoticias.com.br\/se\/wp-content\/uploads\/2016\/11\/Forca-Nacional-de-Seguranca-SE-Noticias-180x120.jpg 180w, https:\/\/senoticias.com.br\/se\/wp-content\/uploads\/2016\/11\/Forca-Nacional-de-Seguranca-SE-Noticias-95x64.jpg 95w\" sizes=\"(max-width: 600px) 100vw, 600px\" \/><p id=\"caption-attachment-97903\" class=\"wp-caption-text\">A a\u00e7\u00e3o federal ir\u00e1 destinar tropas da For\u00e7a Nacional para opera\u00e7\u00f5es ostensivas nas \u00e1reas de maior incid\u00eancia criminal violenta. (Foto: Senasp\/SE)<\/p><\/div>\n<p style=\"text-align: justify;\">O Plano prev\u00ea como prioridades a redu\u00e7\u00e3o de homic\u00eddios, dos casos de viol\u00eancia contra a mulher, al\u00e9m da racionaliza\u00e7\u00e3o do sistema penitenci\u00e1rio e a prote\u00e7\u00e3o das fronteiras. O ministro da Justi\u00e7a, Alexandre de Moraes, disse em reuni\u00e3o com secret\u00e1rios da Seguran\u00e7a P\u00fablica, em Goi\u00e2nia (GO), n\u00e1 ultima quinta-feira (10) que ser\u00e3o investidos R$ 1,2 bilh\u00e3o do or\u00e7amento na \u00e1rea de Seguran\u00e7a P\u00fablica e Penitenci\u00e1ria, em Aracaju e outras cidades com alta taxa de crimes violentos, at\u00e9 o final do ano.<\/p>\n<p style=\"text-align: justify;\">O pr\u00f3prio secret\u00e1rio da Seguran\u00e7a P\u00fablica, Jo\u00e3o Batista Santos J\u00fanior, e o delegado geral, Alessandro Vieira, se reuniram com representantes do Minist\u00e9rio da Justi\u00e7a e com representantes dos outros estados, no intuito de encontrar alternativas e solu\u00e7\u00f5es para a redu\u00e7\u00e3o dos \u00edndices de criminalidade no pa\u00eds. A Secretaria de Justi\u00e7a e Cidadania de Sergipe tamb\u00e9m esteve engajada, com a apresenta\u00e7\u00e3o de informa\u00e7\u00f5es sobre o sistema prisional ao Departamento Penitenci\u00e1rio Nacional (Depen), \u00f3rg\u00e3o tamb\u00e9m ligado ao Minist\u00e9rio da Justi\u00e7a.<\/p>\n<p style=\"text-align: justify;\">Houve reuni\u00f5es com gestores sergipanos desde a \u00faltima quarta-feira, dia 9, em S\u00e3o Paulo e Goi\u00e2nia. \u201cTemos nos esfor\u00e7ado muito em Sergipe para diminuir as altas taxas de crimes violentos, como os homic\u00eddios. Conseguimos estagnar no primeiro semestre, mas os n\u00fameros cresceram no segundo semestre. Sem uma a\u00e7\u00e3o planejada, com o protagonismo do Governo Federal, \u00e9 dif\u00edcil diminuir os \u00edndices\u201d, analisou Jo\u00e3o Batista.<\/p>\n<p style=\"text-align: justify;\">A a\u00e7\u00e3o federal ir\u00e1 destinar tropas da For\u00e7a Nacional para opera\u00e7\u00f5es ostensivas nas \u00e1reas de maior incid\u00eancia criminal violenta. O apoio da For\u00e7a Nacional de pol\u00edcia judici\u00e1ria, que complementa o apoio ostensivo, ir\u00e1 atuar com delegados, agentes e escriv\u00e3es para atuar ao lado de equipes das pol\u00edcias estaduais, conforme explicitou o ministro da Justi\u00e7a, Alexandre de Moraes, durante encontro do Conselho Nacional dos Chefes de Pol\u00edcia Civil, em S\u00e3o Paulo, onde ouviu propostas dos delegados-gerais dos Estados. Para formar o efetivo, a pasta deve lan\u00e7ar nesta semana o primeiro edital para at\u00e9 7 mil policiais da reserva interessados na atividade.<\/p>\n<p style=\"text-align: justify;\">O ministro deve continuar se reunindo com categorias da \u00e1rea da seguran\u00e7a e do Judici\u00e1rio para ouvir propostas e incorpor\u00e1-las ao plano. Anteontem, reuniu-se com secret\u00e1rios de Seguran\u00e7a estaduais e est\u00e1 marcada para a pr\u00f3xima semana encontro com procuradores-gerais de Justi\u00e7a. O plano finalizado est\u00e1 previsto para ser lan\u00e7ado no in\u00edcio de dezembro, ap\u00f3s an\u00e1lise do presidente Michel Temer.<\/p>\n<p style=\"text-align: justify;\"><img loading=\"lazy\" decoding=\"async\" class=\"aligncenter size-full wp-image-97770\" src=\"http:\/\/senoticias.com.br\/se\/wp-content\/uploads\/2016\/11\/Logo-fone-1-2-1.jpg\" alt=\"logo-fone-1-2-1\" width=\"599\" height=\"78\" srcset=\"https:\/\/senoticias.com.br\/se\/wp-content\/uploads\/2016\/11\/Logo-fone-1-2-1.jpg 599w, https:\/\/senoticias.com.br\/se\/wp-content\/uploads\/2016\/11\/Logo-fone-1-2-1-300x39.jpg 300w\" sizes=\"(max-width: 599px) 100vw, 599px\" \/><\/p>\n<p style=\"text-align: justify;\"><em><strong>Acompanhe tamb\u00e9m o SE Not\u00edcias no<\/strong><strong>\u00a0<\/strong><strong><a href=\"https:\/\/twitter.com\/Senoticias\">Twitter<\/a>,<\/strong><strong>\u00a0<\/strong><strong><a href=\"https:\/\/www.facebook.com\/senoticias1\">Facebook<\/a><\/strong><strong>\u00a0<\/strong><strong>e no<\/strong><a href=\"https:\/\/www.instagram.com\/senoticias\/\"><strong>\u00a0<\/strong><strong>Instagram<\/strong><\/a><\/em><\/p>\n<p style=\"text-align: justify;\"><em>Ascom\/SSP\/SE<\/em><\/p>\n","protected":false},"excerpt":{"rendered":"<p>Aracaju \u00e9 uma das tr\u00eas capitais escolhidas no pa\u00eds para receber o piloto do Plano Nacional de Seguran\u00e7a, em elabora\u00e7\u00e3o pelo Minist\u00e9rio da Justi\u00e7a, que dever\u00e1 ser estendido para todas as capitais at\u00e9 o fim de mar\u00e7o do ano que vem. Natal e Porto Alegre tamb\u00e9m v\u00e3o receber a\u00e7\u00f5es do Plano Nacional. Desde maio, o [&hellip;]<\/p>\n","protected":false},"author":2,"featured_media":97903,"comment_status":"closed","ping_status":"closed","sticky":false,"template":"","format":"standard","meta":{"footnotes":""},"categories":[15,7],"tags":[],"class_list":{"0":"post-97901","1":"post","2":"type-post","3":"status-publish","4":"format-standard","5":"has-post-thumbnail","7":"category-destaques","8":"category-policia"},"_links":{"self":[{"href":"https:\/\/senoticias.com.br\/se\/wp-json\/wp\/v2\/posts\/97901"}],"collection":[{"href":"https:\/\/senoticias.com.br\/se\/wp-json\/wp\/v2\/posts"}],"about":[{"href":"https:\/\/senoticias.com.br\/se\/wp-json\/wp\/v2\/types\/post"}],"author":[{"embeddable":true,"href":"https:\/\/senoticias.com.br\/se\/wp-json\/wp\/v2\/users\/2"}],"replies":[{"embeddable":true,"href":"https:\/\/senoticias.com.br\/se\/wp-json\/wp\/v2\/comments?post=97901"}],"version-history":[{"count":0,"href":"https:\/\/senoticias.com.br\/se\/wp-json\/wp\/v2\/posts\/97901\/revisions"}],"wp:featuredmedia":[{"embeddable":true,"href":"https:\/\/senoticias.com.br\/se\/wp-json\/wp\/v2\/media\/97903"}],"wp:attachment":[{"href":"https:\/\/senoticias.com.br\/se\/wp-json\/wp\/v2\/media?parent=97901"}],"wp:term":[{"taxonomy":"category","embeddable":true,"href":"https:\/\/senoticias.com.br\/se\/wp-json\/wp\/v2\/categories?post=97901"},{"taxonomy":"post_tag","embeddable":true,"href":"https:\/\/senoticias.com.br\/se\/wp-json\/wp\/v2\/tags?post=97901"}],"curies":[{"name":"wp","href":"https:\/\/api.w.org\/{rel}","templated":true}]}}