{"id":97898,"date":"2016-11-12T13:19:30","date_gmt":"2016-11-12T16:19:30","guid":{"rendered":"http:\/\/senoticias.com.br\/se\/?p=97898"},"modified":"2016-11-14T08:35:10","modified_gmt":"2016-11-14T11:35:10","slug":"chacina-quatro-homens-sao-assassinados-no-interior-de-sergipe","status":"publish","type":"post","link":"https:\/\/senoticias.com.br\/se\/chacina-quatro-homens-sao-assassinados-no-interior-de-sergipe\/","title":{"rendered":"Chacina: quatro homens s\u00e3o assassinados em Laranjeiras"},"content":{"rendered":"<p style=\"text-align: justify;\">Na madrugada deste s\u00e1bado (12), quatro jovens foram assassinados na Avenida Rotary, no centro do munic\u00edpio de Laranjeiras (SE), Regi\u00e3o Metropolitana de Aracaju (SE). Segundo familiares, era in\u00edcio da madrugada quando cinco homens armados chegaram encapuzados e atiraram na cabe\u00e7a das v\u00edtimas.<\/p>\n<div id=\"attachment_97900\" style=\"width: 609px\" class=\"wp-caption aligncenter\"><img loading=\"lazy\" decoding=\"async\" aria-describedby=\"caption-attachment-97900\" class=\"size-full wp-image-97900\" src=\"http:\/\/senoticias.com.br\/se\/wp-content\/uploads\/2016\/11\/Quatro-homes-assassinado-sem-Sergipe-e1478967437941.jpg\" alt=\"Quatro homens s\u00e3o assassinados em pra\u00e7a p\u00fablica de Laranjeiras. (Foto: reprodu\u00e7\u00e3o\/Infonet)\" width=\"599\" height=\"398\" \/><p id=\"caption-attachment-97900\" class=\"wp-caption-text\">Quatro homens s\u00e3o assassinados em pra\u00e7a p\u00fablica de Laranjeiras. (Foto: reprodu\u00e7\u00e3o\/Infonet)<\/p><\/div>\n<p style=\"text-align: justify;\">\u201cEles estavam na pra\u00e7a, como sempre ficam. Parece que j\u00e1 conheciam o movimento de todos. Os homens vestiam roupas de vigilantes e disseram que eram policiais, mas sei que n\u00e3o eram&#8221;, disse dona M\u00e1rcia de Andrade, m\u00e3e de Andr\u00e9 Andrade, uma das v\u00edtimas.<\/p>\n<p style=\"text-align: justify;\">At\u00e9 \u00e0s 10h da manh\u00e3, apenas dois corpos tinham sido identificados pelos familiares no Instituto M\u00e9dico Legal de Sergipe (IML), que das 6h da manh\u00e3 de sexta-feira (11) at\u00e9 \u00e0s 6h deste s\u00e1bado registrou 11 corpos, nove v\u00edtimas de viol\u00eancia por arma de fogo.\u00a0 No munic\u00edpio de Japaratuba (SE) tamb\u00e9m houve um duplo assassinato no Conjunto Albano Franco. <em>(Informa\u00e7\u00f5es do<a href=\"http:\/\/g1.globo.com\/se\/sergipe\/noticia\/2016\/11\/quatro-homens-sao-assassinados-em-praca-publica-de-laranjeiras.html\"> G1 SE<\/a>)<\/em><\/p>\n<p style=\"text-align: justify;\"><img loading=\"lazy\" decoding=\"async\" class=\"aligncenter size-full wp-image-97770\" src=\"http:\/\/senoticias.com.br\/se\/wp-content\/uploads\/2016\/11\/Logo-fone-1-2-1.jpg\" alt=\"logo-fone-1-2-1\" width=\"599\" height=\"78\" srcset=\"https:\/\/senoticias.com.br\/se\/wp-content\/uploads\/2016\/11\/Logo-fone-1-2-1.jpg 599w, https:\/\/senoticias.com.br\/se\/wp-content\/uploads\/2016\/11\/Logo-fone-1-2-1-300x39.jpg 300w\" sizes=\"(max-width: 599px) 100vw, 599px\" \/><\/p>\n<p style=\"text-align: justify;\"><strong><em>Acompanhe tamb\u00e9m o SE Not\u00edcias no\u00a0<a href=\"https:\/\/twitter.com\/Senoticias\">Twitter<\/a>,\u00a0<a href=\"https:\/\/www.facebook.com\/senoticias1\">Facebook<\/a>\u00a0e no<a href=\"https:\/\/www.instagram.com\/senoticias\/\">\u00a0Instagram<\/a><\/em><\/strong><\/p>\n","protected":false},"excerpt":{"rendered":"<p>Na madrugada deste s\u00e1bado (12), quatro jovens foram assassinados na Avenida Rotary, no centro do munic\u00edpio de Laranjeiras (SE), Regi\u00e3o Metropolitana de Aracaju (SE). Segundo familiares, era in\u00edcio da madrugada quando cinco homens armados chegaram encapuzados e atiraram na cabe\u00e7a das v\u00edtimas. \u201cEles estavam na pra\u00e7a, como sempre ficam. Parece que j\u00e1 conheciam o movimento [&hellip;]<\/p>\n","protected":false},"author":2,"featured_media":97900,"comment_status":"closed","ping_status":"closed","sticky":false,"template":"","format":"standard","meta":{"footnotes":""},"categories":[15,7],"tags":[],"class_list":{"0":"post-97898","1":"post","2":"type-post","3":"status-publish","4":"format-standard","5":"has-post-thumbnail","7":"category-destaques","8":"category-policia"},"_links":{"self":[{"href":"https:\/\/senoticias.com.br\/se\/wp-json\/wp\/v2\/posts\/97898"}],"collection":[{"href":"https:\/\/senoticias.com.br\/se\/wp-json\/wp\/v2\/posts"}],"about":[{"href":"https:\/\/senoticias.com.br\/se\/wp-json\/wp\/v2\/types\/post"}],"author":[{"embeddable":true,"href":"https:\/\/senoticias.com.br\/se\/wp-json\/wp\/v2\/users\/2"}],"replies":[{"embeddable":true,"href":"https:\/\/senoticias.com.br\/se\/wp-json\/wp\/v2\/comments?post=97898"}],"version-history":[{"count":0,"href":"https:\/\/senoticias.com.br\/se\/wp-json\/wp\/v2\/posts\/97898\/revisions"}],"wp:featuredmedia":[{"embeddable":true,"href":"https:\/\/senoticias.com.br\/se\/wp-json\/wp\/v2\/media\/97900"}],"wp:attachment":[{"href":"https:\/\/senoticias.com.br\/se\/wp-json\/wp\/v2\/media?parent=97898"}],"wp:term":[{"taxonomy":"category","embeddable":true,"href":"https:\/\/senoticias.com.br\/se\/wp-json\/wp\/v2\/categories?post=97898"},{"taxonomy":"post_tag","embeddable":true,"href":"https:\/\/senoticias.com.br\/se\/wp-json\/wp\/v2\/tags?post=97898"}],"curies":[{"name":"wp","href":"https:\/\/api.w.org\/{rel}","templated":true}]}}