{"id":97893,"date":"2016-11-11T16:26:55","date_gmt":"2016-11-11T19:26:55","guid":{"rendered":"http:\/\/senoticias.com.br\/se\/?p=97893"},"modified":"2016-11-11T16:35:13","modified_gmt":"2016-11-11T19:35:13","slug":"sao-cristovao-justica-concede-reintegracao-de-posse-a-diretoria-do-saae","status":"publish","type":"post","link":"https:\/\/senoticias.com.br\/se\/sao-cristovao-justica-concede-reintegracao-de-posse-a-diretoria-do-saae\/","title":{"rendered":"S\u00e3o Crist\u00f3v\u00e3o: Justi\u00e7a concede reintegra\u00e7\u00e3o de posse \u00e0 diretoria do SAAE"},"content":{"rendered":"<p><em><strong>Por Ascom, S\u00e3o Crist\u00f3v\u00e3o*<\/strong><\/em><\/p>\n<p dir=\"ltr\" style=\"text-align: justify;\">A diretoria t\u00e9cnica do Servi\u00e7o Aut\u00f4nomo de \u00c1gua e Esgoto (SAAE), comunica aos cidad\u00e3os que todos os servi\u00e7os necess\u00e1rios para efetuar os reparos na adutora que abastece toda Cidade Alta e Centro Hist\u00f3rico, j\u00e1 foram finalizados e o abastecimento est\u00e1 sendo retomado de forma gradativa, processo esse que pode durar cerca de 72h para atingir seu equil\u00edbrio. O vazamento j\u00e1 foi reparado, contudo o sistema precisa de um tempo para reestabelecer a sua capacidade plena, para que todos os cidad\u00e3os voltem a ser atendidos. Estamos acompanhando a evolu\u00e7\u00e3o do abastecimento e pedimos a compreens\u00e3o dos cidad\u00e3os quanto a essa peculiaridade do sistema, ao tempo em que entendemos as dificuldades ocasionadas pela falta de \u00e1gua.<\/p>\n<div id=\"attachment_97895\" style=\"width: 609px\" class=\"wp-caption aligncenter\"><img loading=\"lazy\" decoding=\"async\" aria-describedby=\"caption-attachment-97895\" class=\"size-full wp-image-97895\" src=\"http:\/\/senoticias.com.br\/se\/wp-content\/uploads\/2016\/11\/Ocupacao-SAAE-SE-Noticias-e1478892845352.jpg\" alt=\"O SAAE informa que j\u00e1 adotou todas as provid\u00eancias judiciais cab\u00edveis, em decorr\u00eancia dos atos de vandalismo, a exemplo da depreda\u00e7\u00e3o contra o pr\u00e9dio da institui\u00e7\u00e3o e as agress\u00f5es f\u00edsicas e verbais realizadas contra os funcion\u00e1rios do \u00f3rg\u00e3o, que ocorreram em meio aos manifestos realizados durante a semana, informa a nota enviada pela ascom da prefeitura. (Foto: Redes Sociais)\" width=\"599\" height=\"336\" \/><p id=\"caption-attachment-97895\" class=\"wp-caption-text\">O SAAE informa que j\u00e1 adotou todas as provid\u00eancias judiciais cab\u00edveis, em decorr\u00eancia dos atos de vandalismo, a exemplo da depreda\u00e7\u00e3o contra o pr\u00e9dio da institui\u00e7\u00e3o e as agress\u00f5es f\u00edsicas e verbais realizadas contra os funcion\u00e1rios do \u00f3rg\u00e3o, que ocorreram em meio aos manifestos realizados durante a semana, informa a nota enviada pela ascom da prefeitura. (Foto: Redes Sociais)<\/p><\/div>\n<p dir=\"ltr\" style=\"text-align: justify;\">Em tempo, a dire\u00e7\u00e3o do SAAE informa que j\u00e1 adotou todas as provid\u00eancias judiciais cab\u00edveis, em decorr\u00eancia dos atos de vandalismo, a exemplo da depreda\u00e7\u00e3o contra o pr\u00e9dio da institui\u00e7\u00e3o e as agress\u00f5es f\u00edsicas e verbais realizadas contra os funcion\u00e1rios do \u00f3rg\u00e3o, que ocorreram em meio aos manifestos realizados durante a semana. \u201cO direito de manifestar e reivindicar \u00e9 garantido ao cidad\u00e3o pela Constitui\u00e7\u00e3o Federal, no entanto esse direito foi excedido, quando aquelas pessoas depreciaram o patrim\u00f4nio p\u00fablico e agrediram f\u00edsica e verbalmente os trabalhadores do \u00f3rg\u00e3o\u201d, explica o procurador do SAAE, Danillo Vanutti.<\/p>\n<p dir=\"ltr\" style=\"text-align: justify;\">Por meio de um requerimento de reintegra\u00e7\u00e3o de posse, atrav\u00e9s de tutela de urg\u00eancia, o procurador acionou a Justi\u00e7a para garantir que os ocupantes deixassem a sede do SAAE, tomada pela popula\u00e7\u00e3o desde a \u00faltima ter\u00e7a-feira, 08, e garantisse a retomada dos servi\u00e7os pelos trabalhadores. \u201cEntendendo a gravidade do ocorrido e a inten\u00e7\u00e3o da dire\u00e7\u00e3o do SAAE em resolver, com a maior agilidade poss\u00edvel todos os impasses, o Juiz Manoel Costa Neto, deferiu liminar que determina a desocupa\u00e7\u00e3o imediata do pr\u00e9dio e garante que ele n\u00e3o possa ser novamente ocupado pelos manifestantes, sob pena de pris\u00e3o em flagrante delito por crime de desobedi\u00eancia e pagamento de multa di\u00e1ria no valor de R$ 25.000,00 (Vinte e cinco mil reais)\u201d, complementa Danillo.<\/p>\n<p dir=\"ltr\"><strong>Confira a decis\u00e3o:<\/strong><\/p>\n<p dir=\"ltr\"><div class=\"ead-preview\"><div class=\"ead-document\" style=\"position: relative;padding-top: 90%;\"><div class=\"ead-iframe-wrapper\"><iframe src=\"\/\/docs.google.com\/viewer?url=http%3A%2F%2Fsenoticias.com.br%2Fse%2Fwp-content%2Fuploads%2F2016%2F11%2FDecis%C3%A3o-Reintegra%C3%A7%C3%A3o-SAAE.pdf&amp;embedded=true&amp;hl=en\" title=\"Embedded Document\" class=\"ead-iframe\" style=\"width: 100%;height: 100%;border: none;position: absolute;left: 0;top: 0;visibility: hidden;\"><\/iframe><\/div>\t\t\t<div class=\"ead-document-loading\" style=\"width:100%;height:100%;position:absolute;left:0;top:0;z-index:10;\">\n\t\t\t\t<div class=\"ead-loading-wrap\">\n\t\t\t\t\t<div class=\"ead-loading-main\">\n\t\t\t\t\t\t<div class=\"ead-loading\">\n\t\t\t\t\t\t\t<img loading=\"lazy\" decoding=\"async\" src=\"https:\/\/senoticias.com.br\/se\/wp-content\/plugins\/embed-any-document\/images\/loading.svg\" width=\"55\" height=\"55\" alt=\"Loader\">\n\t\t\t\t\t\t\t<span>Loading...<\/span>\n\t\t\t\t\t\t<\/div>\n\t\t\t\t\t<\/div>\n\t\t\t\t\t<div class=\"ead-loading-foot\">\n\t\t\t\t\t\t<div class=\"ead-loading-foot-title\">\n\t\t\t\t\t\t\t<img loading=\"lazy\" decoding=\"async\" src=\"https:\/\/senoticias.com.br\/se\/wp-content\/plugins\/embed-any-document\/images\/EAD-logo.svg\" alt=\"EAD Logo\" width=\"36\" height=\"23\"\/>\n\t\t\t\t\t\t\t<span>Taking too long?<\/span>\n\t\t\t\t\t\t<\/div>\n\t\t\t\t\t\t<div class=\"ead-document-btn ead-reload-btn\" role=\"button\">\n\t\t\t\t\t\t\t\t<img loading=\"lazy\" decoding=\"async\" src=\"https:\/\/senoticias.com.br\/se\/wp-content\/plugins\/embed-any-document\/images\/reload.svg\" alt=\"Reload\" width=\"12\" height=\"12\"\/> Reload document\t\t\t\t\t\t\t<\/div>\n\t\t\t\t\t\t\t<span>|<\/span>\n\t\t\t\t\t\t\t<a href=\"http:\/\/senoticias.com.br\/se\/wp-content\/uploads\/2016\/11\/Decis\u00e3o-Reintegra\u00e7\u00e3o-SAAE.pdf\" class=\"ead-document-btn\" target=\"_blank\">\n\t\t\t\t\t\t\t\t<img loading=\"lazy\" decoding=\"async\" src=\"https:\/\/senoticias.com.br\/se\/wp-content\/plugins\/embed-any-document\/images\/open.svg\" alt=\"Open\" width=\"12\" height=\"12\"\/> Open in new tab\t\t\t\t\t\t\t<\/a>\n\t\t\t\t\t<\/div>\n\t\t\t\t<\/div>\n\t\t\t<\/div>\n\t\t<\/div><p class=\"embed_download\"><a href=\"http:\/\/senoticias.com.br\/se\/wp-content\/uploads\/2016\/11\/Decis\u00e3o-Reintegra\u00e7\u00e3o-SAAE.pdf\" download>Download [162.00 B] <\/a><\/p><\/div>\n<p dir=\"ltr\"><img loading=\"lazy\" decoding=\"async\" class=\"aligncenter size-full wp-image-97770\" src=\"http:\/\/senoticias.com.br\/se\/wp-content\/uploads\/2016\/11\/Logo-fone-1-2-1.jpg\" alt=\"logo-fone-1-2-1\" width=\"599\" height=\"78\" srcset=\"https:\/\/senoticias.com.br\/se\/wp-content\/uploads\/2016\/11\/Logo-fone-1-2-1.jpg 599w, https:\/\/senoticias.com.br\/se\/wp-content\/uploads\/2016\/11\/Logo-fone-1-2-1-300x39.jpg 300w\" sizes=\"(max-width: 599px) 100vw, 599px\" \/><\/p>\n<p dir=\"ltr\"><strong><em>Acompanhe tamb\u00e9m o SE Not\u00edcias no\u00a0<a href=\"https:\/\/twitter.com\/Senoticias\">Twitter<\/a>,\u00a0<a href=\"https:\/\/www.facebook.com\/senoticias1\">Facebook<\/a>\u00a0e no<a href=\"https:\/\/www.instagram.com\/senoticias\/\">\u00a0Instagram<\/a><\/em><\/strong><\/p>\n<p dir=\"ltr\"><strong><em>*Nota recebida\u00a0da Assessoria de Comunica\u00e7\u00e3o da Prefeitura de S\u00e3o Crist\u00f3v\u00e3o<\/em><\/strong><\/p>\n","protected":false},"excerpt":{"rendered":"<p>Por Ascom, S\u00e3o Crist\u00f3v\u00e3o* A diretoria t\u00e9cnica do Servi\u00e7o Aut\u00f4nomo de \u00c1gua e Esgoto (SAAE), comunica aos cidad\u00e3os que todos os servi\u00e7os necess\u00e1rios para efetuar os reparos na adutora que abastece toda Cidade Alta e Centro Hist\u00f3rico, j\u00e1 foram finalizados e o abastecimento est\u00e1 sendo retomado de forma gradativa, processo esse que pode durar cerca [&hellip;]<\/p>\n","protected":false},"author":2,"featured_media":97895,"comment_status":"closed","ping_status":"closed","sticky":false,"template":"","format":"standard","meta":{"footnotes":""},"categories":[38],"tags":[],"class_list":{"0":"post-97893","1":"post","2":"type-post","3":"status-publish","4":"format-standard","5":"has-post-thumbnail","7":"category-municipios"},"_links":{"self":[{"href":"https:\/\/senoticias.com.br\/se\/wp-json\/wp\/v2\/posts\/97893"}],"collection":[{"href":"https:\/\/senoticias.com.br\/se\/wp-json\/wp\/v2\/posts"}],"about":[{"href":"https:\/\/senoticias.com.br\/se\/wp-json\/wp\/v2\/types\/post"}],"author":[{"embeddable":true,"href":"https:\/\/senoticias.com.br\/se\/wp-json\/wp\/v2\/users\/2"}],"replies":[{"embeddable":true,"href":"https:\/\/senoticias.com.br\/se\/wp-json\/wp\/v2\/comments?post=97893"}],"version-history":[{"count":0,"href":"https:\/\/senoticias.com.br\/se\/wp-json\/wp\/v2\/posts\/97893\/revisions"}],"wp:featuredmedia":[{"embeddable":true,"href":"https:\/\/senoticias.com.br\/se\/wp-json\/wp\/v2\/media\/97895"}],"wp:attachment":[{"href":"https:\/\/senoticias.com.br\/se\/wp-json\/wp\/v2\/media?parent=97893"}],"wp:term":[{"taxonomy":"category","embeddable":true,"href":"https:\/\/senoticias.com.br\/se\/wp-json\/wp\/v2\/categories?post=97893"},{"taxonomy":"post_tag","embeddable":true,"href":"https:\/\/senoticias.com.br\/se\/wp-json\/wp\/v2\/tags?post=97893"}],"curies":[{"name":"wp","href":"https:\/\/api.w.org\/{rel}","templated":true}]}}