{"id":97890,"date":"2016-11-11T15:48:35","date_gmt":"2016-11-11T18:48:35","guid":{"rendered":"http:\/\/senoticias.com.br\/se\/?p=97890"},"modified":"2016-11-12T21:53:58","modified_gmt":"2016-11-13T00:53:58","slug":"stf-confirma-que-prisao-apos-decisao-em-2a-instancia-vale-para-todos-os-casos","status":"publish","type":"post","link":"https:\/\/senoticias.com.br\/se\/stf-confirma-que-prisao-apos-decisao-em-2a-instancia-vale-para-todos-os-casos\/","title":{"rendered":"STF confirma que pris\u00e3o ap\u00f3s decis\u00e3o em 2\u00aa inst\u00e2ncia vale para todos os casos"},"content":{"rendered":"<p style=\"text-align: justify;\">Os ministros do STF (Supremo Tribunal Federal) decidiram que vale para todos os casos do pa\u00eds a decis\u00e3o da Corte tomada no m\u00eas passado, sobre a possibilidade de execu\u00e7\u00e3o de penas &#8211; como a pris\u00e3o &#8211; ap\u00f3s a condena\u00e7\u00e3o pela Justi\u00e7a de segundo grau.<\/p>\n<div id=\"attachment_97891\" style=\"width: 609px\" class=\"wp-caption aligncenter\"><img loading=\"lazy\" decoding=\"async\" aria-describedby=\"caption-attachment-97891\" class=\"size-full wp-image-97891\" src=\"http:\/\/senoticias.com.br\/se\/wp-content\/uploads\/2016\/11\/Plenario-do-STF-SE-Noticias-e1478890257291.jpg\" alt=\"Supremo confirma que pris\u00e3o ap\u00f3s decis\u00e3o em 2\u00aa inst\u00e2ncia vale para todos os casos\" width=\"599\" height=\"292\" \/><p id=\"caption-attachment-97891\" class=\"wp-caption-text\">Supremo confirma que pris\u00e3o ap\u00f3s decis\u00e3o em 2\u00aa inst\u00e2ncia vale para todos os casos. (Foto: Andr\u00e9 Dusek \/Estad\u00e3o Conte\u00fado)<\/p><\/div>\n<p style=\"text-align: justify;\">O entendimento do STF foi formado em vota\u00e7\u00e3o conclu\u00edda na noite desta quinta-feira, 10, no plen\u00e1rio virtual da Corte, que \u00e9 uma esp\u00e9cie de plataforma online onde os ministros se posicionam, entre outras coisas, sobre a aplica\u00e7\u00e3o da repercuss\u00e3o geral em certos casos.<\/p>\n<p style=\"text-align: justify;\">Em outubro, dos 11 ministros que comp\u00f5em a Corte, seis votaram pela possibilidade de cumprimento da pena antes do esgotamento de todos os recursos. Outros cinco se posicionaram contra a execu\u00e7\u00e3o da pena antes do chamado tr\u00e2nsito em julgado &#8211; fim do processo penal.<\/p>\n<p style=\"text-align: justify;\">Na \u00e9poca, o ministro Marco Aur\u00e9lio Mello destacou que a Corte estava decidindo sobre a cautelar, n\u00e3o sobre o m\u00e9rito das a\u00e7\u00f5es.<\/p>\n<div id=\"_dynad_c_I5550002193_1478889564724\"><img decoding=\"async\" src=\"https:\/\/t.dynad.net\/pc\/?dc=5550001580;ord=1478889577526\" \/><\/div>\n<p style=\"text-align: justify;\">O ministro Teori Zavascki abriu uma vota\u00e7\u00e3o online para que os ministros se pronunciassem sobre a repercuss\u00e3o geral e a reafirma\u00e7\u00e3o da jurisprud\u00eancia da Corte de permitir a pris\u00e3o ap\u00f3s condena\u00e7\u00e3o em segunda inst\u00e2ncia. Na pr\u00e1tica, com a confirma\u00e7\u00e3o da decis\u00e3o do STF, as inst\u00e2ncias inferiores devem seguir o entendimento da Corte.<\/p>\n<p style=\"text-align: justify;\">Na vota\u00e7\u00e3o realizada no plen\u00e1rio virtual do STF, votaram a favor da reafirma\u00e7\u00e3o da jurisprud\u00eancia do STF os ministros Teori Zavascki, Edson Fachin, Luiz Fux, Gilmar Mendes, Lu\u00eds Roberto Barroso e a presidente do STF, ministra C\u00e1rmen L\u00facia. Todos eles j\u00e1 haviam votado a favor da execu\u00e7\u00e3o antecipada da pena no julgamento realizado em outubro.<\/p>\n<p style=\"text-align: justify;\">\u00c0 \u00e9poca, os ministros alegaram que a pris\u00e3o depois do julgamento na segunda inst\u00e2ncia era importante para combater a morosidade da Justi\u00e7a, a sensa\u00e7\u00e3o de impunidade e de impedir que um volume grande de recursos seja utilizado para protelar o in\u00edcio do cumprimento da pena.<\/p>\n<p style=\"text-align: justify;\">Contra a reafirma\u00e7\u00e3o da jurisprud\u00eancia se posicionaram os ministros Dias Toffoli, Marco Aur\u00e9lio Mello, Celso de Mello e Ricardo Lewandowski.<\/p>\n<p style=\"text-align: justify;\">A ministra Rosa Weber, que havia se posicionado contra a pris\u00e3o de r\u00e9us com condena\u00e7\u00e3o em segunda inst\u00e2ncia, n\u00e3o se manifestou sobre a reafirma\u00e7\u00e3o da jurisprud\u00eancia no plen\u00e1rio virtual da Corte.<\/p>\n<p style=\"text-align: justify;\">Criminalistas reclamam que a decis\u00e3o do STF fere o princ\u00edpio da presun\u00e7\u00e3o de inoc\u00eancia. Por outro lado, investigadores apontam que caso o STF voltasse atr\u00e1s no entendimento, opera\u00e7\u00f5es como a Lava Jato poderiam ficar prejudicadas, j\u00e1 que isso desestimularia condenados que temem a pris\u00e3o a colaborar com a Justi\u00e7a.<\/p>\n<p style=\"text-align: justify;\"><img loading=\"lazy\" decoding=\"async\" class=\"aligncenter size-full wp-image-97770\" src=\"http:\/\/senoticias.com.br\/se\/wp-content\/uploads\/2016\/11\/Logo-fone-1-2-1.jpg\" alt=\"logo-fone-1-2-1\" width=\"599\" height=\"78\" srcset=\"https:\/\/senoticias.com.br\/se\/wp-content\/uploads\/2016\/11\/Logo-fone-1-2-1.jpg 599w, https:\/\/senoticias.com.br\/se\/wp-content\/uploads\/2016\/11\/Logo-fone-1-2-1-300x39.jpg 300w\" sizes=\"(max-width: 599px) 100vw, 599px\" \/><\/p>\n<p style=\"text-align: justify;\"><strong><em>Estad\u00e3o Conte\u00fado<\/em><\/strong><\/p>\n<p style=\"text-align: justify;\"><strong><em>Acompanhe tamb\u00e9m o SE Not\u00edcias no\u00a0<a href=\"https:\/\/twitter.com\/Senoticias\">Twitter<\/a>,\u00a0<a href=\"https:\/\/www.facebook.com\/senoticias1\">Facebook<\/a>\u00a0e no<a href=\"https:\/\/www.instagram.com\/senoticias\/\">\u00a0Instagram<\/a><\/em><\/strong><\/p>\n","protected":false},"excerpt":{"rendered":"<p>Os ministros do STF (Supremo Tribunal Federal) decidiram que vale para todos os casos do pa\u00eds a decis\u00e3o da Corte tomada no m\u00eas passado, sobre a possibilidade de execu\u00e7\u00e3o de penas &#8211; como a pris\u00e3o &#8211; ap\u00f3s a condena\u00e7\u00e3o pela Justi\u00e7a de segundo grau. O entendimento do STF foi formado em vota\u00e7\u00e3o conclu\u00edda na noite [&hellip;]<\/p>\n","protected":false},"author":2,"featured_media":97891,"comment_status":"closed","ping_status":"closed","sticky":false,"template":"","format":"standard","meta":{"footnotes":""},"categories":[6],"tags":[],"class_list":{"0":"post-97890","1":"post","2":"type-post","3":"status-publish","4":"format-standard","5":"has-post-thumbnail","7":"category-politica"},"_links":{"self":[{"href":"https:\/\/senoticias.com.br\/se\/wp-json\/wp\/v2\/posts\/97890"}],"collection":[{"href":"https:\/\/senoticias.com.br\/se\/wp-json\/wp\/v2\/posts"}],"about":[{"href":"https:\/\/senoticias.com.br\/se\/wp-json\/wp\/v2\/types\/post"}],"author":[{"embeddable":true,"href":"https:\/\/senoticias.com.br\/se\/wp-json\/wp\/v2\/users\/2"}],"replies":[{"embeddable":true,"href":"https:\/\/senoticias.com.br\/se\/wp-json\/wp\/v2\/comments?post=97890"}],"version-history":[{"count":0,"href":"https:\/\/senoticias.com.br\/se\/wp-json\/wp\/v2\/posts\/97890\/revisions"}],"wp:featuredmedia":[{"embeddable":true,"href":"https:\/\/senoticias.com.br\/se\/wp-json\/wp\/v2\/media\/97891"}],"wp:attachment":[{"href":"https:\/\/senoticias.com.br\/se\/wp-json\/wp\/v2\/media?parent=97890"}],"wp:term":[{"taxonomy":"category","embeddable":true,"href":"https:\/\/senoticias.com.br\/se\/wp-json\/wp\/v2\/categories?post=97890"},{"taxonomy":"post_tag","embeddable":true,"href":"https:\/\/senoticias.com.br\/se\/wp-json\/wp\/v2\/tags?post=97890"}],"curies":[{"name":"wp","href":"https:\/\/api.w.org\/{rel}","templated":true}]}}