{"id":97882,"date":"2016-11-11T08:36:31","date_gmt":"2016-11-11T11:36:31","guid":{"rendered":"http:\/\/senoticias.com.br\/se\/?p=97882"},"modified":"2016-11-11T08:36:31","modified_gmt":"2016-11-11T11:36:31","slug":"presidente-da-oab-repudia-reajuste-dos-vereadores-de-aracaju","status":"publish","type":"post","link":"https:\/\/senoticias.com.br\/se\/presidente-da-oab-repudia-reajuste-dos-vereadores-de-aracaju\/","title":{"rendered":"Presidente da OAB repudia reajuste dos vereadores de Aracaju"},"content":{"rendered":"<p style=\"text-align: justify;\">Atrav\u00e9s de decreto legislativo, a C\u00e2mara de Vereadores de Aracaju aprovou, em maio deste ano, o reajuste salarial de aproximadamente 25% (R$ 18.999), que ser\u00e1 vigorado a partir da pr\u00f3xima legislatura. No entanto, a not\u00edcia sobre o caso s\u00f3 repercutiu na imprensa na \u00faltima\u00a0quarta-feira, 9.<\/p>\n<div id=\"attachment_41310\" style=\"width: 609px\" class=\"wp-caption aligncenter\"><img loading=\"lazy\" decoding=\"async\" aria-describedby=\"caption-attachment-41310\" class=\"size-full wp-image-41310\" src=\"http:\/\/senoticias.com.br\/se\/wp-content\/uploads\/2012\/11\/oab-se-e1478863889330.jpg\" alt=\"OAB quer a anula\u00e7\u00e3o do aumento do sal\u00e1rio dos vereadores de Aracaju. (Foto: OAB\/SE)\" width=\"599\" height=\"449\" \/><p id=\"caption-attachment-41310\" class=\"wp-caption-text\">OAB quer a anula\u00e7\u00e3o do aumento do sal\u00e1rio dos vereadores de Aracaju. (Foto: OAB\/SE)<\/p><\/div>\n<p style=\"text-align: justify;\">Assim que souberam do aumento houve protesto dos servidores p\u00fablicos do munic\u00edpio de Aracaju, que est\u00e3o em greve em decorr\u00eancia dos constantes atrasos no pagamento de seus vencimentos. Na ocasi\u00e3o, apenas oito vereadores foram contra o reajuste salarial.<\/p>\n<p style=\"text-align: justify;\">O presidente da OAB\/SE, Henri Clay Andrade, teceu cr\u00edticas \u00e0 delibera\u00e7\u00e3o da C\u00e2mara de Vereadores: \u201cEsse aumento muito acima da infla\u00e7\u00e3o, diante de grave crise financeira \u00e9 inconveniente e afrontoso. \u00c9 preciso rev\u00ea-lo\u201d.<\/p>\n<p style=\"text-align: justify;\"><img loading=\"lazy\" decoding=\"async\" class=\"aligncenter size-full wp-image-97770\" src=\"http:\/\/senoticias.com.br\/se\/wp-content\/uploads\/2016\/11\/Logo-fone-1-2-1.jpg\" alt=\"logo-fone-1-2-1\" width=\"599\" height=\"78\" srcset=\"https:\/\/senoticias.com.br\/se\/wp-content\/uploads\/2016\/11\/Logo-fone-1-2-1.jpg 599w, https:\/\/senoticias.com.br\/se\/wp-content\/uploads\/2016\/11\/Logo-fone-1-2-1-300x39.jpg 300w\" sizes=\"(max-width: 599px) 100vw, 599px\" \/><\/p>\n<p style=\"text-align: justify;\"><em><strong>Acompanhe tamb\u00e9m o SE Not\u00edcias no<\/strong><strong>\u00a0<\/strong><strong><a href=\"https:\/\/twitter.com\/Senoticias\">Twitter<\/a>,<\/strong><strong>\u00a0<\/strong><strong><a href=\"https:\/\/www.facebook.com\/senoticias1\">Facebook<\/a><\/strong><strong>\u00a0<\/strong><strong>e no<\/strong><a href=\"https:\/\/www.instagram.com\/senoticias\/\"><strong>\u00a0<\/strong><strong>Instagram<\/strong><\/a><\/em><\/p>\n<p style=\"text-align: justify;\"><em><strong>Ascom\/OAB\/SE<\/strong><\/em><\/p>\n","protected":false},"excerpt":{"rendered":"<p>Atrav\u00e9s de decreto legislativo, a C\u00e2mara de Vereadores de Aracaju aprovou, em maio deste ano, o reajuste salarial de aproximadamente 25% (R$ 18.999), que ser\u00e1 vigorado a partir da pr\u00f3xima legislatura. No entanto, a not\u00edcia sobre o caso s\u00f3 repercutiu na imprensa na \u00faltima\u00a0quarta-feira, 9. Assim que souberam do aumento houve protesto dos servidores p\u00fablicos [&hellip;]<\/p>\n","protected":false},"author":2,"featured_media":41310,"comment_status":"closed","ping_status":"closed","sticky":false,"template":"","format":"standard","meta":{"footnotes":""},"categories":[6],"tags":[],"class_list":{"0":"post-97882","1":"post","2":"type-post","3":"status-publish","4":"format-standard","5":"has-post-thumbnail","7":"category-politica"},"_links":{"self":[{"href":"https:\/\/senoticias.com.br\/se\/wp-json\/wp\/v2\/posts\/97882"}],"collection":[{"href":"https:\/\/senoticias.com.br\/se\/wp-json\/wp\/v2\/posts"}],"about":[{"href":"https:\/\/senoticias.com.br\/se\/wp-json\/wp\/v2\/types\/post"}],"author":[{"embeddable":true,"href":"https:\/\/senoticias.com.br\/se\/wp-json\/wp\/v2\/users\/2"}],"replies":[{"embeddable":true,"href":"https:\/\/senoticias.com.br\/se\/wp-json\/wp\/v2\/comments?post=97882"}],"version-history":[{"count":0,"href":"https:\/\/senoticias.com.br\/se\/wp-json\/wp\/v2\/posts\/97882\/revisions"}],"wp:featuredmedia":[{"embeddable":true,"href":"https:\/\/senoticias.com.br\/se\/wp-json\/wp\/v2\/media\/41310"}],"wp:attachment":[{"href":"https:\/\/senoticias.com.br\/se\/wp-json\/wp\/v2\/media?parent=97882"}],"wp:term":[{"taxonomy":"category","embeddable":true,"href":"https:\/\/senoticias.com.br\/se\/wp-json\/wp\/v2\/categories?post=97882"},{"taxonomy":"post_tag","embeddable":true,"href":"https:\/\/senoticias.com.br\/se\/wp-json\/wp\/v2\/tags?post=97882"}],"curies":[{"name":"wp","href":"https:\/\/api.w.org\/{rel}","templated":true}]}}