{"id":97879,"date":"2016-11-11T07:50:36","date_gmt":"2016-11-11T10:50:36","guid":{"rendered":"http:\/\/senoticias.com.br\/se\/?p=97879"},"modified":"2016-11-11T07:55:28","modified_gmt":"2016-11-11T10:55:28","slug":"smtt-de-aracaju-passa-a-utilizar-radar-movel","status":"publish","type":"post","link":"https:\/\/senoticias.com.br\/se\/smtt-de-aracaju-passa-a-utilizar-radar-movel\/","title":{"rendered":"SMTT de Aracaju passa a utilizar \u2018Radar M\u00f3vel\u2019 para fiscalizar faixa exclusiva"},"content":{"rendered":"<p style=\"text-align: justify;\">A Superintend\u00eancia Municipal de Transportes e Tr\u00e2nsito (SMTT) de Aracaju informa que, para garantir que as faixas destinadas ao transporte p\u00fablico coletivo (\u00f4nibus, t\u00e1xis com passageiros e transporte escolar do munic\u00edpio) sejam respeitadas, foram colocados radares m\u00f3veis nos locais onde s\u00e3o registrados os maiores \u00edndices de desrespeito e alta velocidade, que resultam em acidentes.<\/p>\n<div id=\"attachment_97880\" style=\"width: 550px\" class=\"wp-caption aligncenter\"><img loading=\"lazy\" decoding=\"async\" aria-describedby=\"caption-attachment-97880\" class=\"size-full wp-image-97880\" src=\"http:\/\/senoticias.com.br\/se\/wp-content\/uploads\/2016\/11\/radar-movel-SE-Noticias.jpg\" alt=\"Placa informa que via possui radar na via (Foto: Divulga\u00e7\u00e3o\/SMTT-Aracaju)\" width=\"540\" height=\"340\" srcset=\"https:\/\/senoticias.com.br\/se\/wp-content\/uploads\/2016\/11\/radar-movel-SE-Noticias.jpg 540w, https:\/\/senoticias.com.br\/se\/wp-content\/uploads\/2016\/11\/radar-movel-SE-Noticias-300x189.jpg 300w, https:\/\/senoticias.com.br\/se\/wp-content\/uploads\/2016\/11\/radar-movel-SE-Noticias-120x76.jpg 120w, https:\/\/senoticias.com.br\/se\/wp-content\/uploads\/2016\/11\/radar-movel-SE-Noticias-265x168.jpg 265w, https:\/\/senoticias.com.br\/se\/wp-content\/uploads\/2016\/11\/radar-movel-SE-Noticias-284x180.jpg 284w, https:\/\/senoticias.com.br\/se\/wp-content\/uploads\/2016\/11\/radar-movel-SE-Noticias-274x173.jpg 274w, https:\/\/senoticias.com.br\/se\/wp-content\/uploads\/2016\/11\/radar-movel-SE-Noticias-220x140.jpg 220w\" sizes=\"(max-width: 540px) 100vw, 540px\" \/><p id=\"caption-attachment-97880\" class=\"wp-caption-text\">Placa informa que via possui radar na via (Foto: Divulga\u00e7\u00e3o\/SMTT-Aracaju)<\/p><\/div>\n<p style=\"text-align: justify;\">Para que nenhum condutor seja surpreendido, al\u00e9m da sinaliza\u00e7\u00e3o vertical j\u00e1 existente nas vias, os pain\u00e9is m\u00f3veis foram colocados 300 metros antes dos radares. Os pain\u00e9is fixos tamb\u00e9m est\u00e3o com mensagens de alerta para o respeito \u00e0s faixas destinadas ao transporte coletivo e \u00e0 velocidade m\u00e1xima permitida na cidade, 60km\/h.<\/p>\n<p style=\"text-align: justify;\">Al\u00e9m dos radares, a SMTT adquiriu um equipamento com o Sistema OCR, que funciona como um tipo de c\u00e2mera. Atrav\u00e9s da placa do ve\u00edculo e de um banco de dados do Departamento Nacional de Tr\u00e2nsito (Detran), o equipamento \u00e9 capaz de identificar ve\u00edculos com alguma restri\u00e7\u00e3o na documenta\u00e7\u00e3o, registro de furto, placa clonada ou problemas na identifica\u00e7\u00e3o. O Sistema OCR consegue fazer o registro de seis ve\u00edculos ao mesmo tempo.<\/p>\n<p>O diretor de Tr\u00e2nsito da SMTT Jos\u00e9 Carlos Cruz afirma que os equipamentos de fiscaliza\u00e7\u00e3o eletr\u00f4nica contribu\u00edram para a redu\u00e7\u00e3o dos \u00f3bitos em Aracaju. \u201cEm 2015 n\u00f3s registramos 66 \u00f3bitos. Em 2016, at\u00e9 hoje, com os equipamentos eletr\u00f4nicos e o trabalho ostensivo dos agentes, registramos 35. A inten\u00e7\u00e3o \u00e9 reduzir cada vez mais esses \u00edndices e conscientizar os condutores quanto o respeito \u00e0s leis de tr\u00e2nsito\u201d, explica.<\/p>\n<p><img loading=\"lazy\" decoding=\"async\" class=\"aligncenter size-full wp-image-97770\" src=\"http:\/\/senoticias.com.br\/se\/wp-content\/uploads\/2016\/11\/Logo-fone-1-2-1.jpg\" alt=\"logo-fone-1-2-1\" width=\"599\" height=\"78\" srcset=\"https:\/\/senoticias.com.br\/se\/wp-content\/uploads\/2016\/11\/Logo-fone-1-2-1.jpg 599w, https:\/\/senoticias.com.br\/se\/wp-content\/uploads\/2016\/11\/Logo-fone-1-2-1-300x39.jpg 300w\" sizes=\"(max-width: 599px) 100vw, 599px\" \/><\/p>\n<p><em><strong>Acompanhe tamb\u00e9m o SE Not\u00edcias no<\/strong><strong>\u00a0<\/strong><strong><a href=\"https:\/\/twitter.com\/Senoticias\">Twitter<\/a>,<\/strong><strong>\u00a0<\/strong><strong><a href=\"https:\/\/www.facebook.com\/senoticias1\">Facebook<\/a><\/strong><strong>\u00a0<\/strong><strong>e no<\/strong><a href=\"https:\/\/www.instagram.com\/senoticias\/\"><strong>\u00a0<\/strong><strong>Instagram<\/strong><\/a><\/em><\/p>\n<p><strong><em>Informa\u00e7\u00f5es da SMTT<\/em><\/strong><\/p>\n","protected":false},"excerpt":{"rendered":"<p>A Superintend\u00eancia Municipal de Transportes e Tr\u00e2nsito (SMTT) de Aracaju informa que, para garantir que as faixas destinadas ao transporte p\u00fablico coletivo (\u00f4nibus, t\u00e1xis com passageiros e transporte escolar do munic\u00edpio) sejam respeitadas, foram colocados radares m\u00f3veis nos locais onde s\u00e3o registrados os maiores \u00edndices de desrespeito e alta velocidade, que resultam em acidentes. Para [&hellip;]<\/p>\n","protected":false},"author":2,"featured_media":97880,"comment_status":"closed","ping_status":"closed","sticky":false,"template":"","format":"standard","meta":{"footnotes":""},"categories":[15],"tags":[],"class_list":{"0":"post-97879","1":"post","2":"type-post","3":"status-publish","4":"format-standard","5":"has-post-thumbnail","7":"category-destaques"},"_links":{"self":[{"href":"https:\/\/senoticias.com.br\/se\/wp-json\/wp\/v2\/posts\/97879"}],"collection":[{"href":"https:\/\/senoticias.com.br\/se\/wp-json\/wp\/v2\/posts"}],"about":[{"href":"https:\/\/senoticias.com.br\/se\/wp-json\/wp\/v2\/types\/post"}],"author":[{"embeddable":true,"href":"https:\/\/senoticias.com.br\/se\/wp-json\/wp\/v2\/users\/2"}],"replies":[{"embeddable":true,"href":"https:\/\/senoticias.com.br\/se\/wp-json\/wp\/v2\/comments?post=97879"}],"version-history":[{"count":0,"href":"https:\/\/senoticias.com.br\/se\/wp-json\/wp\/v2\/posts\/97879\/revisions"}],"wp:featuredmedia":[{"embeddable":true,"href":"https:\/\/senoticias.com.br\/se\/wp-json\/wp\/v2\/media\/97880"}],"wp:attachment":[{"href":"https:\/\/senoticias.com.br\/se\/wp-json\/wp\/v2\/media?parent=97879"}],"wp:term":[{"taxonomy":"category","embeddable":true,"href":"https:\/\/senoticias.com.br\/se\/wp-json\/wp\/v2\/categories?post=97879"},{"taxonomy":"post_tag","embeddable":true,"href":"https:\/\/senoticias.com.br\/se\/wp-json\/wp\/v2\/tags?post=97879"}],"curies":[{"name":"wp","href":"https:\/\/api.w.org\/{rel}","templated":true}]}}