{"id":97873,"date":"2016-11-11T07:03:18","date_gmt":"2016-11-11T10:03:18","guid":{"rendered":"http:\/\/senoticias.com.br\/se\/?p=97873"},"modified":"2016-11-11T07:16:27","modified_gmt":"2016-11-11T10:16:27","slug":"eduardo-amorim-e-prefeitos-participam-de-seminario-novos-gestores-em-brasilia","status":"publish","type":"post","link":"https:\/\/senoticias.com.br\/se\/eduardo-amorim-e-prefeitos-participam-de-seminario-novos-gestores-em-brasilia\/","title":{"rendered":"Eduardo Amorim e prefeitos participam de Semin\u00e1rio Novos gestores em Bras\u00edlia"},"content":{"rendered":"<p style=\"text-align: justify;\">Prefeitos eleitos e reeleitos dos estados do Nordeste participam de 7 a 11, em Bras\u00edlia, no Centro Internacional de Conven\u00e7\u00f5es do Brasil (CICB) do Semin\u00e1rio Novos Gestores, promovido pela Confedera\u00e7\u00e3o Nacional de Munic\u00edpios (CNM). O senador Eduardo Amorim (PSC-SE) esteve no evento na tarde da quinta-feira, 10. Segundo ele, a CNM \u00e9 um guia interessante para novas oportunidades nos Munic\u00edpios. \u201c\u00c9 um momento de familiarizar-se com programas, planos e uma partida para uma gest\u00e3o de qualidade\u201d, disse o senador.<\/p>\n<div id=\"attachment_97874\" style=\"width: 609px\" class=\"wp-caption aligncenter\"><img loading=\"lazy\" decoding=\"async\" aria-describedby=\"caption-attachment-97874\" class=\"size-full wp-image-97874\" src=\"http:\/\/senoticias.com.br\/se\/wp-content\/uploads\/2016\/11\/Amorim-com-novos-gestores-SE-Noticias-e1478859250243.jpg\" alt=\"\u201cSemin\u00e1rio Novos Gestores \u00e9 o ponto de partida para uma gest\u00e3o de qualidade\u201d, disse Eduardo\" width=\"599\" height=\"398\" \/><p id=\"caption-attachment-97874\" class=\"wp-caption-text\">\u201cSemin\u00e1rio Novos Gestores \u00e9 o ponto de partida para uma gest\u00e3o de qualidade\u201d, disse Eduardo. (Foto: ascom\/Eduardo Amorim)<\/p><\/div>\n<p style=\"text-align: justify;\">O evento acontece sempre ap\u00f3s o resultado consolidado das elei\u00e7\u00f5es e tem o prop\u00f3sito\u00a0de auxiliar os gestores. Neste caso s\u00e3o prefeitas e prefeitos para o mandato de 2017-2020. O evento acontece em datas diferentes para os 5.568 executivos municipais, divididos em regi\u00f5es. Segundo o presidente da CNM, Paulo Ziulkoski, os gestores devem conhecer suas responsabilidades de dar continuidade a esse trabalho de buscar novas conquistas para o movimento municipalista.<\/p>\n<p style=\"text-align: justify;\">Os gestores participaram das palestras \u201cas compet\u00eancias e as obriga\u00e7\u00f5es dos Munic\u00edpios\u201d, \u201cdesafios para a gest\u00e3o 2017-2020\u201d, \u201cdesenvolvimento social: assist\u00eancia social, educa\u00e7\u00e3o e sa\u00fade\u201d, \u201crela\u00e7\u00e3o com o Congresso Nacional e o observat\u00f3rio pol\u00edtico\u201d e \u201corienta\u00e7\u00f5es jur\u00eddicas de in\u00edcio de mandato\u201d. De acordo com o presidente, \u201cos Munic\u00edpios que est\u00e3o na base de toda pir\u00e2mide federativa \u00e9 o que mais est\u00e1 sofrendo com tudo que est\u00e1 acontecendo\u201d. Ziulkoski lembrou ainda que o Nordeste \u00e9 ainda mais acometido, por sofrer com a seca incidente na regi\u00e3o h\u00e1 mais de cinco anos\u201d.<\/p>\n<p style=\"text-align: justify;\">\u201cN\u00f3s temos um trabalho t\u00e9cnico com os prefeitos desde nosso primeiro mandato na C\u00e2mara dos Deputados e n\u00e3o \u00e9 diferente no Senado. Os projetos nascem nas cidades, mas \u00e9 em Bras\u00edlia que eles devem ser concretizados\u201d, disse Eduardo ao explicar que diante do dif\u00edcil cen\u00e1rio a ser enfrentado no pr\u00f3ximo ano os prefeitos devem participar periodicamente de audi\u00eancias nos minist\u00e9rios.<\/p>\n<p><strong>Reivindica\u00e7\u00f5es ao Senado<\/strong><\/p>\n<p style=\"text-align: justify;\">O presidente da CNM, Paulo Ziulkoski, solicitou apoio ao senador apresenta\u00e7\u00e3o de emenda ao Projeto de Lei do Senado 405\/2016, que concede novo prazo para ades\u00e3o ao Regime Especial de Regulariza\u00e7\u00e3o Cambial e Tribut\u00e1ria (RERCT) de que trata a Lei n\u00ba 13.254, de 13 de janeiro de 2016. \u201c\u00c9 uma forma de compartilhar com os Munic\u00edpios os valores arrecadados como multa sobre o imposto de renda, aplicado no processo de repatria\u00e7\u00e3o de recursos do exterior\u201d, explicou o presidente.<\/p>\n<p style=\"text-align: justify;\"><strong>Prefeitos presentes<\/strong><\/p>\n<p style=\"text-align: justify;\">Fizeram-se presentes no evento os prefeitos de Amparo do S\u00e3o Francisco, Carira, Campo do Brito, Est\u00e2ncia, Feira Nova, Itaporanga D\u2019 Ajuda, Ilha das Flores, Indiaroba, Japoat\u00e3, Lagarto, Malhador, Malhada dos Bois, Monte Alegre, Nossa Senhora da Gl\u00f3ria, Pinh\u00e3o, Porto da Folha, Po\u00e7o Verde, Po\u00e7o redondo, Propri\u00e1, Riach\u00e3o do Dantas e Santana do S\u00e3o Francisco.<\/p>\n<p><img loading=\"lazy\" decoding=\"async\" class=\"aligncenter size-full wp-image-97770\" src=\"http:\/\/senoticias.com.br\/se\/wp-content\/uploads\/2016\/11\/Logo-fone-1-2-1.jpg\" alt=\"logo-fone-1-2-1\" width=\"599\" height=\"78\" srcset=\"https:\/\/senoticias.com.br\/se\/wp-content\/uploads\/2016\/11\/Logo-fone-1-2-1.jpg 599w, https:\/\/senoticias.com.br\/se\/wp-content\/uploads\/2016\/11\/Logo-fone-1-2-1-300x39.jpg 300w\" sizes=\"(max-width: 599px) 100vw, 599px\" \/><\/p>\n<p>&nbsp;<\/p>\n<p><em><strong>Acompanhe tamb\u00e9m o SE Not\u00edcias no<\/strong><strong>\u00a0<\/strong><strong><a href=\"https:\/\/twitter.com\/Senoticias\">Twitter<\/a>,<\/strong><strong>\u00a0<\/strong><strong><a href=\"https:\/\/www.facebook.com\/senoticias1\">Facebook<\/a><\/strong><strong>\u00a0<\/strong><strong>e no<\/strong><a href=\"https:\/\/www.instagram.com\/senoticias\/\"><strong>\u00a0<\/strong><strong>Instagram<\/strong><\/a><\/em><\/p>\n<p><strong>Assessoria de Imprensa<br \/>\n<\/strong><em>Senador Eduardo Amorim (PSC-SE)<\/em><\/p>\n","protected":false},"excerpt":{"rendered":"<p>Prefeitos eleitos e reeleitos dos estados do Nordeste participam de 7 a 11, em Bras\u00edlia, no Centro Internacional de Conven\u00e7\u00f5es do Brasil (CICB) do Semin\u00e1rio Novos Gestores, promovido pela Confedera\u00e7\u00e3o Nacional de Munic\u00edpios (CNM). O senador Eduardo Amorim (PSC-SE) esteve no evento na tarde da quinta-feira, 10. Segundo ele, a CNM \u00e9 um guia interessante [&hellip;]<\/p>\n","protected":false},"author":2,"featured_media":97874,"comment_status":"closed","ping_status":"closed","sticky":false,"template":"","format":"standard","meta":{"footnotes":""},"categories":[15],"tags":[],"class_list":{"0":"post-97873","1":"post","2":"type-post","3":"status-publish","4":"format-standard","5":"has-post-thumbnail","7":"category-destaques"},"_links":{"self":[{"href":"https:\/\/senoticias.com.br\/se\/wp-json\/wp\/v2\/posts\/97873"}],"collection":[{"href":"https:\/\/senoticias.com.br\/se\/wp-json\/wp\/v2\/posts"}],"about":[{"href":"https:\/\/senoticias.com.br\/se\/wp-json\/wp\/v2\/types\/post"}],"author":[{"embeddable":true,"href":"https:\/\/senoticias.com.br\/se\/wp-json\/wp\/v2\/users\/2"}],"replies":[{"embeddable":true,"href":"https:\/\/senoticias.com.br\/se\/wp-json\/wp\/v2\/comments?post=97873"}],"version-history":[{"count":0,"href":"https:\/\/senoticias.com.br\/se\/wp-json\/wp\/v2\/posts\/97873\/revisions"}],"wp:featuredmedia":[{"embeddable":true,"href":"https:\/\/senoticias.com.br\/se\/wp-json\/wp\/v2\/media\/97874"}],"wp:attachment":[{"href":"https:\/\/senoticias.com.br\/se\/wp-json\/wp\/v2\/media?parent=97873"}],"wp:term":[{"taxonomy":"category","embeddable":true,"href":"https:\/\/senoticias.com.br\/se\/wp-json\/wp\/v2\/categories?post=97873"},{"taxonomy":"post_tag","embeddable":true,"href":"https:\/\/senoticias.com.br\/se\/wp-json\/wp\/v2\/tags?post=97873"}],"curies":[{"name":"wp","href":"https:\/\/api.w.org\/{rel}","templated":true}]}}