{"id":97870,"date":"2016-11-11T06:42:54","date_gmt":"2016-11-11T09:42:54","guid":{"rendered":"http:\/\/senoticias.com.br\/se\/?p=97870"},"modified":"2016-11-12T18:36:05","modified_gmt":"2016-11-12T21:36:05","slug":"ministro-da-justica-apresenta-plano-nacional-de-seguranca-a-secretarios","status":"publish","type":"post","link":"https:\/\/senoticias.com.br\/se\/ministro-da-justica-apresenta-plano-nacional-de-seguranca-a-secretarios\/","title":{"rendered":"Ministro da Justi\u00e7a apresenta Plano Nacional de Seguran\u00e7a a secret\u00e1rios"},"content":{"rendered":"<div id=\"attachment_97871\" style=\"width: 426px\" class=\"wp-caption alignright\"><img loading=\"lazy\" decoding=\"async\" aria-describedby=\"caption-attachment-97871\" class=\"size-full wp-image-97871\" src=\"http:\/\/senoticias.com.br\/se\/wp-content\/uploads\/2016\/11\/Joao-Batista-SE-Noticias.jpeg\" alt=\"Secret\u00e1rio Jo\u00e3o Batista defendeu ajustes no processo penal e mais leis que protejam a atividade policial \" width=\"416\" height=\"625\" srcset=\"https:\/\/senoticias.com.br\/se\/wp-content\/uploads\/2016\/11\/Joao-Batista-SE-Noticias.jpeg 416w, https:\/\/senoticias.com.br\/se\/wp-content\/uploads\/2016\/11\/Joao-Batista-SE-Noticias-200x300.jpeg 200w\" sizes=\"(max-width: 416px) 100vw, 416px\" \/><p id=\"caption-attachment-97871\" class=\"wp-caption-text\">Secret\u00e1rio Jo\u00e3o Batista defendeu ajustes no processo penal e mais leis que protejam a atividade policial. (Foto: Jota Eur\u00edpedes SSP\/GO)<\/p><\/div>\n<p style=\"text-align: justify;\">Teve in\u00edcio nesta quinta-feira (10\/11), em Goi\u00e2nia, a 64\u00aa Reuni\u00e3o do Col\u00e9gio Nacional de Secret\u00e1rios de Seguran\u00e7a P\u00fablica (Consesp). Secret\u00e1rios e operadores de seguran\u00e7a que discutir\u00e3o medidas efetivas contra a criminalidade nos estados membros.<\/p>\n<p style=\"text-align: justify;\">O secret\u00e1rio da Seguran\u00e7a P\u00fablica de Sergipe, Jo\u00e3o Batista Santos J\u00fanior, conheceu os \u00faltimos detalhes do Plano Nacional de Seguran\u00e7a P\u00fablica, que ser\u00e1 institu\u00eddo no pa\u00eds para a redu\u00e7\u00e3o dos crimes violentos. No encontro, o secret\u00e1rio sergipano defendeu que o Congresso Nacional institua medidas legislativas para a prote\u00e7\u00e3o dos servidores de Seguran\u00e7a P\u00fablica.<\/p>\n<p style=\"text-align: justify;\">Jo\u00e3o Batista ainda refor\u00e7ou a necessidade de mudan\u00e7as no C\u00f3digo de Processo Penal para, por exemplo, definir novas regras para a progress\u00e3o do regime de penas no sistema prisional e ainda que o processo penal defina crit\u00e9rios muito mais r\u00edgidos para a concess\u00e3o de penas alternativas, a exemplo do uso de tornozeleiras eletr\u00f4nicas nos casos de crimes com viol\u00eancia, como roubos, latroc\u00ednios e homic\u00eddios.<\/p>\n<p style=\"text-align: justify;\">O Plano Nacional foi apresentado pelo ministro da Justi\u00e7a, Alexandre de Moraes; acompanhado pela presidente do Supremo Tribunal Federal, ministra Carmem L\u00facia.<\/p>\n<p style=\"text-align: justify;\">Al\u00e9m de discutir principalmente o novo Plano Nacional de Seguran\u00e7a P\u00fablica, a ideia \u00e9 definir a\u00e7\u00f5es efetivas de redu\u00e7\u00e3o das mortes violentas para 2017. Desde maio, que o estado de Sergipe discute com o Minist\u00e9rio da Justi\u00e7a e Cidadania alternativas para diminuir as taxas de homic\u00eddios no estado. Tamb\u00e9m \u00e9 discutida a reestrutura\u00e7\u00e3o do sistema penitenci\u00e1rio.<\/p>\n<p style=\"text-align: justify;\">Os eventos ocorrem simultaneamente e servem para analisar os resultados obtidos at\u00e9 o momento com o trabalho integrado das for\u00e7as dos estados e da Pol\u00edcia Federal. Para Jo\u00e3o Batista, o apoio do Governo Federal \u00e9 estrat\u00e9gico para diminuir os crimes violentos em Sergipe e acelerar as medidas de integra\u00e7\u00e3o entre os estados, principalmente dos sistemas de intelig\u00eancia.<\/p>\n<p style=\"text-align: justify;\">A partir de an\u00e1lises das a\u00e7\u00f5es desenvolvidas de forma cooperativa entre as unidades da Federa\u00e7\u00e3o, profissionais de diversos estados apresentar\u00e3o as metas e estrat\u00e9gias a serem adotadas para o combate \u00e0 criminalidade nas diversas \u00e1reas. As propostas aprovadas pelos secret\u00e1rios, que ser\u00e3o deliberadas pelos operadores de seguran\u00e7a p\u00fablica durante todo o evento, ir\u00e3o constar da segunda Carta de Goi\u00e2nia.<\/p>\n<p style=\"text-align: justify;\"><em><strong>Acompanhe tamb\u00e9m o SE Not\u00edcias no<\/strong><strong>\u00a0<\/strong><strong><a href=\"https:\/\/twitter.com\/Senoticias\">Twitter<\/a>,<\/strong><strong>\u00a0<\/strong><strong><a href=\"https:\/\/www.facebook.com\/senoticias1\">Facebook<\/a><\/strong><strong>\u00a0<\/strong><strong>e no<\/strong><a href=\"https:\/\/www.instagram.com\/senoticias\/\"><strong>\u00a0<\/strong><strong>Instagram<\/strong><\/a><\/em><\/p>\n<p style=\"text-align: justify;\"><img loading=\"lazy\" decoding=\"async\" class=\"aligncenter size-full wp-image-97770\" src=\"http:\/\/senoticias.com.br\/se\/wp-content\/uploads\/2016\/11\/Logo-fone-1-2-1.jpg\" alt=\"logo-fone-1-2-1\" width=\"599\" height=\"78\" srcset=\"https:\/\/senoticias.com.br\/se\/wp-content\/uploads\/2016\/11\/Logo-fone-1-2-1.jpg 599w, https:\/\/senoticias.com.br\/se\/wp-content\/uploads\/2016\/11\/Logo-fone-1-2-1-300x39.jpg 300w\" sizes=\"(max-width: 599px) 100vw, 599px\" \/><\/p>\n<p style=\"text-align: justify;\"><em>Ascom\/SSP\/SE<\/em><\/p>\n","protected":false},"excerpt":{"rendered":"<p>Teve in\u00edcio nesta quinta-feira (10\/11), em Goi\u00e2nia, a 64\u00aa Reuni\u00e3o do Col\u00e9gio Nacional de Secret\u00e1rios de Seguran\u00e7a P\u00fablica (Consesp). Secret\u00e1rios e operadores de seguran\u00e7a que discutir\u00e3o medidas efetivas contra a criminalidade nos estados membros. O secret\u00e1rio da Seguran\u00e7a P\u00fablica de Sergipe, Jo\u00e3o Batista Santos J\u00fanior, conheceu os \u00faltimos detalhes do Plano Nacional de Seguran\u00e7a P\u00fablica, [&hellip;]<\/p>\n","protected":false},"author":2,"featured_media":97871,"comment_status":"closed","ping_status":"closed","sticky":false,"template":"","format":"standard","meta":{"footnotes":""},"categories":[7],"tags":[],"class_list":{"0":"post-97870","1":"post","2":"type-post","3":"status-publish","4":"format-standard","5":"has-post-thumbnail","7":"category-policia"},"_links":{"self":[{"href":"https:\/\/senoticias.com.br\/se\/wp-json\/wp\/v2\/posts\/97870"}],"collection":[{"href":"https:\/\/senoticias.com.br\/se\/wp-json\/wp\/v2\/posts"}],"about":[{"href":"https:\/\/senoticias.com.br\/se\/wp-json\/wp\/v2\/types\/post"}],"author":[{"embeddable":true,"href":"https:\/\/senoticias.com.br\/se\/wp-json\/wp\/v2\/users\/2"}],"replies":[{"embeddable":true,"href":"https:\/\/senoticias.com.br\/se\/wp-json\/wp\/v2\/comments?post=97870"}],"version-history":[{"count":0,"href":"https:\/\/senoticias.com.br\/se\/wp-json\/wp\/v2\/posts\/97870\/revisions"}],"wp:featuredmedia":[{"embeddable":true,"href":"https:\/\/senoticias.com.br\/se\/wp-json\/wp\/v2\/media\/97871"}],"wp:attachment":[{"href":"https:\/\/senoticias.com.br\/se\/wp-json\/wp\/v2\/media?parent=97870"}],"wp:term":[{"taxonomy":"category","embeddable":true,"href":"https:\/\/senoticias.com.br\/se\/wp-json\/wp\/v2\/categories?post=97870"},{"taxonomy":"post_tag","embeddable":true,"href":"https:\/\/senoticias.com.br\/se\/wp-json\/wp\/v2\/tags?post=97870"}],"curies":[{"name":"wp","href":"https:\/\/api.w.org\/{rel}","templated":true}]}}