{"id":97867,"date":"2016-11-10T16:45:50","date_gmt":"2016-11-10T19:45:50","guid":{"rendered":"http:\/\/senoticias.com.br\/se\/?p=97867"},"modified":"2016-11-10T16:49:32","modified_gmt":"2016-11-10T19:49:32","slug":"tce-faz-nova-avaliacao-dos-portais-da-transparencia-nos-proximos-dias-16-e-17","status":"publish","type":"post","link":"https:\/\/senoticias.com.br\/se\/tce-faz-nova-avaliacao-dos-portais-da-transparencia-nos-proximos-dias-16-e-17\/","title":{"rendered":"TCE faz nova avalia\u00e7\u00e3o dos Portais da Transpar\u00eancia nos pr\u00f3ximos dias 16 e 17"},"content":{"rendered":"<p style=\"text-align: justify;\">A pr\u00f3xima rodada de avalia\u00e7\u00e3o dos Portais de Transpar\u00eancia de todos os munic\u00edpios sergipanos vai acontecer nos dias 16 e 17 deste m\u00eas. A divulga\u00e7\u00e3o do resultado, provavelmente o pen\u00faltimo do ano, ser\u00e1 na sess\u00e3o do Pleno do dia 24. A informa\u00e7\u00e3o \u00e9 do diretor de Controle Externo de Obras e Servi\u00e7os do TCE\/SE, Adir Machado.<\/p>\n<div id=\"attachment_97868\" style=\"width: 510px\" class=\"wp-caption aligncenter\"><img loading=\"lazy\" decoding=\"async\" aria-describedby=\"caption-attachment-97868\" class=\"size-full wp-image-97868\" src=\"http:\/\/senoticias.com.br\/se\/wp-content\/uploads\/2016\/11\/Avaliacao-da-transparencia-SE-Noticias.jpg\" alt=\"Diretor de Controle Externo de Obras e Servi\u00e7os do TCE\/SE, Adir Machado. (Foto: Cleverton Ribeiro\/TCE)\" width=\"500\" height=\"333\" srcset=\"https:\/\/senoticias.com.br\/se\/wp-content\/uploads\/2016\/11\/Avaliacao-da-transparencia-SE-Noticias.jpg 500w, https:\/\/senoticias.com.br\/se\/wp-content\/uploads\/2016\/11\/Avaliacao-da-transparencia-SE-Noticias-300x200.jpg 300w, https:\/\/senoticias.com.br\/se\/wp-content\/uploads\/2016\/11\/Avaliacao-da-transparencia-SE-Noticias-90x60.jpg 90w, https:\/\/senoticias.com.br\/se\/wp-content\/uploads\/2016\/11\/Avaliacao-da-transparencia-SE-Noticias-180x120.jpg 180w, https:\/\/senoticias.com.br\/se\/wp-content\/uploads\/2016\/11\/Avaliacao-da-transparencia-SE-Noticias-95x64.jpg 95w\" sizes=\"(max-width: 500px) 100vw, 500px\" \/><p id=\"caption-attachment-97868\" class=\"wp-caption-text\">Diretor de Controle Externo de Obras e Servi\u00e7os do TCE\/SE, Adir Machado. (Foto: Cleverton Ribeiro\/TCE)<\/p><\/div>\n<p style=\"text-align: justify;\">Depois que os munic\u00edpios passaram a assinar Termos de Ajustamento de Gest\u00e3o com o Tribunal de Contas, se comprometendo a implantar ou melhorar seus Portais de Transpar\u00eancia, a nota m\u00e9dia de Sergipe subiu de 2,2 para 3,7 e, mais recentemente, para 5,1. A avalia\u00e7\u00e3o \u00e9 do Minist\u00e9rio P\u00fablico Federal.<\/p>\n<p style=\"text-align: justify;\">At\u00e9 esta quinta-feira, 10, cerca de 90% dos munic\u00edpios sergipanos haviam assinado os TAGs. Mas seis munic\u00edpios ainda tinham nota zero, ou seja, n\u00e3o possu\u00edam portais instalados.<\/p>\n<p style=\"text-align: justify;\">\u201cNesse intervalo, percebemos munic\u00edpios com dificuldades t\u00e9cnicas, por isso o TCE disponibiliza sua equipe t\u00e9cnica para orientar os gestores como implantar ou melhorar seus portais\u201d, disse o diretor da DCEOS, Adir Machado.<\/p>\n<p style=\"text-align: justify;\">Por n\u00e3o cumprirem o m\u00ednimo exigido pela legisla\u00e7\u00e3o referente \u00e0 transpar\u00eancia e nem terem assinado TAG com o Tribunal de Contas, os munic\u00edpios ficam sujeitos \u00e0 suspens\u00e3o de transfer\u00eancias volunt\u00e1rias e os prefeitos podem responder por ato de improbidade administrativa.<\/p>\n<p style=\"text-align: justify;\">O relat\u00f3rio da Corte de Contas utiliza par\u00e2metros indicados pela Estrat\u00e9gia Nacional de Combate \u00e0 Corrup\u00e7\u00e3o e \u00e0 Lavagem de Dinheiro (Enccla), do Minist\u00e9rio da Justi\u00e7a, que considera crit\u00e9rios como a publica\u00e7\u00e3o de receitas e despesas, dados sobre licita\u00e7\u00f5es e contratos e tamb\u00e9m a divulga\u00e7\u00e3o da remunera\u00e7\u00e3o individualizada do agente p\u00fablico, entre outros.<\/p>\n<p style=\"text-align: justify;\"><img loading=\"lazy\" decoding=\"async\" class=\"aligncenter size-full wp-image-97770\" src=\"http:\/\/senoticias.com.br\/se\/wp-content\/uploads\/2016\/11\/Logo-fone-1-2-1.jpg\" alt=\"logo-fone-1-2-1\" width=\"599\" height=\"78\" srcset=\"https:\/\/senoticias.com.br\/se\/wp-content\/uploads\/2016\/11\/Logo-fone-1-2-1.jpg 599w, https:\/\/senoticias.com.br\/se\/wp-content\/uploads\/2016\/11\/Logo-fone-1-2-1-300x39.jpg 300w\" sizes=\"(max-width: 599px) 100vw, 599px\" \/><\/p>\n<p style=\"text-align: justify;\"><em><strong>Acompanhe tamb\u00e9m o SE Not\u00edcias no<\/strong><strong>\u00a0<\/strong><strong><a href=\"https:\/\/twitter.com\/Senoticias\">Twitter<\/a>,<\/strong><strong>\u00a0<\/strong><strong><a href=\"https:\/\/www.facebook.com\/senoticias1\">Facebook<\/a><\/strong><strong>\u00a0<\/strong><strong>e no<\/strong><a href=\"https:\/\/www.instagram.com\/senoticias\/\"><strong>\u00a0<\/strong><strong>Instagram<\/strong><\/a><\/em><\/p>\n<p style=\"text-align: justify;\"><em><strong>Ascom\/TCE\/SE<\/strong><\/em><\/p>\n","protected":false},"excerpt":{"rendered":"<p>A pr\u00f3xima rodada de avalia\u00e7\u00e3o dos Portais de Transpar\u00eancia de todos os munic\u00edpios sergipanos vai acontecer nos dias 16 e 17 deste m\u00eas. A divulga\u00e7\u00e3o do resultado, provavelmente o pen\u00faltimo do ano, ser\u00e1 na sess\u00e3o do Pleno do dia 24. A informa\u00e7\u00e3o \u00e9 do diretor de Controle Externo de Obras e Servi\u00e7os do TCE\/SE, Adir [&hellip;]<\/p>\n","protected":false},"author":2,"featured_media":97868,"comment_status":"closed","ping_status":"closed","sticky":false,"template":"","format":"standard","meta":{"footnotes":""},"categories":[6],"tags":[],"class_list":{"0":"post-97867","1":"post","2":"type-post","3":"status-publish","4":"format-standard","5":"has-post-thumbnail","7":"category-politica"},"_links":{"self":[{"href":"https:\/\/senoticias.com.br\/se\/wp-json\/wp\/v2\/posts\/97867"}],"collection":[{"href":"https:\/\/senoticias.com.br\/se\/wp-json\/wp\/v2\/posts"}],"about":[{"href":"https:\/\/senoticias.com.br\/se\/wp-json\/wp\/v2\/types\/post"}],"author":[{"embeddable":true,"href":"https:\/\/senoticias.com.br\/se\/wp-json\/wp\/v2\/users\/2"}],"replies":[{"embeddable":true,"href":"https:\/\/senoticias.com.br\/se\/wp-json\/wp\/v2\/comments?post=97867"}],"version-history":[{"count":0,"href":"https:\/\/senoticias.com.br\/se\/wp-json\/wp\/v2\/posts\/97867\/revisions"}],"wp:featuredmedia":[{"embeddable":true,"href":"https:\/\/senoticias.com.br\/se\/wp-json\/wp\/v2\/media\/97868"}],"wp:attachment":[{"href":"https:\/\/senoticias.com.br\/se\/wp-json\/wp\/v2\/media?parent=97867"}],"wp:term":[{"taxonomy":"category","embeddable":true,"href":"https:\/\/senoticias.com.br\/se\/wp-json\/wp\/v2\/categories?post=97867"},{"taxonomy":"post_tag","embeddable":true,"href":"https:\/\/senoticias.com.br\/se\/wp-json\/wp\/v2\/tags?post=97867"}],"curies":[{"name":"wp","href":"https:\/\/api.w.org\/{rel}","templated":true}]}}