{"id":97865,"date":"2016-11-10T16:38:26","date_gmt":"2016-11-10T19:38:26","guid":{"rendered":"http:\/\/senoticias.com.br\/se\/?p=97865"},"modified":"2016-11-10T16:38:55","modified_gmt":"2016-11-10T19:38:55","slug":"dois-irmaos-sao-assassinados-em-areia-branca","status":"publish","type":"post","link":"https:\/\/senoticias.com.br\/se\/dois-irmaos-sao-assassinados-em-areia-branca\/","title":{"rendered":"Dois irm\u00e3os s\u00e3o assassinados em Areia Branca"},"content":{"rendered":"<div id=\"attachment_97866\" style=\"width: 360px\" class=\"wp-caption alignright\"><img loading=\"lazy\" decoding=\"async\" aria-describedby=\"caption-attachment-97866\" class=\"size-full wp-image-97866\" src=\"http:\/\/senoticias.com.br\/se\/wp-content\/uploads\/2016\/11\/Duplo-homic\u00eddio-em-Areia-Branca-SE-noticias.jpg\" alt=\"Os dois irm\u00e3os foram assassinados por volta das 20h, em Areia Branca. (Foto: Redes Sociais)\" width=\"350\" height=\"250\" srcset=\"https:\/\/senoticias.com.br\/se\/wp-content\/uploads\/2016\/11\/Duplo-homic\u00eddio-em-Areia-Branca-SE-noticias.jpg 350w, https:\/\/senoticias.com.br\/se\/wp-content\/uploads\/2016\/11\/Duplo-homic\u00eddio-em-Areia-Branca-SE-noticias-300x214.jpg 300w\" sizes=\"(max-width: 350px) 100vw, 350px\" \/><p id=\"caption-attachment-97866\" class=\"wp-caption-text\">Os dois irm\u00e3os foram assassinados por volta das 20h, em Areia Branca. (Foto: Redes Sociais)<\/p><\/div>\n<p style=\"text-align: justify;\">Na noite de quarta-feira (09), policiais do Destacamento Policial, vinculado \u00e0 da 1.\u00aa Companhia do 3.\u00ba Batalh\u00e3o de Pol\u00edcia Militar (1.\u00aa Companhia\/3.\u00ba BPM), foram acionados para atender uma ocorr\u00eancia de duplo homic\u00eddio registrado na cidade de Areia Branca, no Agreste Central Sergipano.<\/p>\n<p style=\"text-align: justify;\">O fato ocorreu na Travessa Manoel Prado por volta das 20 horas, onde os irm\u00e3os Jos\u00e9 Rodrigo Feitosa Santos de 21 anos e Thiago Feitosa dos Santos de 16 anos foram assassinados por disparos de arma de fogo, provavelmente escopeta calibre 12.<\/p>\n<p style=\"text-align: justify;\">Os jovens encontravam-se deitados em um c\u00f4modo do im\u00f3vel, inclusive um deles foi morto em cima de uma cama e Rodrigo s\u00f3 foi morto porque tentou impedir que os criminosos assassinassem seu irm\u00e3o. O caso ser\u00e1 investigado pela Pol\u00edcia Civil.<\/p>\n<p style=\"text-align: justify;\"><img loading=\"lazy\" decoding=\"async\" class=\"aligncenter size-full wp-image-97770\" src=\"http:\/\/senoticias.com.br\/se\/wp-content\/uploads\/2016\/11\/Logo-fone-1-2-1.jpg\" alt=\"logo-fone-1-2-1\" width=\"599\" height=\"78\" srcset=\"https:\/\/senoticias.com.br\/se\/wp-content\/uploads\/2016\/11\/Logo-fone-1-2-1.jpg 599w, https:\/\/senoticias.com.br\/se\/wp-content\/uploads\/2016\/11\/Logo-fone-1-2-1-300x39.jpg 300w\" sizes=\"(max-width: 599px) 100vw, 599px\" \/><\/p>\n<p style=\"text-align: justify;\"><em><strong>Acompanhe tamb\u00e9m o SE Not\u00edcias no<\/strong><strong>\u00a0<\/strong><strong><a href=\"https:\/\/twitter.com\/Senoticias\">Twitter<\/a>,<\/strong><strong>\u00a0<\/strong><strong><a href=\"https:\/\/www.facebook.com\/senoticias1\">Facebook<\/a><\/strong><strong>\u00a0<\/strong><strong>e no<\/strong><a href=\"https:\/\/www.instagram.com\/senoticias\/\"><strong>\u00a0<\/strong><strong>Instagram<\/strong><\/a><\/em><\/p>\n<p style=\"text-align: justify;\"><em>Informa\u00e7\u00f5es de Gilson de Oliveira, Itnet<\/em><\/p>\n","protected":false},"excerpt":{"rendered":"<p>Na noite de quarta-feira (09), policiais do Destacamento Policial, vinculado \u00e0 da 1.\u00aa Companhia do 3.\u00ba Batalh\u00e3o de Pol\u00edcia Militar (1.\u00aa Companhia\/3.\u00ba BPM), foram acionados para atender uma ocorr\u00eancia de duplo homic\u00eddio registrado na cidade de Areia Branca, no Agreste Central Sergipano. O fato ocorreu na Travessa Manoel Prado por volta das 20 horas, onde [&hellip;]<\/p>\n","protected":false},"author":2,"featured_media":97866,"comment_status":"closed","ping_status":"closed","sticky":false,"template":"","format":"standard","meta":{"footnotes":""},"categories":[15],"tags":[],"class_list":{"0":"post-97865","1":"post","2":"type-post","3":"status-publish","4":"format-standard","5":"has-post-thumbnail","7":"category-destaques"},"_links":{"self":[{"href":"https:\/\/senoticias.com.br\/se\/wp-json\/wp\/v2\/posts\/97865"}],"collection":[{"href":"https:\/\/senoticias.com.br\/se\/wp-json\/wp\/v2\/posts"}],"about":[{"href":"https:\/\/senoticias.com.br\/se\/wp-json\/wp\/v2\/types\/post"}],"author":[{"embeddable":true,"href":"https:\/\/senoticias.com.br\/se\/wp-json\/wp\/v2\/users\/2"}],"replies":[{"embeddable":true,"href":"https:\/\/senoticias.com.br\/se\/wp-json\/wp\/v2\/comments?post=97865"}],"version-history":[{"count":0,"href":"https:\/\/senoticias.com.br\/se\/wp-json\/wp\/v2\/posts\/97865\/revisions"}],"wp:featuredmedia":[{"embeddable":true,"href":"https:\/\/senoticias.com.br\/se\/wp-json\/wp\/v2\/media\/97866"}],"wp:attachment":[{"href":"https:\/\/senoticias.com.br\/se\/wp-json\/wp\/v2\/media?parent=97865"}],"wp:term":[{"taxonomy":"category","embeddable":true,"href":"https:\/\/senoticias.com.br\/se\/wp-json\/wp\/v2\/categories?post=97865"},{"taxonomy":"post_tag","embeddable":true,"href":"https:\/\/senoticias.com.br\/se\/wp-json\/wp\/v2\/tags?post=97865"}],"curies":[{"name":"wp","href":"https:\/\/api.w.org\/{rel}","templated":true}]}}