{"id":97862,"date":"2016-11-10T15:50:03","date_gmt":"2016-11-10T18:50:03","guid":{"rendered":"http:\/\/senoticias.com.br\/se\/?p=97862"},"modified":"2016-11-10T15:58:27","modified_gmt":"2016-11-10T18:58:27","slug":"campanha-papai-noel-dos-correios-sera-aberta-em-sergipe","status":"publish","type":"post","link":"https:\/\/senoticias.com.br\/se\/campanha-papai-noel-dos-correios-sera-aberta-em-sergipe\/","title":{"rendered":"Campanha Papai Noel dos Correios ser\u00e1 aberta em Sergipe"},"content":{"rendered":"<p style=\"text-align: justify;\">No pr\u00f3ximo dia 17, a Campanha Papai Noel dos Correios 2016 ser\u00e1 aberta em Sergipe, quando ter\u00e1 in\u00edcio a ado\u00e7\u00e3o das cartinhas com pedidos de presentes enviadas ao Bom Velhinho por crian\u00e7as de todo o estado. A cerim\u00f4nia de lan\u00e7amento acontece \u00e0s 14h30, na Ag\u00eancia Central dos Correios, em Aracaju.<\/p>\n<div id=\"attachment_97864\" style=\"width: 466px\" class=\"wp-caption aligncenter\"><img loading=\"lazy\" decoding=\"async\" aria-describedby=\"caption-attachment-97864\" class=\"size-full wp-image-97864\" src=\"http:\/\/senoticias.com.br\/se\/wp-content\/uploads\/2016\/11\/Papai-Noel-dos-Correios-SE-Noticias.jpg\" alt=\"Este ano, diferentemente das edi\u00e7\u00f5es anteriores, s\u00f3 ser\u00e3o aceitas cartas encaminhadas por escolas p\u00fablicas, creches e abrigos., (Foto: arquivo\/Correios)\" width=\"456\" height=\"327\" srcset=\"https:\/\/senoticias.com.br\/se\/wp-content\/uploads\/2016\/11\/Papai-Noel-dos-Correios-SE-Noticias.jpg 456w, https:\/\/senoticias.com.br\/se\/wp-content\/uploads\/2016\/11\/Papai-Noel-dos-Correios-SE-Noticias-300x215.jpg 300w\" sizes=\"(max-width: 456px) 100vw, 456px\" \/><p id=\"caption-attachment-97864\" class=\"wp-caption-text\">Este ano, diferentemente das edi\u00e7\u00f5es anteriores, s\u00f3 ser\u00e3o aceitas cartas encaminhadas por escolas p\u00fablicas, creches e abrigos., (Foto: arquivo\/Correios)<\/p><\/div>\n<p style=\"text-align: justify;\">Na ocasi\u00e3o, institui\u00e7\u00f5es sem fins lucrativos que atendem crian\u00e7as em situa\u00e7\u00e3o de vulnerabilidade social v\u00e3o receber os presentes que n\u00e3o puderam ser entregues na edi\u00e7\u00e3o de 2015 do Papai Noel dos Correios, por problemas no endere\u00e7amento das cartas ou porque os destinat\u00e1rios n\u00e3o foram encontrados.<\/p>\n<p style=\"text-align: justify;\">Tamb\u00e9m haver\u00e1 apresenta\u00e7\u00f5es dos corais dos Correios e da APAE, al\u00e9m da entrega de certificados \u00e0s institui\u00e7\u00f5es parceiras da campanha. A programa\u00e7\u00e3o conta ainda com o lan\u00e7amento dos tradicionais selos de Natal.<\/p>\n<p style=\"text-align: justify;\">No ano passado, gra\u00e7as \u00e0 participa\u00e7\u00e3o de entidades p\u00fablicas, empresas privadas e da sociedade em geral, mais de 4 mil cartinhas foram apadrinhadas, o que garantiu que meninas e meninos de todos os cantos de Sergipe realizassem sonhos e tivessem um Natal mais feliz.<\/p>\n<p><strong>Como funciona<\/strong><\/p>\n<p style=\"text-align: justify;\">Em todo o Brasil, as cartas escritas pelas crian\u00e7as s\u00e3o lidas e selecionadas.\u00a0As que atendem aos crit\u00e9rios da campanha s\u00e3o disponibilizadas para ado\u00e7\u00e3o. Este ano, diferentemente das edi\u00e7\u00f5es anteriores, s\u00f3 ser\u00e3o aceitas cartas encaminhadas por escolas p\u00fablicas, creches e abrigos. Podem participar crian\u00e7as matriculadas at\u00e9 o 5\u00ba ano do ensino fundamental.<\/p>\n<p style=\"text-align: justify;\">As cartas devem estar em envelope com nome e endere\u00e7o completo da escola. N\u00e3o \u00e9 necess\u00e1rio selar. O destinat\u00e1rio \u00e9 o Papai Noel dos Correios. S\u00e3o aceitos pedidos de roupas, cal\u00e7ados, material escolar e brinquedos em geral. No texto da carta, a crian\u00e7a deve informar nome e idade, mas n\u00e3o pode escrever seu endere\u00e7o nem telefone, j\u00e1 que o contato direto com o padrinho n\u00e3o \u00e9 permitido.<\/p>\n<p style=\"text-align: justify;\">Para adotar uma cartinha, basta comparecer at\u00e9 15 de dezembro a um dos pontos de ado\u00e7\u00e3o, que em Aracaju estar\u00e3o funcionando nas ag\u00eancias Central e Shopping Riomar\/CEAC. O padrinho deve comprar o presente solicitado pela crian\u00e7a e entregar at\u00e9 16 de dezembro no ponto de ado\u00e7\u00e3o para que os Correios fa\u00e7am a entrega.<\/p>\n<p style=\"text-align: justify;\"><strong>N\u00fameros<\/strong><\/p>\n<p style=\"text-align: justify;\">Realizada h\u00e1 27 anos, a campanha busca atender, sempre que poss\u00edvel, aos pedidos de presentes de crian\u00e7as que se encontram em situa\u00e7\u00e3o de vulnerabilidade social. Desde 2010, os Correios estabeleceram parcerias com escolas p\u00fablicas, creches e abrigos, onde a campanha tamb\u00e9m tem como objetivo auxiliar no desenvolvimento da habilidade de reda\u00e7\u00e3o de carta, endere\u00e7amento e uso do CEP.<\/p>\n<p style=\"text-align: justify;\">Nos \u00faltimos tr\u00eas anos, em todo o pa\u00eds, foram recebidos mais de 2,8 milh\u00f5es de cartas destinadas ao Papai Noel dos Correios. Desse total, 1,9 milh\u00e3o atendiam aos crit\u00e9rios da campanha e mais de 80% foram adotadas, o que equivale a 1,5 milh\u00e3o de cartas.<\/p>\n<p><strong><em>Confira o cronograma da campanha Papai Noel dos Correios 2016:<\/em><\/strong><\/p>\n<p>17\/11 \u2013 Abertura da campanha<\/p>\n<p>02\/12 &#8211; Prazo final para o envio de cartas<\/p>\n<p>15\/12 &#8211; Prazo final para a ado\u00e7\u00e3o de cartas<\/p>\n<p>16\/12 &#8211; Prazo final para a entrega dos presentes nos pontos de ado\u00e7\u00e3o<\/p>\n<p><strong><em>Contato da coordena\u00e7\u00e3o da campanha:<\/em><\/strong><\/p>\n<p>(79) 2107-6104 &#8211; <a href=\"mailto:ascom-se@correios.com.br\">ascom-se@correios.com.br<\/a><\/p>\n<p><img loading=\"lazy\" decoding=\"async\" class=\"aligncenter size-full wp-image-97770\" src=\"http:\/\/senoticias.com.br\/se\/wp-content\/uploads\/2016\/11\/Logo-fone-1-2-1.jpg\" alt=\"logo-fone-1-2-1\" width=\"599\" height=\"78\" srcset=\"https:\/\/senoticias.com.br\/se\/wp-content\/uploads\/2016\/11\/Logo-fone-1-2-1.jpg 599w, https:\/\/senoticias.com.br\/se\/wp-content\/uploads\/2016\/11\/Logo-fone-1-2-1-300x39.jpg 300w\" sizes=\"(max-width: 599px) 100vw, 599px\" \/><\/p>\n<p><em><strong>Acompanhe tamb\u00e9m o SE Not\u00edcias no<\/strong><strong>\u00a0<\/strong><strong><a href=\"https:\/\/twitter.com\/Senoticias\">Twitter<\/a>,<\/strong><strong>\u00a0<\/strong><strong><a href=\"https:\/\/www.facebook.com\/senoticias1\">Facebook<\/a><\/strong><strong>\u00a0<\/strong><strong>e no<\/strong><a href=\"https:\/\/www.instagram.com\/senoticias\/\"><strong>\u00a0<\/strong><strong>Instagram<\/strong><\/a><\/em><\/p>\n<p><strong>Ascom\/Correios\/SE<\/strong><\/p>\n","protected":false},"excerpt":{"rendered":"<p>No pr\u00f3ximo dia 17, a Campanha Papai Noel dos Correios 2016 ser\u00e1 aberta em Sergipe, quando ter\u00e1 in\u00edcio a ado\u00e7\u00e3o das cartinhas com pedidos de presentes enviadas ao Bom Velhinho por crian\u00e7as de todo o estado. A cerim\u00f4nia de lan\u00e7amento acontece \u00e0s 14h30, na Ag\u00eancia Central dos Correios, em Aracaju. Na ocasi\u00e3o, institui\u00e7\u00f5es sem fins [&hellip;]<\/p>\n","protected":false},"author":2,"featured_media":97864,"comment_status":"closed","ping_status":"closed","sticky":false,"template":"","format":"standard","meta":{"footnotes":""},"categories":[45],"tags":[],"class_list":{"0":"post-97862","1":"post","2":"type-post","3":"status-publish","4":"format-standard","5":"has-post-thumbnail","7":"category-tecnologia"},"_links":{"self":[{"href":"https:\/\/senoticias.com.br\/se\/wp-json\/wp\/v2\/posts\/97862"}],"collection":[{"href":"https:\/\/senoticias.com.br\/se\/wp-json\/wp\/v2\/posts"}],"about":[{"href":"https:\/\/senoticias.com.br\/se\/wp-json\/wp\/v2\/types\/post"}],"author":[{"embeddable":true,"href":"https:\/\/senoticias.com.br\/se\/wp-json\/wp\/v2\/users\/2"}],"replies":[{"embeddable":true,"href":"https:\/\/senoticias.com.br\/se\/wp-json\/wp\/v2\/comments?post=97862"}],"version-history":[{"count":0,"href":"https:\/\/senoticias.com.br\/se\/wp-json\/wp\/v2\/posts\/97862\/revisions"}],"wp:featuredmedia":[{"embeddable":true,"href":"https:\/\/senoticias.com.br\/se\/wp-json\/wp\/v2\/media\/97864"}],"wp:attachment":[{"href":"https:\/\/senoticias.com.br\/se\/wp-json\/wp\/v2\/media?parent=97862"}],"wp:term":[{"taxonomy":"category","embeddable":true,"href":"https:\/\/senoticias.com.br\/se\/wp-json\/wp\/v2\/categories?post=97862"},{"taxonomy":"post_tag","embeddable":true,"href":"https:\/\/senoticias.com.br\/se\/wp-json\/wp\/v2\/tags?post=97862"}],"curies":[{"name":"wp","href":"https:\/\/api.w.org\/{rel}","templated":true}]}}