{"id":97859,"date":"2016-11-10T15:20:53","date_gmt":"2016-11-10T18:20:53","guid":{"rendered":"http:\/\/senoticias.com.br\/se\/?p=97859"},"modified":"2016-11-10T15:20:53","modified_gmt":"2016-11-10T18:20:53","slug":"prefeitos-de-maruim-e-santo-amaro-das-brotas-em-brasilia","status":"publish","type":"post","link":"https:\/\/senoticias.com.br\/se\/prefeitos-de-maruim-e-santo-amaro-das-brotas-em-brasilia\/","title":{"rendered":"Prefeitos de Maruim e Santo Amaro das Brotas em Bras\u00edlia"},"content":{"rendered":"<p style=\"text-align: justify;\">At\u00e9 amanh\u00e3, sexta-feira (11), o prefeito de Maruim, Jeferson Santana, e o prefeito eleito do munic\u00edpio de Santo Amaro das Brotas, Genivaldo dos Anjos Costa Santos, o Dadau, participam do Semin\u00e1rio Novos Gestores 2017-2020, promovido pela Confedera\u00e7\u00e3o Nacional de Munic\u00edpios (CNM), no Centro Internacional de Conven\u00e7\u00f5es do Brasil, em Bras\u00edlia (DF). Na pauta, os novos desafios para a condu\u00e7\u00e3o dos munic\u00edpios brasileiros.<\/p>\n<div id=\"attachment_97860\" style=\"width: 609px\" class=\"wp-caption aligncenter\"><img loading=\"lazy\" decoding=\"async\" aria-describedby=\"caption-attachment-97860\" class=\"size-full wp-image-97860\" src=\"http:\/\/senoticias.com.br\/se\/wp-content\/uploads\/2016\/11\/Novos-gestores-SE-Noticias-e1478801893185.jpg\" alt=\"Prefeitos de Maruim e Santo Amaro das Brotas em Bras\u00edlia. (Foto:  Ascom\/Maruim)\" width=\"599\" height=\"337\" \/><p id=\"caption-attachment-97860\" class=\"wp-caption-text\">Prefeitos de Maruim e Santo Amaro das Brotas em Bras\u00edlia. (Foto: Ascom\/Maruim)<\/p><\/div>\n<p><img loading=\"lazy\" decoding=\"async\" class=\"aligncenter size-full wp-image-97770\" src=\"http:\/\/senoticias.com.br\/se\/wp-content\/uploads\/2016\/11\/Logo-fone-1-2-1.jpg\" alt=\"logo-fone-1-2-1\" width=\"599\" height=\"78\" srcset=\"https:\/\/senoticias.com.br\/se\/wp-content\/uploads\/2016\/11\/Logo-fone-1-2-1.jpg 599w, https:\/\/senoticias.com.br\/se\/wp-content\/uploads\/2016\/11\/Logo-fone-1-2-1-300x39.jpg 300w\" sizes=\"(max-width: 599px) 100vw, 599px\" \/><\/p>\n<p><em><strong>Acompanhe tamb\u00e9m o SE Not\u00edcias no<\/strong><strong>\u00a0<\/strong><strong><a href=\"https:\/\/twitter.com\/Senoticias\">Twitter<\/a>,<\/strong><strong>\u00a0<\/strong><strong><a href=\"https:\/\/www.facebook.com\/senoticias1\">Facebook<\/a><\/strong><strong>\u00a0<\/strong><strong>e no<\/strong><a href=\"https:\/\/www.instagram.com\/senoticias\/\"><strong>\u00a0<\/strong><strong>Instagram<\/strong><\/a><\/em><\/p>\n<p><em>Ascom\/Prefeitura de Maruim<\/em><\/p>\n","protected":false},"excerpt":{"rendered":"<p>At\u00e9 amanh\u00e3, sexta-feira (11), o prefeito de Maruim, Jeferson Santana, e o prefeito eleito do munic\u00edpio de Santo Amaro das Brotas, Genivaldo dos Anjos Costa Santos, o Dadau, participam do Semin\u00e1rio Novos Gestores 2017-2020, promovido pela Confedera\u00e7\u00e3o Nacional de Munic\u00edpios (CNM), no Centro Internacional de Conven\u00e7\u00f5es do Brasil, em Bras\u00edlia (DF). Na pauta, os novos [&hellip;]<\/p>\n","protected":false},"author":2,"featured_media":97860,"comment_status":"closed","ping_status":"closed","sticky":false,"template":"","format":"standard","meta":{"footnotes":""},"categories":[38],"tags":[],"class_list":{"0":"post-97859","1":"post","2":"type-post","3":"status-publish","4":"format-standard","5":"has-post-thumbnail","7":"category-municipios"},"_links":{"self":[{"href":"https:\/\/senoticias.com.br\/se\/wp-json\/wp\/v2\/posts\/97859"}],"collection":[{"href":"https:\/\/senoticias.com.br\/se\/wp-json\/wp\/v2\/posts"}],"about":[{"href":"https:\/\/senoticias.com.br\/se\/wp-json\/wp\/v2\/types\/post"}],"author":[{"embeddable":true,"href":"https:\/\/senoticias.com.br\/se\/wp-json\/wp\/v2\/users\/2"}],"replies":[{"embeddable":true,"href":"https:\/\/senoticias.com.br\/se\/wp-json\/wp\/v2\/comments?post=97859"}],"version-history":[{"count":0,"href":"https:\/\/senoticias.com.br\/se\/wp-json\/wp\/v2\/posts\/97859\/revisions"}],"wp:featuredmedia":[{"embeddable":true,"href":"https:\/\/senoticias.com.br\/se\/wp-json\/wp\/v2\/media\/97860"}],"wp:attachment":[{"href":"https:\/\/senoticias.com.br\/se\/wp-json\/wp\/v2\/media?parent=97859"}],"wp:term":[{"taxonomy":"category","embeddable":true,"href":"https:\/\/senoticias.com.br\/se\/wp-json\/wp\/v2\/categories?post=97859"},{"taxonomy":"post_tag","embeddable":true,"href":"https:\/\/senoticias.com.br\/se\/wp-json\/wp\/v2\/tags?post=97859"}],"curies":[{"name":"wp","href":"https:\/\/api.w.org\/{rel}","templated":true}]}}